{"id":74027,"date":"2018-05-06T22:16:44","date_gmt":"2018-05-06T19:16:44","guid":{"rendered":"https:\/\/www.enerjigazetesi.ist\/?p=74027"},"modified":"2018-05-06T22:16:44","modified_gmt":"2018-05-06T19:16:44","slug":"avrupa-birliginde-2017-yilinda-karbon-emisyonu-artis-gosterdi","status":"publish","type":"post","link":"https:\/\/www.enerjigazetesi.ist\/en\/avrupa-birliginde-2017-yilinda-karbon-emisyonu-artis-gosterdi\/","title":{"rendered":"(Turkish) Avrupa Birli\u011fi&#8217;nde 2017 Y\u0131l\u0131nda Karbon Emisyonu Art\u0131\u015f G\u00f6sterdi"},"content":{"rendered":"<p class=\"qtranxs-available-languages-message qtranxs-available-languages-message-en\">Sorry, this entry is only available in <a href=\"https:\/\/www.enerjigazetesi.ist\/tr\/wp-json\/wp\/v2\/posts\/74027\" class=\"qtranxs-available-language-link qtranxs-available-language-link-tr\" title=\"Turkish\">Turkish<\/a>. For the sake of viewer convenience, the content is shown below in the alternative language. You may click the link to switch the active language.<\/p><p><strong><img loading=\"lazy\" class=\" wp-image-41410 alignright\" src=\"https:\/\/www.enerjigazetesi.ist\/wp-content\/uploads\/2015\/07\/cinde-karbon-emisyon-artis-hizi-yavasliyor-300x300.jpg\" alt=\"\" width=\"260\" height=\"217\" \/><\/strong><\/p>\n<p><strong>Avrupa Birli\u011fi&#8217;nde 2017 y\u0131l\u0131nda fosil yak\u0131t kullan\u0131m\u0131n\u0131n art\u0131\u015f\u0131na ba\u011fl\u0131 olarak karbon emisyonu y\u00fczde 1.8 oran\u0131nda art\u0131\u015f g\u00f6sterdi.<\/strong><\/p>\n<p>Avrupa istatistik ajans\u0131 Eurostat&#8217;\u0131n verilerine g\u00f6re, AB&#8217;de karon emisyonu 2016&#8217;ya g\u00f6re y\u00fczde 1,8 art\u0131\u015f g\u00f6sterdi.<\/p>\n<p>Yay\u0131mlanan verilere g\u00f6re Estonya ve Malta&#8217;da \u00e7ift haneli rakamlar d\u00fczeyinde art\u0131\u015f ya\u015fan\u0131rken Finlandiya ve Danimarka&#8217;n\u0131n karbon emisyonu d\u00fc\u015ft\u00fc. Almanya&#8217;da ise bu d\u00fc\u015f\u00fc\u015f \u00e7ok az oldu. AB&#8217;nin 2030&#8217;a kadar karbon emisyonunu 1990 seviyesine g\u00f6re y\u00fczde 40 oran\u0131nda d\u00fc\u015f\u00fcrmesi \u00f6ng\u00f6r\u00fclmektedir.<\/p>","protected":false},"excerpt":{"rendered":"<p>Sorry, this entry is only available in Turkish. For the sake of viewer convenience, the content is shown below in the alternative language. You may click the link to switch the active language. Avrupa Birli\u011fi&#8217;nde 2017 y\u0131l\u0131nda fosil yak\u0131t kullan\u0131m\u0131n\u0131n art\u0131\u015f\u0131na ba\u011fl\u0131 olarak karbon emisyonu y\u00fczde 1.8 oran\u0131nda art\u0131\u015f g\u00f6sterdi. Avrupa istatistik ajans\u0131 Eurostat&#8217;\u0131n verilerine [&hellip;]<\/p>\n","protected":false},"author":1,"featured_media":41410,"comment_status":"open","ping_status":"open","sticky":false,"template":"","format":"standard","meta":[],"categories":[53,52],"tags":[1192,2132,67,1009,3344],"views":804,"_links":{"self":[{"href":"https:\/\/www.enerjigazetesi.ist\/en\/wp-json\/wp\/v2\/posts\/74027"}],"collection":[{"href":"https:\/\/www.enerjigazetesi.ist\/en\/wp-json\/wp\/v2\/posts"}],"about":[{"href":"https:\/\/www.enerjigazetesi.ist\/en\/wp-json\/wp\/v2\/types\/post"}],"author":[{"embeddable":true,"href":"https:\/\/www.enerjigazetesi.ist\/en\/wp-json\/wp\/v2\/users\/1"}],"replies":[{"embeddable":true,"href":"https:\/\/www.enerjigazetesi.ist\/en\/wp-json\/wp\/v2\/comments?post=74027"}],"version-history":[{"count":1,"href":"https:\/\/www.enerjigazetesi.ist\/en\/wp-json\/wp\/v2\/posts\/74027\/revisions"}],"predecessor-version":[{"id":74028,"href":"https:\/\/www.enerjigazetesi.ist\/en\/wp-json\/wp\/v2\/posts\/74027\/revisions\/74028"}],"wp:featuredmedia":[{"embeddable":true,"href":"https:\/\/www.enerjigazetesi.ist\/en\/wp-json\/wp\/v2\/media\/41410"}],"wp:attachment":[{"href":"https:\/\/www.enerjigazetesi.ist\/en\/wp-json\/wp\/v2\/media?parent=74027"}],"wp:term":[{"taxonomy":"category","embeddable":true,"href":"https:\/\/www.enerjigazetesi.ist\/en\/wp-json\/wp\/v2\/categories?post=74027"},{"taxonomy":"post_tag","embeddable":true,"href":"https:\/\/www.enerjigazetesi.ist\/en\/wp-json\/wp\/v2\/tags?post=74027"}],"curies":[{"name":"wp","href":"https:\/\/api.w.org\/{rel}","templated":true}]}}