{"id":74025,"date":"2018-05-06T22:06:30","date_gmt":"2018-05-06T19:06:30","guid":{"rendered":"https:\/\/www.enerjigazetesi.ist\/?p=74025"},"modified":"2018-05-06T22:06:30","modified_gmt":"2018-05-06T19:06:30","slug":"yeni-nesil-yekalarda-ruzgar-ve-gunese-depolama-da-ilave-edilecek","status":"publish","type":"post","link":"https:\/\/www.enerjigazetesi.ist\/en\/yeni-nesil-yekalarda-ruzgar-ve-gunese-depolama-da-ilave-edilecek\/","title":{"rendered":"(Turkish) Yeni Nesil YEKA&#8217;larda R\u00fczgar ve G\u00fcne\u015f&#8217;e Depolama da \u0130lave Edilecek"},"content":{"rendered":"<p class=\"qtranxs-available-languages-message qtranxs-available-languages-message-en\">Sorry, this entry is only available in <a href=\"https:\/\/www.enerjigazetesi.ist\/tr\/wp-json\/wp\/v2\/posts\/74025\" class=\"qtranxs-available-language-link qtranxs-available-language-link-tr\" title=\"Turkish\">Turkish<\/a>. For the sake of viewer convenience, the content is shown below in the alternative language. You may click the link to switch the active language.<\/p><p><strong>T\u00fcrkiye&#8217;nin enerji a\u00e7\u0131\u011f\u0131n\u0131 kapatarak enerji ithalat\u0131 giderini d\u00fc\u015f\u00fcrmek i\u00e7in Enerji ve Tabii Kaynaklar Bakanl\u0131\u011f\u0131\u2019n\u0131n yeni yol haritas\u0131nda \u00f6nemli yeri olan yenilenebilir kaynak alan\u0131 (YEKA) uygulamas\u0131d\u0131r. Ge\u00e7ti\u011fimiz y\u0131l a\u00e7\u0131lan, biri r\u00fczgar biri g\u00fcne\u015f olmak \u00fczere 1000\u2019er MW\u2019lik iki YEKA ihalesi b\u00fct\u00fcn d\u00fcnyada geni\u015f yank\u0131 uyand\u0131rd\u0131.<\/strong><\/p>\n<p><img loading=\"lazy\" class=\"alignleft size-medium wp-image-10264\" src=\"https:\/\/www.enerjigazetesi.ist\/wp-content\/uploads\/2013\/04\/ruzgar-ve-gunes-enerji-si-300x185.jpg\" alt=\"\" width=\"300\" height=\"185\" srcset=\"https:\/\/www.enerjigazetesi.ist\/wp-content\/uploads\/2013\/04\/ruzgar-ve-gunes-enerji-si-300x185.jpg 300w, https:\/\/www.enerjigazetesi.ist\/wp-content\/uploads\/2013\/04\/ruzgar-ve-gunes-enerji-si-80x50.jpg 80w, https:\/\/www.enerjigazetesi.ist\/wp-content\/uploads\/2013\/04\/ruzgar-ve-gunes-enerji-si.jpg 405w\" sizes=\"(max-width: 300px) 100vw, 300px\" \/>Ge\u00e7ti\u011fimiz g\u00fcnlerde bakanl\u0131k \u00fc\u00e7 yeni g\u00fcne\u015f enerjisi ve \u00fc\u00e7 yeni r\u00fczgar enerjisi YEKA aday alanlar\u0131n\u0131 belirledi. Son zamanlarda G\u00dcNDER ve ELTEMTEK\u2019in beraber d\u00fczenledi\u011fi Yenilenebilir Enerji Depolama ve Elektrikli Ara\u00e7 Teknolojileri \u00c7al\u0131\u015ftay\u0131\u2019nda YEGM Yeni Teknolojiler Daire Ba\u015fkan\u0131 \u00d6zt\u00fcrk, enerji depolamas\u0131n\u0131n, YEKA projelerinde de de\u011ferlendirilece\u011fini dile getirdi.<\/p>\n<p>Al\u0131nan bilgiye g\u00f6re gelecek g\u00fcne\u015f enerjisi YEKA&#8217;s\u0131nda 1.000 MW b\u00fcy\u00fckl\u00fc\u011f\u00fcnde g\u00fcne\u015f enerjisi santralinin yan\u0131na y\u00fczde 5-10 oran\u0131 aral\u0131\u011f\u0131nda depolama eklenmesinin g\u00f6r\u00fc\u015fmeleri de yap\u0131lmaktad\u0131r.\u00a0G\u00fcne\u015fte Karaman ilinin enerji \u0131\u015f\u0131 verileri y\u00fcksek ve REPA haritas\u0131 incelendi\u011finde Karaman\u2019\u0131n verimli r\u00fczgar sahalar\u0131 da yer ald\u0131\u011f\u0131 g\u00f6r\u00fclmektedir&#8230;<\/p>","protected":false},"excerpt":{"rendered":"<p>Sorry, this entry is only available in Turkish. For the sake of viewer convenience, the content is shown below in the alternative language. You may click the link to switch the active language.T\u00fcrkiye&#8217;nin enerji a\u00e7\u0131\u011f\u0131n\u0131 kapatarak enerji ithalat\u0131 giderini d\u00fc\u015f\u00fcrmek i\u00e7in Enerji ve Tabii Kaynaklar Bakanl\u0131\u011f\u0131\u2019n\u0131n yeni yol haritas\u0131nda \u00f6nemli yeri olan yenilenebilir kaynak alan\u0131 [&hellip;]<\/p>\n","protected":false},"author":1,"featured_media":10264,"comment_status":"open","ping_status":"open","sticky":false,"template":"","format":"standard","meta":[],"categories":[51,53,49,50],"tags":[15900,2258,67,1009,2326,227,23416,2054,474,69,24949,25578],"views":1209,"_links":{"self":[{"href":"https:\/\/www.enerjigazetesi.ist\/en\/wp-json\/wp\/v2\/posts\/74025"}],"collection":[{"href":"https:\/\/www.enerjigazetesi.ist\/en\/wp-json\/wp\/v2\/posts"}],"about":[{"href":"https:\/\/www.enerjigazetesi.ist\/en\/wp-json\/wp\/v2\/types\/post"}],"author":[{"embeddable":true,"href":"https:\/\/www.enerjigazetesi.ist\/en\/wp-json\/wp\/v2\/users\/1"}],"replies":[{"embeddable":true,"href":"https:\/\/www.enerjigazetesi.ist\/en\/wp-json\/wp\/v2\/comments?post=74025"}],"version-history":[{"count":1,"href":"https:\/\/www.enerjigazetesi.ist\/en\/wp-json\/wp\/v2\/posts\/74025\/revisions"}],"predecessor-version":[{"id":74026,"href":"https:\/\/www.enerjigazetesi.ist\/en\/wp-json\/wp\/v2\/posts\/74025\/revisions\/74026"}],"wp:featuredmedia":[{"embeddable":true,"href":"https:\/\/www.enerjigazetesi.ist\/en\/wp-json\/wp\/v2\/media\/10264"}],"wp:attachment":[{"href":"https:\/\/www.enerjigazetesi.ist\/en\/wp-json\/wp\/v2\/media?parent=74025"}],"wp:term":[{"taxonomy":"category","embeddable":true,"href":"https:\/\/www.enerjigazetesi.ist\/en\/wp-json\/wp\/v2\/categories?post=74025"},{"taxonomy":"post_tag","embeddable":true,"href":"https:\/\/www.enerjigazetesi.ist\/en\/wp-json\/wp\/v2\/tags?post=74025"}],"curies":[{"name":"wp","href":"https:\/\/api.w.org\/{rel}","templated":true}]}}