{"id":74011,"date":"2018-05-05T21:42:40","date_gmt":"2018-05-05T18:42:40","guid":{"rendered":"https:\/\/www.enerjigazetesi.ist\/?p=74011"},"modified":"2018-05-05T21:44:45","modified_gmt":"2018-05-05T18:44:45","slug":"irenec-2018-yenilenebilir-enerji-liderlerini-bir-araya-getiriyor","status":"publish","type":"post","link":"https:\/\/www.enerjigazetesi.ist\/en\/irenec-2018-yenilenebilir-enerji-liderlerini-bir-araya-getiriyor\/","title":{"rendered":"(Turkish) IRENEC 2018, Yenilenebilir Enerji Liderlerini Bir Araya Getiriyor"},"content":{"rendered":"<p class=\"qtranxs-available-languages-message qtranxs-available-languages-message-en\">Sorry, this entry is only available in <a href=\"https:\/\/www.enerjigazetesi.ist\/tr\/wp-json\/wp\/v2\/posts\/74011\" class=\"qtranxs-available-language-link qtranxs-available-language-link-tr\" title=\"Turkish\">Turkish<\/a>. For the sake of viewer convenience, the content is shown below in the alternative language. You may click the link to switch the active language.<\/p><p><strong> Uluslararas\u0131 %100 Yenilenebilir Enerji Konferans\u0131 &#8220;IRENEC 2018&#8221;, Jeotermal Elektrik Santral Yat\u0131r\u0131mc\u0131lar\u0131 Derne\u011fi&#8217;nin de (JESDER) deste\u011fiyle, 7 &#8211; 9 May\u0131s tarihleri aras\u0131nda \u0130stanbul Maltepe T\u00fcrkan Saylan K\u00fclt\u00fcr Merkezi&#8217;nde ger\u00e7ekle\u015fecek. <\/strong><\/p>\n<p>%100 Yenilenebilir Enerji Konferans\u0131 IRENEC 2018\u2019de JESDER Ba\u015fkan\u0131 Ufuk \u015eent\u00fcrk, T\u00fcrkiye<img loading=\"lazy\" class=\"alignright size-medium wp-image-74012\" src=\"https:\/\/www.enerjigazetesi.ist\/wp-content\/uploads\/2018\/05\/irenec-2018-yenilenebilir-enerji-liderlerini-bir-araya-getiriyor-286x300.jpg\" alt=\"\" width=\"286\" height=\"300\" srcset=\"https:\/\/www.enerjigazetesi.ist\/wp-content\/uploads\/2018\/05\/irenec-2018-yenilenebilir-enerji-liderlerini-bir-araya-getiriyor-286x300.jpg 286w, https:\/\/www.enerjigazetesi.ist\/wp-content\/uploads\/2018\/05\/irenec-2018-yenilenebilir-enerji-liderlerini-bir-araya-getiriyor-768x806.jpg 768w, https:\/\/www.enerjigazetesi.ist\/wp-content\/uploads\/2018\/05\/irenec-2018-yenilenebilir-enerji-liderlerini-bir-araya-getiriyor-976x1024.jpg 976w, https:\/\/www.enerjigazetesi.ist\/wp-content\/uploads\/2018\/05\/irenec-2018-yenilenebilir-enerji-liderlerini-bir-araya-getiriyor-381x400.jpg 381w, https:\/\/www.enerjigazetesi.ist\/wp-content\/uploads\/2018\/05\/irenec-2018-yenilenebilir-enerji-liderlerini-bir-araya-getiriyor-48x50.jpg 48w, https:\/\/www.enerjigazetesi.ist\/wp-content\/uploads\/2018\/05\/irenec-2018-yenilenebilir-enerji-liderlerini-bir-araya-getiriyor.jpg 1000w\" sizes=\"(max-width: 286px) 100vw, 286px\" \/> Yenilenebilir Enerji Birli\u011fi Eurosolar Ba\u015fkan\u0131 Prof. Dr. Tanay S\u0131dk\u0131 Uyar, G\u00fcne\u015f Enerjisi Sanayicileri ve End\u00fcstrisi Derne\u011fi GENSED Ba\u015fkan\u0131 Prof. Dr. \u015eener Oktik, Biyoenerji Derne\u011fi B\u0130YODER Ba\u015fkan\u0131 Halil Tolga \u0130l\u00e7in, Enerji Verimlili\u011fi ve Y\u00f6netimi Derne\u011fi EYODER Ba\u015fkan\u0131 Cihan Karam\u0131k, TMMOB \u00c7evre M\u00fchendisleri Odas\u0131 Ba\u015fkan\u0131 Baran Bozo\u011flu, TMMOB Elektrik M\u00fchendisleri Odas\u0131 Ba\u015fkan\u0131 Gazi \u0130pek, Marmara \u00dcniversitesi Fen Bilimleri Enstit\u00fcs\u00fc M\u00fcd\u00fcr\u00fc Prof. Dr. B\u00fclent Ekici gibi liderler konu\u015fma yapacaklar.<\/p>\n<p>Konferans kapsam\u0131nda EPDK ile ilgili bir oturum da d\u00fczenlenecek. Bu oturumda EPDK Piyasa \u0130zleme ve Mevzuat Grup Ba\u015fkan\u0131 Dr. Mustafa G\u00f6zen, EPDK Grup Ba\u015fkanlar\u0131 Deniz Da\u015ftan, Ertu\u011frul Y\u0131ld\u0131z ve Refik Tiryaki birer konu\u015fma ger\u00e7ekle\u015ftirecekler.<\/p>\n<p>Konferans\u0131n uluslararas\u0131 konu\u015fmac\u0131lar\u0131 aras\u0131nda ise ABD Enerji Bakanl\u0131\u011f\u0131&#8217;ndan Dr. Robert Dixon, \u0130talyan Yanmar R&amp;D Europe&#8217;dan Lorenzo Pezzola gibi isimler bulunuyor.<\/p>\n<p><strong>\u201cYEN\u0130LENEB\u0130L\u0130R ENERJ\u0130YE K\u00dcRESEL GE\u00c7\u0130\u015eE KATKI\u201d<\/strong><\/p>\n<p>IRENEC 2018 ve T\u00fcrkiye Yenilenebilir Enerji Birli\u011fi\u00a0 EUROSOLAR T\u00fcrkiye Ba\u015fkan\u0131 Tanay S\u0131dk\u0131 Uyar, Konferans hakk\u0131nda yapt\u0131\u011f\u0131 de\u011ferlendirmede, insanl\u0131\u011f\u0131n yenilenebilir enerjilerin ta\u015f\u0131d\u0131\u011f\u0131 kaliteyi her ge\u00e7en g\u00fcn daha \u00e7ok ke\u015ffetti\u011fini ve kulland\u0131\u011f\u0131n\u0131 belirterek \u015f\u00f6yle dedi: &#8220;Atmosferin her k\u00f6\u015fesinde mevcut olan yenilenebilir enerji kaynaklar\u0131, ihtiya\u00e7 oldu\u011funda elektri\u011fe ve proses \u0131s\u0131s\u0131na d\u00f6n\u00fc\u015ft\u00fcr\u00fclmek \u00fczere haz\u0131r bekliyor. Hareket eden havan\u0131n kinetik enerjisi, biok\u00fctlede depolanan kimyasal enerji, jeotermal kaynaklar ve g\u00fcne\u015fin \u0131s\u0131s\u0131 ve \u0131\u015f\u0131\u011f\u0131 yery\u00fcz\u00fcn\u00fcn d\u00f6rt bir yan\u0131nda, tamamen \u00fccretsiz olarak mevcutlar. Yery\u00fcz\u00fcndeki ya\u015fam alan\u0131n\u0131n ana enerji kayna\u011f\u0131 olarak g\u00fcne\u015f ve onun t\u00fcrevleri eskiden de mevcuttu, bug\u00fcn de mevcut ve gelecekte de mevcut olacak.<\/p>\n<p>Yenilenebilir enerjiye k\u00fcresel olarak sa\u011flanan destek, yenilenebilir kaynaklar\u0131n pazara girmesine olanak sa\u011flad\u0131. Bug\u00fcn r\u00fczgar ve g\u00fcne\u015f enerjisi, d\u00fcnyan\u0131n pek \u00e7ok b\u00f6lgesinde elektrik \u00fcretmenin en ucuz yollar\u0131 haline geldi.<\/p>\n<p>%100 yenilenebilir enerji karmas\u0131na ula\u015fmaya \u00e7al\u0131\u015fan \u015fehirler ve \u00fclkeler, ak\u0131ll\u0131 \u015febekelerle ve yenilenebilir enerji depolama sistemleriyle sanayi, ula\u015f\u0131m ve binalar i\u00e7in daha fazla yenilenebilir enerji tedarik edebilmek amac\u0131yla gereken altyap\u0131y\u0131 haz\u0131rlamaya \u00e7al\u0131\u015f\u0131yorlar.<\/p>\n<p>Yenilenebilir enerji atmosferimizin her k\u00f6\u015fesinde mevcut oldu\u011fu i\u00e7in Topluluk Enerjisi (yerel halk\u0131n bireysel veya kooperatifler ve belediyeler arac\u0131l\u0131\u011f\u0131yla karar verme s\u00fcrecine kat\u0131lmas\u0131 ve kendi enerji \u00fcretim tesislerinin sahibi olmas\u0131) %100 yenilenebilir enerji gelece\u011fine ge\u00e7i\u015f i\u00e7in en etkili yakla\u015f\u0131m haline geliyor.<\/p>\n<p>IRENEC 2018\u2019de, %100 yenilenebilir enerji toplumlar\u0131na ge\u00e7i\u015fle ilgili ya\u015fanan zorluklar, engeller, f\u0131rsatlar ve \u00e7\u00f6z\u00fcmler hakk\u0131ndaki k\u00fcresel deneyimleri payla\u015f\u0131p bunlardan derslerimizi \u00e7\u0131kararak %100 Yenilenebilir Enerjiye K\u00fcresel Ge\u00e7i\u015fe kendi katk\u0131m\u0131z\u0131 yapaca\u011f\u0131z.&#8221;<\/p>","protected":false},"excerpt":{"rendered":"<p>Sorry, this entry is only available in Turkish. For the sake of viewer convenience, the content is shown below in the alternative language. You may click the link to switch the active language. Uluslararas\u0131 %100 Yenilenebilir Enerji Konferans\u0131 &#8220;IRENEC 2018&#8221;, Jeotermal Elektrik Santral Yat\u0131r\u0131mc\u0131lar\u0131 Derne\u011fi&#8217;nin de (JESDER) deste\u011fiyle, 7 &#8211; 9 May\u0131s tarihleri aras\u0131nda \u0130stanbul [&hellip;]<\/p>\n","protected":false},"author":1,"featured_media":74012,"comment_status":"open","ping_status":"open","sticky":false,"template":"","format":"standard","meta":[],"categories":[22893,53,52,49,48,50],"tags":[14461,67,1009,37566,4810],"views":1238,"_links":{"self":[{"href":"https:\/\/www.enerjigazetesi.ist\/en\/wp-json\/wp\/v2\/posts\/74011"}],"collection":[{"href":"https:\/\/www.enerjigazetesi.ist\/en\/wp-json\/wp\/v2\/posts"}],"about":[{"href":"https:\/\/www.enerjigazetesi.ist\/en\/wp-json\/wp\/v2\/types\/post"}],"author":[{"embeddable":true,"href":"https:\/\/www.enerjigazetesi.ist\/en\/wp-json\/wp\/v2\/users\/1"}],"replies":[{"embeddable":true,"href":"https:\/\/www.enerjigazetesi.ist\/en\/wp-json\/wp\/v2\/comments?post=74011"}],"version-history":[{"count":1,"href":"https:\/\/www.enerjigazetesi.ist\/en\/wp-json\/wp\/v2\/posts\/74011\/revisions"}],"predecessor-version":[{"id":74013,"href":"https:\/\/www.enerjigazetesi.ist\/en\/wp-json\/wp\/v2\/posts\/74011\/revisions\/74013"}],"wp:featuredmedia":[{"embeddable":true,"href":"https:\/\/www.enerjigazetesi.ist\/en\/wp-json\/wp\/v2\/media\/74012"}],"wp:attachment":[{"href":"https:\/\/www.enerjigazetesi.ist\/en\/wp-json\/wp\/v2\/media?parent=74011"}],"wp:term":[{"taxonomy":"category","embeddable":true,"href":"https:\/\/www.enerjigazetesi.ist\/en\/wp-json\/wp\/v2\/categories?post=74011"},{"taxonomy":"post_tag","embeddable":true,"href":"https:\/\/www.enerjigazetesi.ist\/en\/wp-json\/wp\/v2\/tags?post=74011"}],"curies":[{"name":"wp","href":"https:\/\/api.w.org\/{rel}","templated":true}]}}