{"id":74008,"date":"2018-05-05T21:29:15","date_gmt":"2018-05-05T18:29:15","guid":{"rendered":"https:\/\/www.enerjigazetesi.ist\/?p=74008"},"modified":"2018-05-05T21:30:53","modified_gmt":"2018-05-05T18:30:53","slug":"almanyadan-gunes-ve-ruzgar-enerjisi-alaninda-yeni-bir-rekor-kirildi","status":"publish","type":"post","link":"https:\/\/www.enerjigazetesi.ist\/en\/almanyadan-gunes-ve-ruzgar-enerjisi-alaninda-yeni-bir-rekor-kirildi\/","title":{"rendered":"(Turkish) Almanya&#8217;dan G\u00fcne\u015f ve R\u00fczgar Enerjisi Alan\u0131nda Yeni Bir Rekor"},"content":{"rendered":"<p class=\"qtranxs-available-languages-message qtranxs-available-languages-message-en\">Sorry, this entry is only available in <a href=\"https:\/\/www.enerjigazetesi.ist\/tr\/wp-json\/wp\/v2\/posts\/74008\" class=\"qtranxs-available-language-link qtranxs-available-language-link-tr\" title=\"Turkish\">Turkish<\/a>. For the sake of viewer convenience, the content is shown below in the alternative language. You may click the link to switch the active language.<\/p><p><strong>Almanya enstit\u00fcs\u00fc IRW\u2019nin ge\u00e7ici istatistiklerine g\u00f6re, Almanya\u2019daki G\u00fcne\u015f Enerji sistemleri Mart ay\u0131nda bir \u00f6nceki y\u0131l\u0131n ayn\u0131 ay\u0131na g\u00f6re% 35 art\u0131\u015fla ve \u015eubat 2017 g\u00f6re % 118 oran\u0131nda art\u0131\u015fla yakla\u015f\u0131k 3,3 milyar kWh sa\u011flad\u0131.<\/strong><\/p>\n<p><img loading=\"lazy\" class=\"alignleft wp-image-14867 size-medium\" src=\"https:\/\/www.enerjigazetesi.ist\/wp-content\/uploads\/2013\/09\/avustralya-nin-elektriginin-yarisi-gunes-ve-ruzgar-enerjisi-ile-yesilleniyor-300x203.jpg\" alt=\"almanyadan-gunes-ve-ruzgar-enerjisinde-yeni-rekor\" width=\"300\" height=\"203\" srcset=\"https:\/\/www.enerjigazetesi.ist\/wp-content\/uploads\/2013\/09\/avustralya-nin-elektriginin-yarisi-gunes-ve-ruzgar-enerjisi-ile-yesilleniyor-300x203.jpg 300w, https:\/\/www.enerjigazetesi.ist\/wp-content\/uploads\/2013\/09\/avustralya-nin-elektriginin-yarisi-gunes-ve-ruzgar-enerjisi-ile-yesilleniyor-73x50.jpg 73w, https:\/\/www.enerjigazetesi.ist\/wp-content\/uploads\/2013\/09\/avustralya-nin-elektriginin-yarisi-gunes-ve-ruzgar-enerjisi-ile-yesilleniyor.jpg 420w\" sizes=\"(max-width: 300px) 100vw, 300px\" \/>Almanya\u2019da kurulu R\u00fczgar ve G\u00fcne\u015f enerji sistemleri Mart ay\u0131nda yakla\u015f\u0131k 12.5 milyar kWh \u00fcretti. Yay\u0131nlanan verilere g\u00f6re, \u00fclkede kaydedilen r\u00fczgar ve g\u00fcne\u015f enerjisi kaynaklar\u0131ndan elde edilen en b\u00fcy\u00fck \u00fcretim Mart ay\u0131nda ger\u00e7ekle\u015fti.<\/p>\n<p>G\u00fcne\u015f ve r\u00fczgar taraf\u0131ndan belirlenen bir \u00f6nceki rekor Aral\u0131k 2015\u2019te kaydedildi ve yakla\u015f\u0131k 12.4 milyar kWh g\u00fc\u00e7 \u00fcretildi.<\/p>\n<p>Mart ay\u0131nda her iki kaynaktan toplam \u00fcretim Mart 2016\u2019ya kadar % 50 ve \u015eubat 2017\u2019den% 10 artt\u0131. Bu b\u00fcy\u00fcme temel olarak g\u00fcne\u015f enerji sistemleri taraf\u0131ndan sa\u011fland\u0131.<\/p>\n<p>R\u00fczgar enerjisi \u00fcretimi Mart ay\u0131nda 9.3 milyar kWh olarak ger\u00e7ekle\u015ferek, bir \u00f6nceki aya g\u00f6re hafif bir d\u00fc\u015f\u00fc\u015f ya\u015fad\u0131 ve Mart 2016\u2019ya g\u00f6re% 54 art\u0131\u015f g\u00f6sterdi.<\/p>","protected":false},"excerpt":{"rendered":"<p>Sorry, this entry is only available in Turkish. For the sake of viewer convenience, the content is shown below in the alternative language. You may click the link to switch the active language.Almanya enstit\u00fcs\u00fc IRW\u2019nin ge\u00e7ici istatistiklerine g\u00f6re, Almanya\u2019daki G\u00fcne\u015f Enerji sistemleri Mart ay\u0131nda bir \u00f6nceki y\u0131l\u0131n ayn\u0131 ay\u0131na g\u00f6re% 35 art\u0131\u015fla ve \u015eubat 2017 [&hellip;]<\/p>\n","protected":false},"author":1,"featured_media":14867,"comment_status":"open","ping_status":"open","sticky":false,"template":"","format":"standard","meta":[],"categories":[53,49,50],"tags":[67,1009,2326,23416,2569,474,24949,231],"views":710,"_links":{"self":[{"href":"https:\/\/www.enerjigazetesi.ist\/en\/wp-json\/wp\/v2\/posts\/74008"}],"collection":[{"href":"https:\/\/www.enerjigazetesi.ist\/en\/wp-json\/wp\/v2\/posts"}],"about":[{"href":"https:\/\/www.enerjigazetesi.ist\/en\/wp-json\/wp\/v2\/types\/post"}],"author":[{"embeddable":true,"href":"https:\/\/www.enerjigazetesi.ist\/en\/wp-json\/wp\/v2\/users\/1"}],"replies":[{"embeddable":true,"href":"https:\/\/www.enerjigazetesi.ist\/en\/wp-json\/wp\/v2\/comments?post=74008"}],"version-history":[{"count":2,"href":"https:\/\/www.enerjigazetesi.ist\/en\/wp-json\/wp\/v2\/posts\/74008\/revisions"}],"predecessor-version":[{"id":74010,"href":"https:\/\/www.enerjigazetesi.ist\/en\/wp-json\/wp\/v2\/posts\/74008\/revisions\/74010"}],"wp:featuredmedia":[{"embeddable":true,"href":"https:\/\/www.enerjigazetesi.ist\/en\/wp-json\/wp\/v2\/media\/14867"}],"wp:attachment":[{"href":"https:\/\/www.enerjigazetesi.ist\/en\/wp-json\/wp\/v2\/media?parent=74008"}],"wp:term":[{"taxonomy":"category","embeddable":true,"href":"https:\/\/www.enerjigazetesi.ist\/en\/wp-json\/wp\/v2\/categories?post=74008"},{"taxonomy":"post_tag","embeddable":true,"href":"https:\/\/www.enerjigazetesi.ist\/en\/wp-json\/wp\/v2\/tags?post=74008"}],"curies":[{"name":"wp","href":"https:\/\/api.w.org\/{rel}","templated":true}]}}