{"id":74001,"date":"2018-05-05T21:14:02","date_gmt":"2018-05-05T18:14:02","guid":{"rendered":"https:\/\/www.enerjigazetesi.ist\/?p=74001"},"modified":"2018-05-05T21:15:11","modified_gmt":"2018-05-05T18:15:11","slug":"sanliurfa-gunes-enerjisinin-yeni-yatirim-merkezi-konumuna-gelecek","status":"publish","type":"post","link":"https:\/\/www.enerjigazetesi.ist\/en\/sanliurfa-gunes-enerjisinin-yeni-yatirim-merkezi-konumuna-gelecek\/","title":{"rendered":"(Turkish) \u015eanl\u0131urfa G\u00fcne\u015f Enerjisinin Yeni Yat\u0131r\u0131m Merkezi Konumuna Gelecek"},"content":{"rendered":"<p class=\"qtranxs-available-languages-message qtranxs-available-languages-message-en\">Sorry, this entry is only available in <a href=\"https:\/\/www.enerjigazetesi.ist\/tr\/wp-json\/wp\/v2\/posts\/74001\" class=\"qtranxs-available-language-link qtranxs-available-language-link-tr\" title=\"Turkish\">Turkish<\/a>. For the sake of viewer convenience, the content is shown below in the alternative language. You may click the link to switch the active language.<\/p><p><strong>Y\u0131ll\u0131k 3 bin saat g\u00fcne\u015flenme s\u00fcresine sahip olan \u015eanl\u0131urfa, yerli ve yabanc\u0131 firmalar\u0131n, yenilenebilir enerji kaynaklar\u0131na yat\u0131r\u0131m konusunda \u00f6n plana \u00e7\u0131kmaktad\u0131r.<\/strong><\/p>\n<p><img loading=\"lazy\" class=\"alignleft size-medium wp-image-74002\" src=\"https:\/\/www.enerjigazetesi.ist\/wp-content\/uploads\/2018\/05\/sanliurfa-gunes-enerjisinin-yeni-yatirim-merkezi-konumuna-gelecek-300x150.jpg\" alt=\"\" width=\"300\" height=\"150\" srcset=\"https:\/\/www.enerjigazetesi.ist\/wp-content\/uploads\/2018\/05\/sanliurfa-gunes-enerjisinin-yeni-yatirim-merkezi-konumuna-gelecek-300x150.jpg 300w, https:\/\/www.enerjigazetesi.ist\/wp-content\/uploads\/2018\/05\/sanliurfa-gunes-enerjisinin-yeni-yatirim-merkezi-konumuna-gelecek-500x250.jpg 500w, https:\/\/www.enerjigazetesi.ist\/wp-content\/uploads\/2018\/05\/sanliurfa-gunes-enerjisinin-yeni-yatirim-merkezi-konumuna-gelecek-80x40.jpg 80w, https:\/\/www.enerjigazetesi.ist\/wp-content\/uploads\/2018\/05\/sanliurfa-gunes-enerjisinin-yeni-yatirim-merkezi-konumuna-gelecek.jpg 640w\" sizes=\"(max-width: 300px) 100vw, 300px\" \/>Yat\u0131r\u0131m plan\u0131 olu\u015fturmak \u00fczere, \u015eanl\u0131urfa Ticaret ve Sanayi Odas\u0131 Ba\u015fkan\u0131 Halil Peltek\u2019e ziyarette bulunan Girsheen Company Ba\u015fkan\u0131, Irak Eski Enerji Bakan\u0131 Aziz Barwari ve KPC Ba\u015fkan\u0131 Cemal Alemdar \u201c\u015eanl\u0131urfa\u2019ya g\u00fcne\u015f enerjisi yat\u0131r\u0131mlar\u0131 kazanl\u0131 bir giri\u015fimdir\u201d de\u011ferlendirmesi yapt\u0131lar. \u015eanl\u0131urfa\u2019da g\u00fcne\u015f enerjisi potansiyelinin y\u00fcksek olmas\u0131 ve devlet te\u015fvik paketleri ile desteklenmesi sonucunda b\u00f6lgeye yat\u0131r\u0131m yapmak istediklerini belirttiler.<\/p>\n<p>De\u011ferlendirmede bulunan Ba\u015fkan \u0130.Halil Peltek, \u201cH\u00fck\u00fcmetimizin te\u015fvik paketi ile de destekledi\u011fi, ayn\u0131 zamanda elektrik enerjisi problemleri nedeniyle sorun ya\u015fayan \u00e7ift\u00e7iler i\u00e7in de gelecek d\u00f6nemlerde yeni bir alternatif olarak \u00f6n plana \u00e7\u0131kan yenilenebilir enerji kaynaklar\u0131ndan g\u00fcne\u015f enerjisi yat\u0131r\u0131mlar\u0131 daha da artmal\u0131 ifadelerini kulland\u0131.<\/p>","protected":false},"excerpt":{"rendered":"<p>Sorry, this entry is only available in Turkish. For the sake of viewer convenience, the content is shown below in the alternative language. You may click the link to switch the active language.Y\u0131ll\u0131k 3 bin saat g\u00fcne\u015flenme s\u00fcresine sahip olan \u015eanl\u0131urfa, yerli ve yabanc\u0131 firmalar\u0131n, yenilenebilir enerji kaynaklar\u0131na yat\u0131r\u0131m konusunda \u00f6n plana \u00e7\u0131kmaktad\u0131r. Yat\u0131r\u0131m plan\u0131 [&hellip;]<\/p>\n","protected":false},"author":1,"featured_media":74002,"comment_status":"open","ping_status":"open","sticky":false,"template":"","format":"standard","meta":[],"categories":[53,49],"tags":[67,1009,2326,23416,2569,23131,37561,2097,37560,26829],"views":674,"_links":{"self":[{"href":"https:\/\/www.enerjigazetesi.ist\/en\/wp-json\/wp\/v2\/posts\/74001"}],"collection":[{"href":"https:\/\/www.enerjigazetesi.ist\/en\/wp-json\/wp\/v2\/posts"}],"about":[{"href":"https:\/\/www.enerjigazetesi.ist\/en\/wp-json\/wp\/v2\/types\/post"}],"author":[{"embeddable":true,"href":"https:\/\/www.enerjigazetesi.ist\/en\/wp-json\/wp\/v2\/users\/1"}],"replies":[{"embeddable":true,"href":"https:\/\/www.enerjigazetesi.ist\/en\/wp-json\/wp\/v2\/comments?post=74001"}],"version-history":[{"count":2,"href":"https:\/\/www.enerjigazetesi.ist\/en\/wp-json\/wp\/v2\/posts\/74001\/revisions"}],"predecessor-version":[{"id":74004,"href":"https:\/\/www.enerjigazetesi.ist\/en\/wp-json\/wp\/v2\/posts\/74001\/revisions\/74004"}],"wp:featuredmedia":[{"embeddable":true,"href":"https:\/\/www.enerjigazetesi.ist\/en\/wp-json\/wp\/v2\/media\/74002"}],"wp:attachment":[{"href":"https:\/\/www.enerjigazetesi.ist\/en\/wp-json\/wp\/v2\/media?parent=74001"}],"wp:term":[{"taxonomy":"category","embeddable":true,"href":"https:\/\/www.enerjigazetesi.ist\/en\/wp-json\/wp\/v2\/categories?post=74001"},{"taxonomy":"post_tag","embeddable":true,"href":"https:\/\/www.enerjigazetesi.ist\/en\/wp-json\/wp\/v2\/tags?post=74001"}],"curies":[{"name":"wp","href":"https:\/\/api.w.org\/{rel}","templated":true}]}}