{"id":73998,"date":"2018-05-05T21:09:40","date_gmt":"2018-05-05T18:09:40","guid":{"rendered":"https:\/\/www.enerjigazetesi.ist\/?p=73998"},"modified":"2018-05-05T21:15:57","modified_gmt":"2018-05-05T18:15:57","slug":"adnan-menderes-universitesi-enerjisini-gunesten-saglayacak","status":"publish","type":"post","link":"https:\/\/www.enerjigazetesi.ist\/en\/adnan-menderes-universitesi-enerjisini-gunesten-saglayacak\/","title":{"rendered":"(Turkish) Adnan Menderes \u00dcniversitesi Enerjisini G\u00fcne\u015ften Sa\u011flayacak"},"content":{"rendered":"<p class=\"qtranxs-available-languages-message qtranxs-available-languages-message-en\">Sorry, this entry is only available in <a href=\"https:\/\/www.enerjigazetesi.ist\/tr\/wp-json\/wp\/v2\/posts\/73998\" class=\"qtranxs-available-language-link qtranxs-available-language-link-tr\" title=\"Turkish\">Turkish<\/a>. For the sake of viewer convenience, the content is shown below in the alternative language. You may click the link to switch the active language.<\/p><p><strong>G\u00fcne\u015f enerjisinden elektri\u011fini sa\u011flayacak olan Adnan Menderes \u00dcniversitesi ihtiyac\u0131n %50\u2019sini kar\u015f\u0131lamay\u0131 hedefliyor. Avrupa Birli\u011fi ile i\u015f birli\u011fiyle yap\u0131lacak olan santral\u2019den hastanenin so\u011futma, \u0131s\u0131tma t\u00fcketece\u011fi elektri\u011finin kar\u015f\u0131lanmas\u0131 planlan\u0131yor.<img loading=\"lazy\" class=\"alignright size-medium wp-image-73999\" src=\"https:\/\/www.enerjigazetesi.ist\/wp-content\/uploads\/2018\/05\/adnan-menderes-universitesi-enerjisini-gunesten-saglayacak-300x150.jpg\" alt=\"\" width=\"300\" height=\"150\" srcset=\"https:\/\/www.enerjigazetesi.ist\/wp-content\/uploads\/2018\/05\/adnan-menderes-universitesi-enerjisini-gunesten-saglayacak-300x150.jpg 300w, https:\/\/www.enerjigazetesi.ist\/wp-content\/uploads\/2018\/05\/adnan-menderes-universitesi-enerjisini-gunesten-saglayacak-500x250.jpg 500w, https:\/\/www.enerjigazetesi.ist\/wp-content\/uploads\/2018\/05\/adnan-menderes-universitesi-enerjisini-gunesten-saglayacak-80x40.jpg 80w, https:\/\/www.enerjigazetesi.ist\/wp-content\/uploads\/2018\/05\/adnan-menderes-universitesi-enerjisini-gunesten-saglayacak.jpg 640w\" sizes=\"(max-width: 300px) 100vw, 300px\" \/><\/strong><\/p>\n<p>2015&#8217;te imzalanan \u201cKamu binalar\u0131 i\u00e7in enerji tasarrufu sa\u011flayan etkin tadilat stratejileri\u201d projesi olan BRICKER protokol kapsam\u0131nda 960 dev ayna kuruldu ve 460 ayna da \u0130spanya\u2019dan getirilerek toplamda 1420 ayna ile testlere ba\u015flad\u0131. \u00dcniversite hastanesinin y\u0131ll\u0131k 4 milyon Tl olan elektrik harcamas\u0131n\u0131n yar\u0131s\u0131 bu santralden sa\u011flanacak.<\/p>\n<p>AD\u00dc Rekt\u00f6r\u00fc Prof. Dr. Cavit Bircan, projenin 15 milyon t\u00fcrk liras\u0131\u2019na mal oldu\u011funu belirterek bunun 4.5 milyon t\u00fcrk liras\u0131\u2019n\u0131n AB taraf\u0131ndan kar\u015f\u0131land\u0131\u011f\u0131n\u0131 da ifade etti.<\/p>","protected":false},"excerpt":{"rendered":"<p>Sorry, this entry is only available in Turkish. For the sake of viewer convenience, the content is shown below in the alternative language. You may click the link to switch the active language.G\u00fcne\u015f enerjisinden elektri\u011fini sa\u011flayacak olan Adnan Menderes \u00dcniversitesi ihtiyac\u0131n %50\u2019sini kar\u015f\u0131lamay\u0131 hedefliyor. Avrupa Birli\u011fi ile i\u015f birli\u011fiyle yap\u0131lacak olan santral\u2019den hastanenin so\u011futma, \u0131s\u0131tma [&hellip;]<\/p>\n","protected":false},"author":1,"featured_media":73999,"comment_status":"open","ping_status":"open","sticky":false,"template":"","format":"standard","meta":[],"categories":[53,49],"tags":[1689,67,1009,2326,23416,2569,23133,23131],"views":869,"_links":{"self":[{"href":"https:\/\/www.enerjigazetesi.ist\/en\/wp-json\/wp\/v2\/posts\/73998"}],"collection":[{"href":"https:\/\/www.enerjigazetesi.ist\/en\/wp-json\/wp\/v2\/posts"}],"about":[{"href":"https:\/\/www.enerjigazetesi.ist\/en\/wp-json\/wp\/v2\/types\/post"}],"author":[{"embeddable":true,"href":"https:\/\/www.enerjigazetesi.ist\/en\/wp-json\/wp\/v2\/users\/1"}],"replies":[{"embeddable":true,"href":"https:\/\/www.enerjigazetesi.ist\/en\/wp-json\/wp\/v2\/comments?post=73998"}],"version-history":[{"count":1,"href":"https:\/\/www.enerjigazetesi.ist\/en\/wp-json\/wp\/v2\/posts\/73998\/revisions"}],"predecessor-version":[{"id":74000,"href":"https:\/\/www.enerjigazetesi.ist\/en\/wp-json\/wp\/v2\/posts\/73998\/revisions\/74000"}],"wp:featuredmedia":[{"embeddable":true,"href":"https:\/\/www.enerjigazetesi.ist\/en\/wp-json\/wp\/v2\/media\/73999"}],"wp:attachment":[{"href":"https:\/\/www.enerjigazetesi.ist\/en\/wp-json\/wp\/v2\/media?parent=73998"}],"wp:term":[{"taxonomy":"category","embeddable":true,"href":"https:\/\/www.enerjigazetesi.ist\/en\/wp-json\/wp\/v2\/categories?post=73998"},{"taxonomy":"post_tag","embeddable":true,"href":"https:\/\/www.enerjigazetesi.ist\/en\/wp-json\/wp\/v2\/tags?post=73998"}],"curies":[{"name":"wp","href":"https:\/\/api.w.org\/{rel}","templated":true}]}}