{"id":73994,"date":"2018-05-05T00:42:14","date_gmt":"2018-05-04T21:42:14","guid":{"rendered":"https:\/\/www.enerjigazetesi.ist\/?p=73994"},"modified":"2018-05-05T00:42:14","modified_gmt":"2018-05-04T21:42:14","slug":"firat-oncin-cati-ges-durumu-ve-gelismelerine-yonelik-bilgi-verdi","status":"publish","type":"post","link":"https:\/\/www.enerjigazetesi.ist\/en\/firat-oncin-cati-ges-durumu-ve-gelismelerine-yonelik-bilgi-verdi\/","title":{"rendered":"(Turkish) F\u0131rat \u00d6NC\u0130N \u00c7at\u0131 GES Durumu ve Geli\u015fmelerine Y\u00f6nelik Bilgi Verdi"},"content":{"rendered":"<p class=\"qtranxs-available-languages-message qtranxs-available-languages-message-en\">Sorry, this entry is only available in <a href=\"https:\/\/www.enerjigazetesi.ist\/tr\/wp-json\/wp\/v2\/posts\/73994\" class=\"qtranxs-available-language-link qtranxs-available-language-link-tr\" title=\"Turkish\">Turkish<\/a>. For the sake of viewer convenience, the content is shown below in the alternative language. You may click the link to switch the active language.<\/p><p><strong>ICCI 2018\u2019de \u00c7at\u0131 GES konusu mercek alt\u0131na al\u0131nd\u0131. G\u00dcNDER Y\u00f6netim Kurulu Ba\u015fkan\u0131 Kutay KALEL\u0130\u2019den sonra TEDA\u015e\u2019tan F\u0131rat \u00d6NC\u0130N konunun Kendilerine ait olan k\u0131s\u0131mlar\u0131yla iligli bilgi verdi.<\/strong><\/p>\n<p><strong>\u00a0<\/strong>\u00d6NC\u0130N \u201cG\u00fcne\u015f \u00c7at\u0131dan Y\u00fckselir\u201d mottosu ile art\u0131k T\u00fcrkiye\u2019de deAraziler yerine \u00e7at\u0131lar\u0131n kullan\u0131lmas\u0131n\u0131n g\u00fcndem de oldu\u011funu belirtti. \u00d6ncin \u201cBu kapsamda da 10 Kw alt\u0131 usul ve esaslar \u00c7at\u0131 projesi olarak <img loading=\"lazy\" class=\"alignleft size-medium wp-image-73995\" src=\"https:\/\/www.enerjigazetesi.ist\/wp-content\/uploads\/2018\/05\/firat-oncin-cati-ges-durumu-ve-gelismelerine-yonelik-bilgi-verdi-300x167.jpg\" alt=\"\" width=\"300\" height=\"167\" srcset=\"https:\/\/www.enerjigazetesi.ist\/wp-content\/uploads\/2018\/05\/firat-oncin-cati-ges-durumu-ve-gelismelerine-yonelik-bilgi-verdi-300x167.jpg 300w, https:\/\/www.enerjigazetesi.ist\/wp-content\/uploads\/2018\/05\/firat-oncin-cati-ges-durumu-ve-gelismelerine-yonelik-bilgi-verdi-768x427.jpg 768w, https:\/\/www.enerjigazetesi.ist\/wp-content\/uploads\/2018\/05\/firat-oncin-cati-ges-durumu-ve-gelismelerine-yonelik-bilgi-verdi-500x278.jpg 500w, https:\/\/www.enerjigazetesi.ist\/wp-content\/uploads\/2018\/05\/firat-oncin-cati-ges-durumu-ve-gelismelerine-yonelik-bilgi-verdi-80x45.jpg 80w, https:\/\/www.enerjigazetesi.ist\/wp-content\/uploads\/2018\/05\/firat-oncin-cati-ges-durumu-ve-gelismelerine-yonelik-bilgi-verdi.jpg 800w\" sizes=\"(max-width: 300px) 100vw, 300px\" \/>ge\u00e7iyor. EPDK\u2019nin yay\u0131nlad\u0131\u011f\u0131 usul ve esaslardan sonra bizlerde aktif proje \u00e7al\u0131\u015fmalar\u0131n\u0131 tamamlad\u0131k ve son a\u015famaya gelindi. Kurumumuza da bunun ilgili \u00e7al\u0131\u015fmalar\u0131 haz\u0131rlayarak mercilere iletilmek \u00fczere sundu\u201d \u015feklinde sunumuna ba\u015flad\u0131.<\/p>\n<p>\u00d6NC\u0130N sunumuna TEDA\u015e hakk\u0131nda k\u0131saca bilgi vererek ba\u015flad\u0131. T\u00fcrkiye \u00fcretim iletim ve da\u011f\u0131t\u0131m\u0131na istinaden kurumlar\u0131n oldu\u011funu belirterek TEDA\u015e\u2019\u0131n T\u00fcrkiye\u2019de 21 da\u011f\u0131t\u0131m b\u00f6lgesinde hizmet vermekte oldu\u011funu vurgulad\u0131. Bu hizmetler aras\u0131nda genel ayd\u0131nlatma, lisanss\u0131z proje y\u00f6netmeli\u011fine dair kabul ve onay i\u015flemleri, elektrik da\u011f\u0131t\u0131m \u015firketlerinin faaliyetlerinin denetlenmesi gibi g\u00f6revleri oldu\u011funu belirtti. Bunlar\u0131n d\u0131\u015f\u0131nda \u00f6zellikle lisans\u0131z \u00fcretim y\u00f6netmeli\u011fi \u00e7er\u00e7evesinde g\u00fcne\u015f enerjisi sekt\u00f6r\u00fcnde ve GES\u2019ler de 8.871 adet projeyi onaylad\u0131klar\u0131n\u0131n alt\u0131n\u0131 \u00e7izerek bunu ortalama olarak 6.7 Gigavat\u2019l\u0131k bir proje onay\u0131na denk geldi\u011fini vurgulad\u0131.<\/p>\n<p>Bu do\u011frultuda T\u00fcrkiye\u2019de lisanss\u0131z y\u00f6netmeli\u011fi kapsam\u0131nda \u00c7at\u0131 projeleri T\u0130P proje belirlendikten sonra 10 Kw uygulamaya ge\u00e7ilece\u011fi d\u00fc\u015f\u00fcn\u00fcl\u00fcrse, Mevcut lisans\u0131z \u00fcretim y\u00f6netmeli\u011fi \u00e7er\u00e7evesinde proje onay ve kabullerinin yap\u0131lmakta oldu\u011funu s\u00f6yledi. Burada elektrik tesisleri proje y\u00f6netmeliklerinin , elektrik tesislerinde topraklamalar y\u00f6netmeli\u011fi ve elektrik i\u00e7 tesisleri y\u00f6netmeli\u011fi \u00e7er\u00e7evelerinde bu proje onaylar\u0131n\u0131n yap\u0131lmakta oldu\u011funu belirtti.<\/p>\n<p>\u00d6NC\u0130N \u201cMevzuat k\u0131sm\u0131ndan devam edecek olursak T\u00fcrkiye\u2019de proje onay\u0131 3 \u015fekilde sunuluyor. Elektrik projesi, Elektrik Projesi i\u00e7erisinde pafta alb\u00fcm\u00fc, hesaplar alb\u00fcm\u00fc ve in\u015faat klas\u00f6r\u00fc olmak \u00fczere 3 klas\u00f6r halinde TEDA\u015e\u2019a iletiliyor. Burada pafta alb\u00fcm\u00fcnde kar\u015f\u0131m\u0131za \u00e7\u0131kan santral genel yerle\u015fim plan\u0131 ve tek hat \u015femas\u0131 \u015feklinde iki paftam\u0131z mevcut. 10Kw alt\u0131 T\u0130P teknik \u015fartnamesi olu\u015fturulurken bu 2 pafta \u00fczerinde genel olarak \u00e7al\u0131\u015f\u0131ld\u0131 ve bunun \u00fczerinden normal T\u0130P proje belirlenmesi i\u015flemi yap\u0131ld\u0131.\u201d \u015eeklinde s\u00f6zlerine devam etti.<\/p>\n<p>\u00d6NC\u0130N \u201cBu kapsamlar anlam\u0131nda bak\u0131ld\u0131\u011f\u0131nda paftalar halinde genel santral yerle\u015fim plan\u0131 ve bu a\u015fama da bahsedilen bir \u00e7ok har\u00e7 bedelleri oluyor. Bunlar T\u0130P proje haz\u0131rland\u0131ktan sonra son safhas\u0131na gelmi\u015f olacak. Bu kapsamda yine tek hat \u015femas\u0131 ki. Tek hat \u015femas\u0131nda da bizim normal \u015fartlar alt\u0131nda inverterler ve paneller i\u00e7in istemi\u015f oldu\u011fumuz sertifikalar mevcut olmak \u00fczere bir tek hat \u015femas\u0131 sunulacak ve bu standart olacak . Bu standart\u0131n i\u00e7erisinde neler oldu\u011fu T\u0130P proje \u00e7\u0131kt\u0131ktan sonra kamuoyuna \u00e7ok daha sa\u011fl\u0131kl\u0131 bir \u015fekilde aktar\u0131labilecektir.\u201d \u015eekikden projenin i\u015fleyi\u015fi hakk\u0131nda bilgi verdi. Ayr\u0131ca s\u00f6z konusu kapsam dahilinde bak\u0131ld\u0131\u011f\u0131nda T\u0130P proje standartlar\u0131 i\u00e7in mevcut standartlar\u0131n yan\u0131 s\u0131ra TSE standartlar\u0131n\u0131n da kullan\u0131ld\u0131\u011f\u0131n\u0131 belirti.<\/p>\n<p>\u00d6NC\u0130N \u201cT\u00fcrkiye\u2019de arazi yerine \u00e7at\u0131lar\u0131n kullan\u0131lmas\u0131yla beraber b\u00fcy\u00fck bir potansiyel oldu\u011fu a\u00e7\u0131k ve nettir. Burada Kamuyu da i\u015fin i\u00e7erisine katt\u0131\u011f\u0131m\u0131zda, Kamu bina \u00e7at\u0131lar\u0131n\u0131n g\u00fcne\u015f panelleriyle d\u00f6\u015fendi\u011fini d\u00fc\u015f\u00fcnd\u00fc\u011f\u00fcm\u00fcz zaman olduk\u00e7a b\u00fcy\u00fck bir potansiyele sahip oldu\u011fu g\u00f6r\u00fclmekte. T\u00fcrkiye\u2019de bir \u00e7at\u0131 y\u00f6netmeli\u011fi yok. Bundan kast\u0131m\u0131z biz T\u0130P proje \u00e7al\u0131\u015fmas\u0131 yaparken kar\u015f\u0131la\u015fm\u0131\u015f oldu\u011fumuz en b\u00fcy\u00fck s\u0131k\u0131nt\u0131lardan biri de \u015fuydu panellerin \u00e7at\u0131ya yerle\u015ftirilmesi esnas\u0131nda nas\u0131l bir yol izlenece\u011fi hususunda belli bir y\u00f6netmelik yok.\u201d \u015eeklinde durumu izah etti.<\/p>\n<p>\u00d6NC\u0130N ayr\u0131ca \u201c\u0130tfaiye eri y\u00fcr\u00fcy\u00fc\u015f yolu denilen yer i\u00e7in panellerin yerle\u015ftirilmesi esnas\u0131nda kar\u015f\u0131lar\u0131na \u00e7\u0131kacak s\u0131k\u0131nt\u0131lar\u0131 bertaraf etmeye \u00e7al\u0131\u015ft\u0131klar\u0131n\u0131 belirterek \u201cBu T\u0130P proje kapsam\u0131nda 06.02.2018 tarihinde 3 56 y\u00f6netim kuruluk karar\u0131 ile proje onay bedeli olarak 120 TL ve proje kabul bedeli olarak 159 TL\u2019l\u0131k bir bedel belirlenmi\u015ftir.\u201d dedi.<\/p>\n<p>\u00d6NC\u0130N \u201cBizim da\u011f\u0131t\u0131m tesislerimiz olduk\u00e7a stabil tesislerdir. Bundan kast\u0131m\u0131z \u00c7at\u0131 tipi projeler lisanss\u0131z projelerdir. Lisanss\u0131z projelerin \u00f6z\u00fc \u00fcretildi\u011fi yerde t\u00fcketimin sa\u011flanmas\u0131d\u0131r. Teknik a\u00e7\u0131dan bak\u0131ld\u0131\u011f\u0131nda bu Te\u00e7hizat\u0131 rahatlat\u0131r. Hatt\u0131 rahatlat\u0131r, sistemi rahatlat\u0131r. Bir \u00e7ok faydas\u0131 vard\u0131r. Fakat bunlar sa\u011fl\u0131kl\u0131 ve d\u00fczenli bir \u015fekilde yap\u0131lmaz ise sistemde b\u00fcy\u00fck s\u0131k\u0131nt\u0131lara sebep olabilir ve sistemin stabilizesini bozabilir. Bu sebeple bunlar\u0131n olduk\u00e7a sa\u011fl\u0131kl\u0131 bir \u015fekilde yap\u0131lmas\u0131 gerekmektedir.\u201d Diyerek konunun \u00f6nemini vurgulad\u0131.<\/p>\n<p>\u00d6NC\u0130N \u201cAvrupa \u00dclkelerine bakt\u0131\u011f\u0131m\u0131z zaman hep k\u00fc\u00e7\u00fckten b\u00fcy\u00fc\u011fe do\u011fru gidi\u015f vard\u0131r. T\u00fcrkiye de ise bu durum tersten gelmi\u015ftir. Lisanss\u0131zlarda 1 MW\u2019ye kadar m\u00fcsade edildi\u011fi i\u00e7in alt s\u0131n\u0131rdan de\u011fil de hep \u00fcst s\u0131n\u0131rdan santral yap\u0131lmaya ba\u015flanm\u0131\u015ft\u0131r. Burada da bir \u00e7ok yanl\u0131\u015f uygulamalar\u0131n olmas\u0131na sebep olmu\u015ftur. Bu sebepten dolayd\u0131r ki 10 Kw\u2019ninde sisteme girmesiyle beraber sistemdeki s\u0131k\u0131nt\u0131lar \u00e7ok daha net bir \u015fekilde g\u00f6r\u00fclebilecektir.\u201d \u00c7at\u0131 G\u00fcne\u015f enerji sistemleriyle ilgili olarak kendi taraflar\u0131ndaki geli\u015fmeleri aktard\u0131.<\/p>","protected":false},"excerpt":{"rendered":"<p>Sorry, this entry is only available in Turkish. For the sake of viewer convenience, the content is shown below in the alternative language. You may click the link to switch the active language.ICCI 2018\u2019de \u00c7at\u0131 GES konusu mercek alt\u0131na al\u0131nd\u0131. G\u00dcNDER Y\u00f6netim Kurulu Ba\u015fkan\u0131 Kutay KALEL\u0130\u2019den sonra TEDA\u015e\u2019tan F\u0131rat \u00d6NC\u0130N konunun Kendilerine ait olan k\u0131s\u0131mlar\u0131yla [&hellip;]<\/p>\n","protected":false},"author":1,"featured_media":73995,"comment_status":"open","ping_status":"open","sticky":false,"template":"","format":"standard","meta":[],"categories":[53,49],"tags":[37559,37557,67,1009,37558,23416,1876,23133,23131],"views":1120,"_links":{"self":[{"href":"https:\/\/www.enerjigazetesi.ist\/en\/wp-json\/wp\/v2\/posts\/73994"}],"collection":[{"href":"https:\/\/www.enerjigazetesi.ist\/en\/wp-json\/wp\/v2\/posts"}],"about":[{"href":"https:\/\/www.enerjigazetesi.ist\/en\/wp-json\/wp\/v2\/types\/post"}],"author":[{"embeddable":true,"href":"https:\/\/www.enerjigazetesi.ist\/en\/wp-json\/wp\/v2\/users\/1"}],"replies":[{"embeddable":true,"href":"https:\/\/www.enerjigazetesi.ist\/en\/wp-json\/wp\/v2\/comments?post=73994"}],"version-history":[{"count":1,"href":"https:\/\/www.enerjigazetesi.ist\/en\/wp-json\/wp\/v2\/posts\/73994\/revisions"}],"predecessor-version":[{"id":73996,"href":"https:\/\/www.enerjigazetesi.ist\/en\/wp-json\/wp\/v2\/posts\/73994\/revisions\/73996"}],"wp:featuredmedia":[{"embeddable":true,"href":"https:\/\/www.enerjigazetesi.ist\/en\/wp-json\/wp\/v2\/media\/73995"}],"wp:attachment":[{"href":"https:\/\/www.enerjigazetesi.ist\/en\/wp-json\/wp\/v2\/media?parent=73994"}],"wp:term":[{"taxonomy":"category","embeddable":true,"href":"https:\/\/www.enerjigazetesi.ist\/en\/wp-json\/wp\/v2\/categories?post=73994"},{"taxonomy":"post_tag","embeddable":true,"href":"https:\/\/www.enerjigazetesi.ist\/en\/wp-json\/wp\/v2\/tags?post=73994"}],"curies":[{"name":"wp","href":"https:\/\/api.w.org\/{rel}","templated":true}]}}