{"id":73961,"date":"2018-05-04T07:12:19","date_gmt":"2018-05-04T04:12:19","guid":{"rendered":"https:\/\/www.enerjigazetesi.ist\/?p=73961"},"modified":"2018-05-04T07:16:10","modified_gmt":"2018-05-04T04:16:10","slug":"urdun-yenilenebilir-hedefleri-icin-depolamaya-destek-veriyor","status":"publish","type":"post","link":"https:\/\/www.enerjigazetesi.ist\/en\/urdun-yenilenebilir-hedefleri-icin-depolamaya-destek-veriyor\/","title":{"rendered":"(Turkish) \u00dcrd\u00fcn Yenilenebilir Hedefleri i\u00e7in Depolamaya Destek Veriyor"},"content":{"rendered":"<p class=\"qtranxs-available-languages-message qtranxs-available-languages-message-en\">Sorry, this entry is only available in <a href=\"https:\/\/www.enerjigazetesi.ist\/tr\/wp-json\/wp\/v2\/posts\/73961\" class=\"qtranxs-available-language-link qtranxs-available-language-link-tr\" title=\"Turkish\">Turkish<\/a>. For the sake of viewer convenience, the content is shown below in the alternative language. You may click the link to switch the active language.<\/p><p><strong>\u00dcrd\u00fcn, g\u00fcne\u015f ve r\u00fczg\u00e2r enerjisindeki geni\u015flemesini desteklemek i\u00e7in ilk elektrik depolama projesinde kararl\u0131 bir \u015fekilde ilerliyor. Enerji ve Madeni Kaynaklar Bakan\u0131 Saleh Al Kharabsheh\u2019e g\u00f6re, Ortado\u011fu krall\u0131\u011f\u0131 \u00fc\u00e7\u00fcnc\u00fc \u00e7eyrekte 30 megavatl\u0131k bir batarya s\u00f6zle\u015fmesi imzalamay\u0131 planl\u0131yor. <\/strong><\/p>\n<p><strong><img loading=\"lazy\" class=\"alignleft size-medium wp-image-7694\" src=\"https:\/\/www.enerjigazetesi.ist\/wp-content\/uploads\/2013\/03\/yenilenebilir-enerji-kaynaklari-300x190.jpg\" alt=\"\" width=\"300\" height=\"190\" srcset=\"https:\/\/www.enerjigazetesi.ist\/wp-content\/uploads\/2013\/03\/yenilenebilir-enerji-kaynaklari-300x190.jpg 300w, https:\/\/www.enerjigazetesi.ist\/wp-content\/uploads\/2013\/03\/yenilenebilir-enerji-kaynaklari-1024x651.jpg 1024w, https:\/\/www.enerjigazetesi.ist\/wp-content\/uploads\/2013\/03\/yenilenebilir-enerji-kaynaklari-500x318.jpg 500w, https:\/\/www.enerjigazetesi.ist\/wp-content\/uploads\/2013\/03\/yenilenebilir-enerji-kaynaklari-80x50.jpg 80w, https:\/\/www.enerjigazetesi.ist\/wp-content\/uploads\/2013\/03\/yenilenebilir-enerji-kaynaklari.jpg 1872w\" sizes=\"(max-width: 300px) 100vw, 300px\" \/><\/strong>Al Kharabsheh, Berlin\u2019deki\u00a0<em>Energy Transition Forum<\/em>\u2019da yapt\u0131\u011f\u0131 a\u00e7\u0131klamada, \u00dcrd\u00fcn\u2019\u00fcn daha \u00f6nce %10 olan 2020 hedefini ge\u00e7meyi ve 2020 y\u0131l\u0131na kadar elektri\u011finin %25\u2019ini yenilenebilir enerjiden \u00fcretmeyi hedefledi\u011fini a\u00e7\u0131klad\u0131. \u00dclkenin yenilenebilir kaynaklara odaklanmas\u0131n\u0131n arkas\u0131nda, kom\u015fular\u0131na k\u0131yasla, petrol ve gaz rezervleri bak\u0131m\u0131ndan fakir olmas\u0131 ve ithal enerjiye ba\u011f\u0131ml\u0131l\u0131\u011f\u0131 yat\u0131yor.<\/p>\n<p>D\u00fcnyan\u0131n en \u00e7ok su s\u0131k\u0131nt\u0131s\u0131 \u00e7eken \u00fclkelerinden biri olan \u00dcrd\u00fcn\u2019\u00fcn, istikrarl\u0131 bir ye\u015fil enerji kayna\u011f\u0131na sahip olmas\u0131, her y\u0131l \u00fclkenin gayri safi yurti\u00e7i has\u0131las\u0131n\u0131n yakla\u015f\u0131k %15\u2019ine denk gelen su pompalama maliyetini azaltmaya da yard\u0131mc\u0131 olacak. Al Kharabsheh a\u00e7\u0131klamas\u0131nda bir sonraki ad\u0131m\u0131n\u0131n ise, g\u00fcne\u015f ve r\u00fczg\u00e2r jenerasyonu maliyetlerindeki d\u00fc\u015f\u00fc\u015f ile depolama oldu\u011funu belirtti.<\/p>\n<p><a href=\"https:\/\/www.bloomberg.com\/news\/articles\/2018-04-23\/jordan-eyes-power-storage-as-next-step-in-green-energy-drive\"><em>Bloomberg<\/em><\/a><\/p>","protected":false},"excerpt":{"rendered":"<p>Sorry, this entry is only available in Turkish. For the sake of viewer convenience, the content is shown below in the alternative language. You may click the link to switch the active language.\u00dcrd\u00fcn, g\u00fcne\u015f ve r\u00fczg\u00e2r enerjisindeki geni\u015flemesini desteklemek i\u00e7in ilk elektrik depolama projesinde kararl\u0131 bir \u015fekilde ilerliyor. Enerji ve Madeni Kaynaklar Bakan\u0131 Saleh Al [&hellip;]<\/p>\n","protected":false},"author":1,"featured_media":7694,"comment_status":"open","ping_status":"open","sticky":false,"template":"","format":"standard","meta":[],"categories":[51,53,49,50],"tags":[2258,67,1009,23416,24949],"views":623,"_links":{"self":[{"href":"https:\/\/www.enerjigazetesi.ist\/en\/wp-json\/wp\/v2\/posts\/73961"}],"collection":[{"href":"https:\/\/www.enerjigazetesi.ist\/en\/wp-json\/wp\/v2\/posts"}],"about":[{"href":"https:\/\/www.enerjigazetesi.ist\/en\/wp-json\/wp\/v2\/types\/post"}],"author":[{"embeddable":true,"href":"https:\/\/www.enerjigazetesi.ist\/en\/wp-json\/wp\/v2\/users\/1"}],"replies":[{"embeddable":true,"href":"https:\/\/www.enerjigazetesi.ist\/en\/wp-json\/wp\/v2\/comments?post=73961"}],"version-history":[{"count":8,"href":"https:\/\/www.enerjigazetesi.ist\/en\/wp-json\/wp\/v2\/posts\/73961\/revisions"}],"predecessor-version":[{"id":73969,"href":"https:\/\/www.enerjigazetesi.ist\/en\/wp-json\/wp\/v2\/posts\/73961\/revisions\/73969"}],"wp:featuredmedia":[{"embeddable":true,"href":"https:\/\/www.enerjigazetesi.ist\/en\/wp-json\/wp\/v2\/media\/7694"}],"wp:attachment":[{"href":"https:\/\/www.enerjigazetesi.ist\/en\/wp-json\/wp\/v2\/media?parent=73961"}],"wp:term":[{"taxonomy":"category","embeddable":true,"href":"https:\/\/www.enerjigazetesi.ist\/en\/wp-json\/wp\/v2\/categories?post=73961"},{"taxonomy":"post_tag","embeddable":true,"href":"https:\/\/www.enerjigazetesi.ist\/en\/wp-json\/wp\/v2\/tags?post=73961"}],"curies":[{"name":"wp","href":"https:\/\/api.w.org\/{rel}","templated":true}]}}