{"id":73950,"date":"2018-05-03T18:22:35","date_gmt":"2018-05-03T15:22:35","guid":{"rendered":"https:\/\/www.enerjigazetesi.ist\/?p=73950"},"modified":"2018-05-03T18:22:35","modified_gmt":"2018-05-03T15:22:35","slug":"solarcati-evsel-kurulumlardaki-standardi-belirliyor","status":"publish","type":"post","link":"https:\/\/www.enerjigazetesi.ist\/en\/solarcati-evsel-kurulumlardaki-standardi-belirliyor\/","title":{"rendered":"(Turkish) Solar\u00e7at\u0131, Evsel Kurulumlardaki Standard\u0131 Belirliyor"},"content":{"rendered":"<p class=\"qtranxs-available-languages-message qtranxs-available-languages-message-en\">Sorry, this entry is only available in <a href=\"https:\/\/www.enerjigazetesi.ist\/tr\/wp-json\/wp\/v2\/posts\/73950\" class=\"qtranxs-available-language-link qtranxs-available-language-link-tr\" title=\"Turkish\">Turkish<\/a>. For the sake of viewer convenience, the content is shown below in the alternative language. You may click the link to switch the active language.<\/p><p><strong>Enerji ve Tabii Kaynaklar Bakanl\u0131\u011f\u0131\u2019n\u0131n deste\u011fi ile T\u00fcrkiye\u2019nin en b\u00fcy\u00fck enerji fuar\u0131, 24&#8217;\u00fcnc\u00fc Uluslararas\u0131 Enerji ve \u00c7evre Fuar\u0131 ve Konferans\u0131 \u201cICCI Powered by Power-Gen\u201d b\u00fcnyesinde d\u00fczenlenen \u201cG\u00fcne\u015f \u00c7at\u0131dan Y\u00fckselir\u201d \u00f6zel oturumu 2 May\u0131s 2018 tarihinde ger\u00e7ekle\u015ftirildi. <\/strong><\/p>\n<p>T\u00fcrkiye Elektrik Sanayi Birli\u011fi (TESAB) \u00f6zel oturumunda YEGM, G\u00dcNDER, ELDER, TEDA\u015e ile birlikte anahtar teslim ev tipi g\u00fcne\u015f enerjisi \u00e7at\u0131 hizmeti \u00e7\u00f6z\u00fcmleri sunan Solar\u00e7at\u0131, sekt\u00f6re \u0131\u015f\u0131k tutan \u201c16 <img loading=\"lazy\" class=\"alignleft size-medium wp-image-73499\" src=\"https:\/\/www.enerjigazetesi.ist\/wp-content\/uploads\/2018\/04\/endustiyel-solar-catilarda-dijital-donusum-nasil-olacak-300x225.jpg\" alt=\"\" width=\"300\" height=\"225\" srcset=\"https:\/\/www.enerjigazetesi.ist\/wp-content\/uploads\/2018\/04\/endustiyel-solar-catilarda-dijital-donusum-nasil-olacak-300x225.jpg 300w, https:\/\/www.enerjigazetesi.ist\/wp-content\/uploads\/2018\/04\/endustiyel-solar-catilarda-dijital-donusum-nasil-olacak.jpg 500w, https:\/\/www.enerjigazetesi.ist\/wp-content\/uploads\/2018\/04\/endustiyel-solar-catilarda-dijital-donusum-nasil-olacak-67x50.jpg 67w\" sizes=\"(max-width: 300px) 100vw, 300px\" \/>sayfal\u0131k kontrol listesi\u201d ile \u00e7at\u0131 kurulum standartlar\u0131n\u0131 anlatt\u0131.<\/p>\n<p>Daha \u00f6nce kurulumu tamamlanm\u0131\u015f ev tipi GES\u2019lerle ilgili mevzuat \u00f6nerilerini somut \u00f6rneklere anlatan ve en son \u201c1-10 kW yeni \u00e7at\u0131 mevzuat\u0131 ile Almanya kar\u015f\u0131la\u015ft\u0131rmas\u0131\u201d \u00e7al\u0131\u015fmas\u0131n\u0131 tamamlayan Solar\u00e7at\u0131, bu defa da \u201c\u00c7at\u0131 Kurulum Standartlar\u0131\u201d ile son kullan\u0131c\u0131n\u0131n beklenti ve ihtiya\u00e7lar\u0131n\u0131 belirledi. Solar\u00e7at\u0131 Kurucusu Utku Korkmaz\u201cTEDA\u015e\u2019\u0131n yay\u0131nlam\u0131\u015f oldu\u011fu \u201850 kWe Kadar G\u00fcne\u015f Enerjisine Dayal\u0131 Elektrik \u00dcretim Tesislerinin Tip \u015eartnamesi\u2019 ile g\u00fcvenlik ve teknik do\u011fruluklar hali haz\u0131rda sa\u011flan\u0131yor. Ancak projeler \u015fartnameye uygun olsa dahi son kullan\u0131c\u0131 ihtiya\u00e7lar\u0131n\u0131 tamamen kar\u015f\u0131lamayabiliyor. Bu \u015fartnameye ek olarak sade vatanda\u015f\u0131n yani bizim tabirimizle Ahmet Amcam\u0131z\u0131n ihtiyac\u0131 olan s\u0131ras\u0131 ile 4 kalem var: Verimli \u00fcretim, ucuz maliyet, \u015f\u0131k tasar\u0131m ve mevcut binan\u0131n en uygun \u015fekilde korunmas\u0131. Biz de Solar\u00e7at\u0131 olarak kusursuz bir kurulum i\u00e7in TEDA\u015e standartlar\u0131na ek olarak \u2018Ahmet Amca Standartlar\u0131\u2019n\u0131 ekliyoruz.\u201d a\u00e7\u0131klamas\u0131n\u0131 yapt\u0131.<\/p>","protected":false},"excerpt":{"rendered":"<p>Sorry, this entry is only available in Turkish. For the sake of viewer convenience, the content is shown below in the alternative language. You may click the link to switch the active language.Enerji ve Tabii Kaynaklar Bakanl\u0131\u011f\u0131\u2019n\u0131n deste\u011fi ile T\u00fcrkiye\u2019nin en b\u00fcy\u00fck enerji fuar\u0131, 24&#8217;\u00fcnc\u00fc Uluslararas\u0131 Enerji ve \u00c7evre Fuar\u0131 ve Konferans\u0131 \u201cICCI Powered by [&hellip;]<\/p>\n","protected":false},"author":1,"featured_media":73499,"comment_status":"open","ping_status":"open","sticky":false,"template":"","format":"standard","meta":[],"categories":[53,49],"tags":[67,1009,23416],"views":817,"_links":{"self":[{"href":"https:\/\/www.enerjigazetesi.ist\/en\/wp-json\/wp\/v2\/posts\/73950"}],"collection":[{"href":"https:\/\/www.enerjigazetesi.ist\/en\/wp-json\/wp\/v2\/posts"}],"about":[{"href":"https:\/\/www.enerjigazetesi.ist\/en\/wp-json\/wp\/v2\/types\/post"}],"author":[{"embeddable":true,"href":"https:\/\/www.enerjigazetesi.ist\/en\/wp-json\/wp\/v2\/users\/1"}],"replies":[{"embeddable":true,"href":"https:\/\/www.enerjigazetesi.ist\/en\/wp-json\/wp\/v2\/comments?post=73950"}],"version-history":[{"count":1,"href":"https:\/\/www.enerjigazetesi.ist\/en\/wp-json\/wp\/v2\/posts\/73950\/revisions"}],"predecessor-version":[{"id":73951,"href":"https:\/\/www.enerjigazetesi.ist\/en\/wp-json\/wp\/v2\/posts\/73950\/revisions\/73951"}],"wp:featuredmedia":[{"embeddable":true,"href":"https:\/\/www.enerjigazetesi.ist\/en\/wp-json\/wp\/v2\/media\/73499"}],"wp:attachment":[{"href":"https:\/\/www.enerjigazetesi.ist\/en\/wp-json\/wp\/v2\/media?parent=73950"}],"wp:term":[{"taxonomy":"category","embeddable":true,"href":"https:\/\/www.enerjigazetesi.ist\/en\/wp-json\/wp\/v2\/categories?post=73950"},{"taxonomy":"post_tag","embeddable":true,"href":"https:\/\/www.enerjigazetesi.ist\/en\/wp-json\/wp\/v2\/tags?post=73950"}],"curies":[{"name":"wp","href":"https:\/\/api.w.org\/{rel}","templated":true}]}}