{"id":73939,"date":"2018-05-03T13:30:49","date_gmt":"2018-05-03T10:30:49","guid":{"rendered":"https:\/\/www.enerjigazetesi.ist\/?p=73939"},"modified":"2018-05-03T18:29:18","modified_gmt":"2018-05-03T15:29:18","slug":"catida-uretilen-elektrigi-satanlar-esnaf-muafiyetinden-yararlanacak","status":"publish","type":"post","link":"https:\/\/www.enerjigazetesi.ist\/en\/catida-uretilen-elektrigi-satanlar-esnaf-muafiyetinden-yararlanacak\/","title":{"rendered":"(Turkish) \u00c7at\u0131daki Elektri\u011fi Satanlar &#8220;Esnaf Muafiyetinden Yararlanacak\u201d"},"content":{"rendered":"<p class=\"qtranxs-available-languages-message qtranxs-available-languages-message-en\">Sorry, this entry is only available in <a href=\"https:\/\/www.enerjigazetesi.ist\/tr\/wp-json\/wp\/v2\/posts\/73939\" class=\"qtranxs-available-language-link qtranxs-available-language-link-tr\" title=\"Turkish\">Turkish<\/a>. For the sake of viewer convenience, the content is shown below in the alternative language. You may click the link to switch the active language.<\/p><p><strong>10 Kw ve alt\u0131 elektrik \u00fcretenler, esnaf muafiyetinden yararlanarak, %5 gelir vergisi stopaj\u0131 \u00f6deyecek.<\/strong><\/p>\n<p>Solar \u00e7at\u0131da, elektri\u011fin fazlas\u0131n\u0131 da\u011f\u0131t\u0131m \u015firketlerine satanlara, \u201c<strong>vergiden muaf esnaf<\/strong>\u201d stat\u00fcs\u00fcn\u00fcn verilmesi ile ilgili yasan\u0131n ayr\u0131nt\u0131lar\u0131 ortaya \u00e7\u0131kt\u0131. Gelir idaresi Ba\u015fkanl\u0131\u011f\u0131\u2019n\u0131n tebli\u011f tasla\u011f\u0131na g\u00f6re, <img loading=\"lazy\" class=\"size-medium wp-image-73940 alignright\" src=\"https:\/\/www.enerjigazetesi.ist\/wp-content\/uploads\/2018\/05\/catida-uretilen-elektrigi-satanlar-esnaf-muafiyetinden-yararlanacak-300x150.jpg\" alt=\"\" width=\"300\" height=\"150\" srcset=\"https:\/\/www.enerjigazetesi.ist\/wp-content\/uploads\/2018\/05\/catida-uretilen-elektrigi-satanlar-esnaf-muafiyetinden-yararlanacak-300x150.jpg 300w, https:\/\/www.enerjigazetesi.ist\/wp-content\/uploads\/2018\/05\/catida-uretilen-elektrigi-satanlar-esnaf-muafiyetinden-yararlanacak-500x250.jpg 500w, https:\/\/www.enerjigazetesi.ist\/wp-content\/uploads\/2018\/05\/catida-uretilen-elektrigi-satanlar-esnaf-muafiyetinden-yararlanacak-80x40.jpg 80w, https:\/\/www.enerjigazetesi.ist\/wp-content\/uploads\/2018\/05\/catida-uretilen-elektrigi-satanlar-esnaf-muafiyetinden-yararlanacak.jpg 640w\" sizes=\"(max-width: 300px) 100vw, 300px\" \/>\u00e7at\u0131s\u0131nda g\u00fcne\u015f yada r\u00fczgar enerjisi ile elektrik \u00fcretenler, \u00f6z t\u00fcketimlerinden fazlas\u0131n\u0131 elektrik da\u011f\u0131t\u0131m \u015firketlerine satt\u0131klar\u0131nda esnaf muafiyetinden faydalanacak. Bu da ihtiyac\u0131n fazlas\u0131 i\u00e7in elde edilecek gelire kar\u015f\u0131l\u0131k %5 gelir vergisi stopaj\u0131 \u00f6deyecektir.<\/p>\n<p>\u201cVergiden Muaf Esnaf\u201d stat\u00fcs\u00fc kazanabilmek ad\u0131na maximum 10 kw kurulu g\u00fcce sahip olmak ve ihtiya\u00e7tan fazla \u00fcretilen elektri\u011fin da\u011f\u0131t\u0131m \u015firketlerine satmakt\u0131r. Bu stat\u00fcy\u00fc kazananlar, beyanname vermek ve defter tutmak zorunda kal\u0131nmayacakt\u0131r.<\/p>\n<p>Sahibi olunan veya kiralanan i\u015fyerlerinde kurulan tesislerde \u00fcretilen elektri\u011fin ihtiya\u00e7 fazlas\u0131n\u0131n sat\u0131\u015f\u0131ndan dolay\u0131 esnaf muafl\u0131\u011f\u0131ndan yararlan\u0131lamayacak. Ancak, konutunu hem i\u015fyeri hem de mesken olarak kullananlar\u0131n elde etti\u011fi kazan\u00e7lar muafiyet kapsam\u0131nda kabul edilecek. Apartmanlardan al\u0131nan elektrik i\u00e7in gider pusulas\u0131 apartman y\u00f6netimine kesilecek. Da\u011f\u0131t\u0131m \u015firketine elektrik satanlar\u0131n gider pusulalar\u0131n\u0131 5 y\u0131l s\u00fcreyle saklamalar\u0131 gerekiyor.<\/p>","protected":false},"excerpt":{"rendered":"<p>Sorry, this entry is only available in Turkish. For the sake of viewer convenience, the content is shown below in the alternative language. You may click the link to switch the active language.10 Kw ve alt\u0131 elektrik \u00fcretenler, esnaf muafiyetinden yararlanarak, %5 gelir vergisi stopaj\u0131 \u00f6deyecek. Solar \u00e7at\u0131da, elektri\u011fin fazlas\u0131n\u0131 da\u011f\u0131t\u0131m \u015firketlerine satanlara, \u201cvergiden muaf [&hellip;]<\/p>\n","protected":false},"author":1,"featured_media":73940,"comment_status":"open","ping_status":"open","sticky":false,"template":"","format":"standard","meta":[],"categories":[53,49],"tags":[37537,67,1009,23416,23131,34879],"views":632,"_links":{"self":[{"href":"https:\/\/www.enerjigazetesi.ist\/en\/wp-json\/wp\/v2\/posts\/73939"}],"collection":[{"href":"https:\/\/www.enerjigazetesi.ist\/en\/wp-json\/wp\/v2\/posts"}],"about":[{"href":"https:\/\/www.enerjigazetesi.ist\/en\/wp-json\/wp\/v2\/types\/post"}],"author":[{"embeddable":true,"href":"https:\/\/www.enerjigazetesi.ist\/en\/wp-json\/wp\/v2\/users\/1"}],"replies":[{"embeddable":true,"href":"https:\/\/www.enerjigazetesi.ist\/en\/wp-json\/wp\/v2\/comments?post=73939"}],"version-history":[{"count":2,"href":"https:\/\/www.enerjigazetesi.ist\/en\/wp-json\/wp\/v2\/posts\/73939\/revisions"}],"predecessor-version":[{"id":73952,"href":"https:\/\/www.enerjigazetesi.ist\/en\/wp-json\/wp\/v2\/posts\/73939\/revisions\/73952"}],"wp:featuredmedia":[{"embeddable":true,"href":"https:\/\/www.enerjigazetesi.ist\/en\/wp-json\/wp\/v2\/media\/73940"}],"wp:attachment":[{"href":"https:\/\/www.enerjigazetesi.ist\/en\/wp-json\/wp\/v2\/media?parent=73939"}],"wp:term":[{"taxonomy":"category","embeddable":true,"href":"https:\/\/www.enerjigazetesi.ist\/en\/wp-json\/wp\/v2\/categories?post=73939"},{"taxonomy":"post_tag","embeddable":true,"href":"https:\/\/www.enerjigazetesi.ist\/en\/wp-json\/wp\/v2\/tags?post=73939"}],"curies":[{"name":"wp","href":"https:\/\/api.w.org\/{rel}","templated":true}]}}