{"id":73936,"date":"2018-05-03T13:26:35","date_gmt":"2018-05-03T10:26:35","guid":{"rendered":"https:\/\/www.enerjigazetesi.ist\/?p=73936"},"modified":"2018-05-03T13:26:35","modified_gmt":"2018-05-03T10:26:35","slug":"kutay-kaleli-tesab-ozel-oturumunda-solar-sektoru-ve-cati-pazarini-anlatti","status":"publish","type":"post","link":"https:\/\/www.enerjigazetesi.ist\/en\/kutay-kaleli-tesab-ozel-oturumunda-solar-sektoru-ve-cati-pazarini-anlatti\/","title":{"rendered":"(Turkish) Kutay Kaleli TESAB \u00d6zel Oturumunda Solar Sekt\u00f6r\u00fc ve \u00c7at\u0131 Pazar\u0131n\u0131 Anlatt\u0131"},"content":{"rendered":"<p class=\"qtranxs-available-languages-message qtranxs-available-languages-message-en\">Sorry, this entry is only available in <a href=\"https:\/\/www.enerjigazetesi.ist\/tr\/wp-json\/wp\/v2\/posts\/73936\" class=\"qtranxs-available-language-link qtranxs-available-language-link-tr\" title=\"Turkish\">Turkish<\/a>. For the sake of viewer convenience, the content is shown below in the alternative language. You may click the link to switch the active language.<\/p><p><strong>A\u00e7\u0131l\u0131\u015f Konu\u015fmas\u0131n\u0131 TESAB Y\u00f6netim Kurulu \u00fcyesi ve ELTEMTEK Genel M\u00fcd\u00fcr\u00fc \u015eerif Okluo\u011flu\u2019nun yapt\u0131\u011f\u0131 oturumda G\u00dcNDER Y\u00f6netim Kurulu Ba\u015fkan\u0131 Kutay Kaleli G\u00fcne\u015f Enerjisinin T\u00fcrkiye\u2019deki Durumuna ve Geli\u015fen \u00c7ATI GES pazar\u0131na dair \u00f6nemli a\u00e7\u0131klamalarda bulundu.<\/strong><\/p>\n<p>A\u00e7\u0131l\u0131\u015f Konu\u015fmas\u0131nda Okluo\u011flu; \u201c2000\u2019li y\u0131llarda d\u00fcnyan\u0131n en pahal\u0131 enerji \u00fcretim metodu olan g\u00fcne\u015f enerjisi en ucuz \u00fcretim y\u00f6ntemlerinden birine d\u00f6n\u00fc\u015fm\u00fc\u015f durumda. D\u00fcnyada g\u00fcne\u015f enerjisi santralleri kurulu g\u00fcc\u00fc artmaya devam ederken \u00fclkemizde de bu sekt\u00f6r yeni ba\u015flamaya, \u00f6zellikle son d\u00f6nemde <img loading=\"lazy\" class=\"alignleft size-medium wp-image-73937\" src=\"https:\/\/www.enerjigazetesi.ist\/wp-content\/uploads\/2018\/05\/kutay-kaleli-tesab-ozel-oturumunda-solar-sektoru-ve-cati-pazarini-anlatti-300x150.jpg\" alt=\"\" width=\"300\" height=\"150\" srcset=\"https:\/\/www.enerjigazetesi.ist\/wp-content\/uploads\/2018\/05\/kutay-kaleli-tesab-ozel-oturumunda-solar-sektoru-ve-cati-pazarini-anlatti-300x150.jpg 300w, https:\/\/www.enerjigazetesi.ist\/wp-content\/uploads\/2018\/05\/kutay-kaleli-tesab-ozel-oturumunda-solar-sektoru-ve-cati-pazarini-anlatti-500x250.jpg 500w, https:\/\/www.enerjigazetesi.ist\/wp-content\/uploads\/2018\/05\/kutay-kaleli-tesab-ozel-oturumunda-solar-sektoru-ve-cati-pazarini-anlatti-80x40.jpg 80w, https:\/\/www.enerjigazetesi.ist\/wp-content\/uploads\/2018\/05\/kutay-kaleli-tesab-ozel-oturumunda-solar-sektoru-ve-cati-pazarini-anlatti.jpg 640w\" sizes=\"(max-width: 300px) 100vw, 300px\" \/>Enerji ve Tabii Kaynaklar Bakanl\u0131\u011f\u0131m\u0131z\u0131n aktif etkin politikalar\u0131yla buradaki kapasite artt\u0131r\u0131lmaya \u00e7al\u0131\u015f\u0131l\u0131yor.\u201d Dedi. Okluo\u011flu \u201cBakan\u0131m\u0131z\u0131n 2023 y\u0131l\u0131na kadar 10.000 MW hedefine h\u0131zl\u0131 ad\u0131mlarla gidiyoruz. G\u00fcne\u015f Enerjisi Kurulu g\u00fcc\u00fc 2014 sonunda 40,18 MW, 2015 Sonu 248,8 MW 2016 sonunda 838,5 MW 2017 sonunda ise 3.420,7 MW olarak ger\u00e7ekle\u015fmi\u015ftir. 2018 Mart Ay\u0131 sonu itibariyle\u2019de 4.061 MW g\u00fcc\u00fcne ula\u015fm\u0131\u015f durumda buda ne kadar h\u0131zl\u0131 ne kadar emin ad\u0131mlarla gidildi\u011fini g\u00f6steriyor\u201d diyerek s\u00f6z\u00fc Kutay Kaleli\u2019ye b\u0131rakt\u0131.<\/p>\n<p>G\u00dcNDER Y\u00f6netim Kurulu Ba\u015fkan\u0131 Kutay Kaleli konu\u015fmas\u0131na G\u00fcne\u015f enerji sekt\u00f6r\u00fcn\u00fcn istatistikleri hakk\u0131nda bilgi vererek ba\u015flad\u0131. Kaleli \u201c4.061MW asl\u0131nda ara bir rakamd\u0131. Kayna\u011f\u0131\u2019da YEGEM\u2019di . Son TE\u0130A\u015e a\u00e7\u0131klamalar\u0131na g\u00f6re ise \u015fu anda GES kurulu g\u00fcc\u00fcm\u00fcz lisans\u0131zlarda 4.567 MW, lisansl\u0131 projelerle birlikte 4.600 MW yakla\u015fm\u0131\u015f durumda. Bu yeterli de\u011fil bunu artt\u0131rmam\u0131z laz\u0131m.\u201d Dedi. Kaleli \u201cToplamdaki kurulu g\u00fcc\u00fcm\u00fcz olan 86.568 MW\u2019t\u0131n \u015fu anda %5,5\u2019i g\u00fcne\u015ften elektrik \u00fcretiyor. Bu olduk\u00e7a g\u00fczel bunu %10\u2019a kadar \u00e7ekmemiz gerekiyor bunun i\u00e7inde yapmam\u0131z gereken \u00e7ok \u015fey var.\u201d Diyerek s\u00f6zlerine devam etti.<\/p>\n<p>Kaleli konu\u015fmas\u0131na G\u00dcNDER hakk\u0131nda bilgi vererek s\u00fcrd\u00fcrd\u00fc. G\u00dcNDER\u2019in 1992 y\u0131l\u0131nda Bakanlar Kurulu Karar\u0131 ile kuruldu\u011funu ve Uluslararas\u0131 bir organizasyon olan ISES (International Solar Energy Society \u2013 Uluslararas\u0131 G\u00fcne\u015f Enerjisi Toplulu\u011fu\u00a0T\u00fcrkiye b\u00f6l\u00fcm\u00fc oldu\u011funu belirtti. Kurucular\u0131 aras\u0131nda Enerji ve Tabii Kaynaklar Bakanl\u0131\u011f\u0131, T\u00dcB\u0130TAK, TEDA\u015e, TSE, Meteoroloji Genel M\u00fcd\u00fcrl\u00fc\u011f\u00fc ve bir \u00e7ok \u00fcniversite ve akademisyenlerin bulundu\u011funun alt\u0131n\u0131 \u00e7izdi. G\u00dcNDER\u2019in ISES\u2019in T\u00fcrkiye temsilcisi oldu\u011funu ayn\u0131 zamanda T\u00fcrkiye\u2019yi Enerji ve Tabii Kaynaklar Bakanl\u0131\u011f\u0131 Resmi yetkisi ile Uluslararas\u0131 Enerji Ajans\u0131n\u0131 temsil ettiklerini ifade etti. Kaleli \u201cAyn\u0131 zamanda iklimlendirme \u00fcyesiyiz, EPIA ve ESTIF \u00fcyeli\u011fimiz devam ediyor. Bununla beraber \u0130stanbul Sanayi Odas\u0131nda ihtisas komisyonu \u00fcyesiyiz, Tar\u0131m bakanl\u0131\u011f\u0131nda IPARD izleme komisyonu \u00fcyesiyiz. \u0130ller Bankas\u0131 Yenilenebilir Enerji\u2019de \u00e7\u00f6z\u00fcm orta\u011f\u0131y\u0131z, Proje uzmanl\u0131\u011f\u0131 sertifikasyonu merkezi PUSEM Dan\u0131\u015fman E\u011fitim Kurulu \u00fcyesiyiz. Temiz Enerji Vakf\u0131nda Y\u00f6netim kurulu \u00fcyeli\u011fimiz devam ediyor ve bir \u00e7ok uluslararas\u0131 organizasyonda da \u00e7al\u0131\u015fmalar\u0131m\u0131z\u0131 s\u00fcrd\u00fcr\u00fcyoruz.\u201dDedi.<\/p>\n<p>G\u00dcNDER\u2019in \u00e7al\u0131\u015fmalar\u0131 hakk\u0131nda da bilgi veren Kaleli \u201cLokalde ve uluslararas\u0131 ortamlarda lobi faaliyetleri ger\u00e7ekle\u015ftiriyoruz. Mevzuat Geli\u015ftiriyoruz, bilin\u00e7lendirme ve bilgi kirlili\u011fini \u00f6nleme gibi faaliyetlerimiz var. G\u00fcne\u015f Enerjisini Yayg\u0131nla\u015ft\u0131rmak \u00fczere \u00fclkemizde \u00e7al\u0131\u015fmalar\u0131m\u0131z devam ediyor. Pazar\u2019\u0131 geli\u015ftiriyoruz. Sanayinin Geli\u015fmesi i\u00e7in bir \u00e7ok farkl\u0131 projeye imza at\u0131yoruz. \u0130stihdam artt\u0131r\u0131yoruz ve \u00fcniversite sanayi i\u015fbirli\u011fi projelerimiz devam ediyor.\u201d \u015eeklinde bilgi verdi.<\/p>\n<p>Kaleli ayn\u0131 zamanda T\u00fcrkiye G\u00fcne\u015f Enerji pazar\u0131 ve D\u00fcnya G\u00fcne\u015f Enerji pazar\u0131 hakk\u0131nda da bilgi vererek \u015funlar\u0131 s\u00f6yledi. \u201c\u0130ki ay \u00f6nce Solar Power Europe bir Summit yapt\u0131. Buradaki verilerden yola \u00e7\u0131karak \u015funu s\u00f6yleyebiliriz ki; T\u00fcrkiye \u015fu anda Avrupa\u2019daki Pazar pay\u0131n\u0131 \u00e7ok ciddi artt\u0131rm\u0131\u015f durumda. Toplam Avrupa 8.6 Gigawat\u2019l\u0131k bir kurulu g\u00fcce ula\u015fm\u0131\u015f. Bunun %24\u2019\u00fcn\u00fc T\u00fcrkiye olu\u015fturuyor. Gene benzer bir ortamda Global Energy Outlook raporuna g\u00f6re, bakt\u0131\u011f\u0131m\u0131zda T\u00fcrkiye i\u00e7in verilen kapasite art\u0131\u015flar\u0131 2021 y\u0131l\u0131na kadar toplamda 6.500 MWnin \u00fczerinde.<\/p>\n<p>Bu rakamlar\u0131n \u00e7ok b\u00fcy\u00fck bir b\u00f6l\u00fcm\u00fcn\u00fc \u00e7at\u0131n\u0131n olu\u015fturaca\u011f\u0131n\u0131 \u00f6ng\u00f6r\u00fcyoruz. T\u00fcrkiye\u2019de G\u00fcne\u015f Enerjisini toplamda 3 s\u0131n\u0131fta de\u011ferlendiriyoruz. Bunlardan biri Lisans\u0131z elektrik, buras\u0131 arazi uygulamalar\u0131, 10 KW alt\u0131 \u00e7at\u0131 ve cephe uygulamlar\u0131 ve 10 KW \u00fczerindeki \u00c7at\u0131 uygulamalar\u0131 diye bahsedebilece\u011fimiz 3 uygulamalard\u0131r. Asl\u0131nda 10 KW \u00fczeri \u00e7at\u0131 uygulamalar\u0131 da daha \u00e7ok i\u00e7 t\u00fcketime y\u00f6nelik olarak g\u00f6z\u00fck\u00fcyor. Lisansl\u0131 Elektrik projelerimiz var bir de YEKA projelerimiz var.\u201d Dedi.<\/p>\n<p>Kaleli \u00c7at\u0131 pazar\u0131na de\u011finerek \u201cGe\u00e7ti\u011fimiz y\u0131llarda \u00f6n\u00fcnde \u00f6nemli engelleri olan, bir \u00e7ok rahatlama olmas\u0131na ra\u011fmen halende baz\u0131 engellerin oldu\u011funu d\u00fc\u015f\u00fcnd\u00fc\u011f\u00fcm\u00fcz bir Pazar. Bu Pazar\u2019\u0131n geni\u015fletilmesi i\u00e7in ne yap\u0131lmal\u0131, ne kadarl\u0131k bir potansiyelimiz var. Bu potansiyelin ne kadar\u0131n\u0131 de\u011ferlendirebiliyoruz\u201d diyerek konuyla ilgili rakamlar hakk\u0131nda bilgi verdi.<\/p>\n<p>Kaleli \u201cD\u00fcnya bankas\u0131 ile beraber yapm\u0131\u015f oldu\u011fumuz bir \u00e7al\u0131\u015fma var. Bu \u00e7al\u0131\u015fman\u0131n neticesinde \u015f\u00f6yle bir sonu\u00e7 ortaya \u00e7\u0131kt\u0131. Bu \u00e7al\u0131\u015fma yakla\u015f\u0131k 1,5 y\u0131lda tamamland\u0131. 9 milyon 248 bin adet toplam bina adedimiz var. Bunlar\u0131n temel alan\u0131 2 milyar 237 bin metrekare. Kullan\u0131labilir \u00e7at\u0131 alanlar\u0131 ise 1 milyar 137 bin metrekare. Ne kadar\u0131 GES\u2019e uygun diye ara\u015ft\u0131r\u0131lm\u0131\u015f. \u00d6rnekleme metodu ile yap\u0131lan \u00e7al\u0131\u015fmaya g\u00f6re 467 milyon 600 bin metrekarelik GES\u2019e uygun \u00e7at\u0131m\u0131z var\u201d dedi. S\u00f6zlerine \u201cBunun da takribi rakam\u0131 46.76 Gigavat. Yani \u00c7at\u0131lar\u0131m\u0131z\u0131n tamam\u0131n\u0131 de\u011ferlendirebilecek olsayd\u0131k 45 Gigavat\u2019l\u0131k bir kurulu g\u00fcc\u00fc \u00fclkemize kazand\u0131rabilecektik. Fakat GES\u2019e uygun olanlar\u0131 de\u011ferlendirdi\u011fimizde bunun 19.25 Gigavat oldu\u011funu g\u00f6r\u00fcyoruz.\u201d Diyerek devam etti.<\/p>\n<p>Kaleli \u201cBu raporun bir alt detay\u0131 daha var. Bu da Da\u011f\u0131t\u0131m \u015febekesinin Ba\u011flanabilirlik k\u0131s\u0131mlar\u0131. Bunlar\u0131 de\u011ferlendirdi\u011fimizde bu kez rakamlar \u015funu ifade ediyor. Mevcut da\u011f\u0131t\u0131m \u015febekelerine e\u011fer yeni bir yat\u0131r\u0131m yap\u0131lmaz ise toplamda yeni 6.500 Megavat \u00e7at\u0131 projesi ba\u011flayabiliyoruz. Raporun bir alt detay\u0131 daha var. Bunlarda Mali kriterler, Maddi Kriterler. Yani hane halk\u0131n\u0131n sat\u0131n alma g\u00fcc\u00fc. Hane halk\u0131n\u0131n sat\u0131n alma g\u00fcc\u00fcne de bu i\u015fi indirgedi\u011fimizde 3,85 Gigavat\u2019l\u0131k bir kurulu g\u00fc\u00e7 g\u00f6z\u00fck\u00fcyor.\u201d Dedi.<\/p>\n<p>Kaleli \u201cDemek ki bug\u00fcn \u00e7at\u0131 pazar\u0131m\u0131z biraz daha hareketlense 4 Gigavat\u2019\u0131 \u00e7ok rahatl\u0131kla bir ka\u00e7 y\u0131l i\u00e7erisinde kurabilece\u011fiz. Bizim hedefimiz \u015fu her y\u0131l en az 1.000 Megavat\u2019l\u0131k \u00e7at\u0131 kurulumuzun ger\u00e7ekle\u015fmesi. G\u00dcNDER olarak ta bunu destekliyoruz.<\/p>\n<p>Kaleli Mevzuatsal anlamda neredeydik nerelere geldik konusuna k\u0131saca de\u011finerek \u201cMakro \u00f6l\u00e7ekte bu pazar\u0131n a\u00e7\u0131lmas\u0131 i\u00e7in, \u00f6ncelikle hane halk\u0131n\u0131n bunu kurabilmesi i\u00e7in gerekli kolayl\u0131klar\u0131n sa\u011flanmas\u0131 gerekiyor. Bu kolayl\u0131klar nas\u0131l sa\u011fland\u0131. 18 Ocak 2018 tarihinde y\u00fcr\u00fcrl\u00fc\u011fe giren elektrik piyasalar\u0131ndaki lisans elektrik y\u00f6netimine ili\u015fkin us\u00fcl ve esaslar ve oradaki tebli\u011fle beraber ba\u015fvurular biraz daha kolayla\u015ft\u0131r\u0131ld\u0131. Eskiden \u00e7a\u011fr\u0131 mektubu ba\u015fvurusu yapabilmeniz i\u00e7in harita al\u0131yordunuz, aplikasyon krokisi \u00e7iziyordunuz, tek hat \u015femalar\u0131 veriyordunuz, \u00e7ok ciddi har\u00e7lar \u00f6d\u00fcyordunuz. Bunlar\u0131 yapt\u0131rmak i\u00e7inde uzun zamanlar harc\u0131yordunuz \u015fimdi bunlar kolayla\u015ft\u0131r\u0131ld\u0131. Tekil kod dedi\u011fimiz bir kodla \u00e7ok \u00e7ok rahatl\u0131kla bug\u00fcn vatanda\u015f\u0131m\u0131z gidip \u00e7at\u0131s\u0131na kurmak istedi\u011fi sistem i\u00e7in ba\u015fvuru yapabiliyor. 10 KW alt\u0131nda olmak \u00fczere. E\u011fer 3 Kw\u2019nin de alt\u0131ndaysa, bu sefer herhangi bir kritere bak\u0131lmaks\u0131z\u0131n kendisine otomatik olarak \u00e7a\u011fr\u0131 mektubu veriliyor. Bu yap\u0131lan kolayla\u015ft\u0131rmalardan bir tanesi.\u201d<\/p>\n<p><strong>Bizim istediklerimiz nelerdi?\u00a0\u00a0<\/strong><\/p>\n<p>Kaleli \u201cBununla ilgili \u00e7ok ciddi lobi \u00e7al\u0131\u015fmalar\u0131 yapt\u0131k. \u00d6zellikle bir tanesi mahsupla\u015ft\u0131rman\u0131n getirilmesi. Bir di\u011feri i\u015fin vergilendirme boyutuydu. \u00c7\u00fcnk\u00fc vatanda\u015f\u0131m\u0131z Ahmet bey bug\u00fcn gidip bir \u00e7a\u011fr\u0131 mektubu alsa fatura kesemedi\u011fi i\u00e7in veya do\u011frudan vergi m\u00fckellefi olmad\u0131\u011f\u0131 i\u00e7in kendisine fazladan \u00fcretti\u011fi elektri\u011fin ticaretten kaynakl\u0131 gelirlerini da\u011f\u0131t\u0131m \u015firketleri \u00f6demiyorlard\u0131. \u00c7\u00fcnk\u00fc fatura bekliyorlard\u0131. \u015eah\u0131slar\u0131nda her birinin tek tek gelir vergisi m\u00fckellefiyeti yada kurumlar vergisi m\u00fckellefiyeti alabilme durumu s\u00f6z konusu olmad\u0131\u011f\u0131 i\u00e7in bununla ilgili baz\u0131 lobi \u00e7al\u0131\u015fmalar\u0131 ger\u00e7ekle\u015ftirdik. Burada Yenilebilir Enerji Genel M\u00fcd\u00fcrl\u00fc\u011f\u00fcne \u00e7ok te\u015fekk\u00fcr ediyoruz. Ger\u00e7ekten bizi \u00e7ok desteklediler ve Maliye bakanl\u0131\u011f\u0131 bu anlamda kendi g\u00f6r\u00fc\u015flerini de \u00e7ok paralel bir \u015fekilde verdiler.\u201d Dedi.<\/p>\n<p>Kaleli \u201c 18 Ocakta \u00e7\u0131kan y\u00f6netmelikte bu fatura kesilmesinin \u00f6n\u00fcne ge\u00e7ildi ama halen vergilendirme boyutu belirsizdi. \u00c7ok b\u00fcy\u00fck ihtimal ile %5 stopaj tutmak suretiyle de fatura kesme zorunlulu\u011fu olmayacak ve vatanda\u015f ta art\u0131k bu paras\u0131n\u0131 cebine alabilecek. Bir tane sorunumuz daha kal\u0131yor. \u201cMahsupla\u015fma\u201d Elektri\u011fi t\u00fcketmiyoruz; \u015fu andaki mahsupla\u015fma saatlik mahsupla\u015fmad\u0131r.\u201d Diyerek s\u00f6zlerine devam etti<\/p>\n<p><strong>Saatlik mahsupla\u015fma Ne demek? Ne Yap\u0131labilir?<\/strong><\/p>\n<p>Kaleli \u201c O saat i\u00e7erisinde t\u00fckettiniz, t\u00fckettiniz. T\u00fcketmediniz o elektri\u011fin fazlas\u0131 bo\u015fa gidiyor. Bu sanayi tipi \u00e7at\u0131larda kar\u015f\u0131m\u0131za \u00e7\u0131kacak konulardan bir tanesi. Bununda biz Ayl\u0131k hatta m\u00fcmk\u00fcnse Net Metering sistemi ile y\u0131ll\u0131k mahsupla\u015fma olabilmesini istiyoruz. Bununla ilgilide olumlu geli\u015fmeler \u00e7al\u0131\u015fmalar oldu\u011funu biliyorum. Buda gelirse \u00e7ok b\u00fcy\u00fck ba\u015fka problem kalmam\u0131\u015f olacak. O zaman \u00e7at\u0131lar\u0131m\u0131zda daha fazla s\u0131k\u0131nt\u0131 g\u00f6rmeyece\u011fiz. Bir \u00f6nemli konu daha var T\u0130P Proje onay\u0131 var. TEDA\u015e\u2019\u0131n T\u0130P proje onay\u0131ndan \u00fccret almamas\u0131n\u0131 istiyoruz. Bu \u00f6nemli konulardan bir tanesidir. Keza ayn\u0131 \u015fekilde \u00e7a\u011fr\u0131 mektubu ba\u015fvurular\u0131ndan da\u011f\u0131t\u0131m \u015firketlerinin para almamas\u0131n\u0131 istiyoruz. B\u00f6ylelikle ucuza ba\u015fvuru yap\u0131labilecek ve i\u015fin sonunda da \u00e7at\u0131da bu i\u015fi kurabilece\u011fiz.\u201d Diyerek s\u00f6zlerini bitirdi.<\/p>","protected":false},"excerpt":{"rendered":"<p>Sorry, this entry is only available in Turkish. For the sake of viewer convenience, the content is shown below in the alternative language. You may click the link to switch the active language.A\u00e7\u0131l\u0131\u015f Konu\u015fmas\u0131n\u0131 TESAB Y\u00f6netim Kurulu \u00fcyesi ve ELTEMTEK Genel M\u00fcd\u00fcr\u00fc \u015eerif Okluo\u011flu\u2019nun yapt\u0131\u011f\u0131 oturumda G\u00dcNDER Y\u00f6netim Kurulu Ba\u015fkan\u0131 Kutay Kaleli G\u00fcne\u015f Enerjisinin T\u00fcrkiye\u2019deki [&hellip;]<\/p>\n","protected":false},"author":1,"featured_media":73937,"comment_status":"open","ping_status":"open","sticky":false,"template":"","format":"standard","meta":[],"categories":[53,49],"tags":[67,1009,2326,1382,23416,1325,23133,23131,35120],"views":717,"_links":{"self":[{"href":"https:\/\/www.enerjigazetesi.ist\/en\/wp-json\/wp\/v2\/posts\/73936"}],"collection":[{"href":"https:\/\/www.enerjigazetesi.ist\/en\/wp-json\/wp\/v2\/posts"}],"about":[{"href":"https:\/\/www.enerjigazetesi.ist\/en\/wp-json\/wp\/v2\/types\/post"}],"author":[{"embeddable":true,"href":"https:\/\/www.enerjigazetesi.ist\/en\/wp-json\/wp\/v2\/users\/1"}],"replies":[{"embeddable":true,"href":"https:\/\/www.enerjigazetesi.ist\/en\/wp-json\/wp\/v2\/comments?post=73936"}],"version-history":[{"count":1,"href":"https:\/\/www.enerjigazetesi.ist\/en\/wp-json\/wp\/v2\/posts\/73936\/revisions"}],"predecessor-version":[{"id":73938,"href":"https:\/\/www.enerjigazetesi.ist\/en\/wp-json\/wp\/v2\/posts\/73936\/revisions\/73938"}],"wp:featuredmedia":[{"embeddable":true,"href":"https:\/\/www.enerjigazetesi.ist\/en\/wp-json\/wp\/v2\/media\/73937"}],"wp:attachment":[{"href":"https:\/\/www.enerjigazetesi.ist\/en\/wp-json\/wp\/v2\/media?parent=73936"}],"wp:term":[{"taxonomy":"category","embeddable":true,"href":"https:\/\/www.enerjigazetesi.ist\/en\/wp-json\/wp\/v2\/categories?post=73936"},{"taxonomy":"post_tag","embeddable":true,"href":"https:\/\/www.enerjigazetesi.ist\/en\/wp-json\/wp\/v2\/tags?post=73936"}],"curies":[{"name":"wp","href":"https:\/\/api.w.org\/{rel}","templated":true}]}}