{"id":73930,"date":"2018-05-03T07:36:13","date_gmt":"2018-05-03T04:36:13","guid":{"rendered":"https:\/\/www.enerjigazetesi.ist\/?p=73930"},"modified":"2018-05-03T07:38:16","modified_gmt":"2018-05-03T04:38:16","slug":"martta-almanyadaki-gunes-enerjisi-kurulumlari-geriledi","status":"publish","type":"post","link":"https:\/\/www.enerjigazetesi.ist\/en\/martta-almanyadaki-gunes-enerjisi-kurulumlari-geriledi\/","title":{"rendered":"(Turkish) Mart&#8217;ta Almanya&#8217;daki G\u00fcne\u015f Enerjisi Kurulumlar\u0131 Geriledi"},"content":{"rendered":"<p class=\"qtranxs-available-languages-message qtranxs-available-languages-message-en\">Sorry, this entry is only available in <a href=\"https:\/\/www.enerjigazetesi.ist\/tr\/wp-json\/wp\/v2\/posts\/73930\" class=\"qtranxs-available-language-link qtranxs-available-language-link-tr\" title=\"Turkish\">Turkish<\/a>. For the sake of viewer convenience, the content is shown below in the alternative language. You may click the link to switch the active language.<\/p><p><strong>Almanya Federal A\u011f Ajans\u0131 (Bundesnetzagentur) Mart ay\u0131nda 156,5 MW\u2019l\u0131k g\u00fcne\u015f enerjisi kurulumunu bildirdi. Y\u0131l\u0131n ilk iki ay\u0131na k\u0131yasla 200 MW\u2019\u0131n \u00fczerinde olan kurulum, Mart ay\u0131nda k\u00fc\u00e7\u00fck de olsa bir d\u00fc\u015f\u00fc\u015f ya\u015fam\u0131\u015ft\u0131r.<img loading=\"lazy\" class=\"alignright size-medium wp-image-73933\" src=\"https:\/\/www.enerjigazetesi.ist\/wp-content\/uploads\/2018\/05\/almanya-gunes-enerjisi-640x320-300x150.jpg\" alt=\"\" width=\"300\" height=\"150\" srcset=\"https:\/\/www.enerjigazetesi.ist\/wp-content\/uploads\/2018\/05\/almanya-gunes-enerjisi-640x320-300x150.jpg 300w, https:\/\/www.enerjigazetesi.ist\/wp-content\/uploads\/2018\/05\/almanya-gunes-enerjisi-640x320-500x250.jpg 500w, https:\/\/www.enerjigazetesi.ist\/wp-content\/uploads\/2018\/05\/almanya-gunes-enerjisi-640x320-80x40.jpg 80w, https:\/\/www.enerjigazetesi.ist\/wp-content\/uploads\/2018\/05\/almanya-gunes-enerjisi-640x320.jpg 640w\" sizes=\"(max-width: 300px) 100vw, 300px\" \/><\/strong><\/p>\n<p>\u015eubat ay\u0131na g\u00f6re d\u00fc\u015f\u00fc\u015f\u00fcn temel sebebi arazi g\u00fcne\u015f enerji kurulumlar\u0131ndaki gerilmeden kaynaklanmaktad\u0131r. Almanya Federal A\u011f Ajans\u0131\u2019na g\u00f6re arazi kurulumlar\u0131n\u0131n 95 Mw\u2019tan 35,6 Mw d\u00fc\u015fmesi olarak g\u00f6sterirken, bunlar\u0131n yakla\u015f\u0131k 20 Mw ihalelerde se\u00e7ilen b\u00fcy\u00fck \u00f6l\u00e7ekli arazi g\u00fcne\u015f enerji projeleri olarak belirtildi.<\/p>\n<p>Daha k\u00fc\u00e7\u00fck \u00e7at\u0131 \u00fcst\u00fc tesisler i\u00e7in, toplam 120.5 MW\u2019l\u0131k \u00e7\u0131k\u0131\u015fa sahip 5,210 g\u00fcne\u015f enerjisi sistemleri, Mart ay\u0131nda Federal A\u011f Ajans\u0131\u2019na yeni tescil edilmi\u015ftir. Bunlardan, yakla\u015f\u0131k 85.5 MW\u2019l\u0131k toplam \u00e7\u0131k\u0131\u015fa sahip 3,679 PV sistemi faaliyete ge\u00e7ti.<\/p>","protected":false},"excerpt":{"rendered":"<p>Sorry, this entry is only available in Turkish. For the sake of viewer convenience, the content is shown below in the alternative language. You may click the link to switch the active language.Almanya Federal A\u011f Ajans\u0131 (Bundesnetzagentur) Mart ay\u0131nda 156,5 MW\u2019l\u0131k g\u00fcne\u015f enerjisi kurulumunu bildirdi. Y\u0131l\u0131n ilk iki ay\u0131na k\u0131yasla 200 MW\u2019\u0131n \u00fczerinde olan kurulum, [&hellip;]<\/p>\n","protected":false},"author":1,"featured_media":73933,"comment_status":"open","ping_status":"open","sticky":false,"template":"","format":"standard","meta":[],"categories":[53,49],"tags":[67,1009,23416,23133],"views":629,"_links":{"self":[{"href":"https:\/\/www.enerjigazetesi.ist\/en\/wp-json\/wp\/v2\/posts\/73930"}],"collection":[{"href":"https:\/\/www.enerjigazetesi.ist\/en\/wp-json\/wp\/v2\/posts"}],"about":[{"href":"https:\/\/www.enerjigazetesi.ist\/en\/wp-json\/wp\/v2\/types\/post"}],"author":[{"embeddable":true,"href":"https:\/\/www.enerjigazetesi.ist\/en\/wp-json\/wp\/v2\/users\/1"}],"replies":[{"embeddable":true,"href":"https:\/\/www.enerjigazetesi.ist\/en\/wp-json\/wp\/v2\/comments?post=73930"}],"version-history":[{"count":2,"href":"https:\/\/www.enerjigazetesi.ist\/en\/wp-json\/wp\/v2\/posts\/73930\/revisions"}],"predecessor-version":[{"id":73934,"href":"https:\/\/www.enerjigazetesi.ist\/en\/wp-json\/wp\/v2\/posts\/73930\/revisions\/73934"}],"wp:featuredmedia":[{"embeddable":true,"href":"https:\/\/www.enerjigazetesi.ist\/en\/wp-json\/wp\/v2\/media\/73933"}],"wp:attachment":[{"href":"https:\/\/www.enerjigazetesi.ist\/en\/wp-json\/wp\/v2\/media?parent=73930"}],"wp:term":[{"taxonomy":"category","embeddable":true,"href":"https:\/\/www.enerjigazetesi.ist\/en\/wp-json\/wp\/v2\/categories?post=73930"},{"taxonomy":"post_tag","embeddable":true,"href":"https:\/\/www.enerjigazetesi.ist\/en\/wp-json\/wp\/v2\/tags?post=73930"}],"curies":[{"name":"wp","href":"https:\/\/api.w.org\/{rel}","templated":true}]}}