{"id":73853,"date":"2018-05-01T12:21:39","date_gmt":"2018-05-01T09:21:39","guid":{"rendered":"https:\/\/www.enerjigazetesi.ist\/?p=73853"},"modified":"2018-05-01T12:33:30","modified_gmt":"2018-05-01T09:33:30","slug":"su-ve-yakittan-tasarruf-saglayan-bulus-5-karbon-zirvesinde-odullendirildi","status":"publish","type":"post","link":"https:\/\/www.enerjigazetesi.ist\/en\/su-ve-yakittan-tasarruf-saglayan-bulus-5-karbon-zirvesinde-odullendirildi\/","title":{"rendered":"(Turkish) Su ve Yak\u0131ttan Tasarruf Sa\u011flayan Bulu\u015f 5.Karbon Zirvesinde \u00d6d\u00fcllendirildi"},"content":{"rendered":"<p class=\"qtranxs-available-languages-message qtranxs-available-languages-message-en\">Sorry, this entry is only available in <a href=\"https:\/\/www.enerjigazetesi.ist\/tr\/wp-json\/wp\/v2\/posts\/73853\" class=\"qtranxs-available-language-link qtranxs-available-language-link-tr\" title=\"Turkish\">Turkish<\/a>. For the sake of viewer convenience, the content is shown below in the alternative language. You may click the link to switch the active language.<\/p><p><strong>\u00c7evreyle dost \u00fcr\u00fcn ve teknoloji \u00fcreten \u015firketlerin \u00f6d\u00fcllendirildi\u011fi, karbon ayak izini d\u00fc\u015f\u00fcren firmalar\u0131n do\u011fa dostu \u00fcretimlerini anlatt\u0131\u011f\u0131 5. Karbon Zirvesi, 26 Nisan Per\u015fembe g\u00fcn\u00fc \u0130stanbul\u2019da ger\u00e7ekle\u015fti. S\u00fcrd\u00fcr\u00fclebilir \u00dcretim ve T\u00fcketim Derne\u011fi (S\u00dcT-D) taraf\u0131ndan, \u0130stanbul Teknik \u00dcniversitesi S\u00fcleyman Demirel Konferans Salonu\u2019nda 5.\u2019si yap\u0131lan zirvede, 1995\u2019ten bu yana kimya alan\u0131nda \u00fcretti\u011fi \u00fcr\u00fcnlerle bir\u00e7ok sekt\u00f6re hizmet veren GREEN Chemicals, \u201cToz Tutucu \u00dcr\u00fcnlerle Yak\u0131t T\u00fcketimini D\u00fc\u015f\u00fcrerek Karbon Sal\u0131n\u0131m\u0131n\u0131n Azalt\u0131lmas\u0131\u201d projesiyle \u201cD\u00fc\u015f\u00fck Karbon Kahraman\u0131\u201d \u00f6d\u00fcl\u00fcn\u00fc ald\u0131.<\/strong><\/p>\n<p>\u0130klim de\u011fi\u015fikli\u011fi ve k\u00fcresel \u0131s\u0131nman\u0131n etkilerinin g\u00f6r\u00fcld\u00fc\u011f\u00fc g\u00fcn\u00fcm\u00fczde, do\u011fay\u0131 korumak amac\u0131yla yap\u0131lan \u00e7al\u0131\u015fmalar\u0131n ba\u015f\u0131nda gelen Karbon Ayak \u0130zini d\u00fc\u015f\u00fcrme projesi kapsam\u0131nda, bu konuda <img loading=\"lazy\" class=\"alignleft size-medium wp-image-73854\" src=\"https:\/\/www.enerjigazetesi.ist\/wp-content\/uploads\/2018\/05\/su-ve-yakittan-tasarruf-saglayan-bulus-5-karbon-zirvesinde-odullendirildi-300x207.jpg\" alt=\"\" width=\"300\" height=\"207\" srcset=\"https:\/\/www.enerjigazetesi.ist\/wp-content\/uploads\/2018\/05\/su-ve-yakittan-tasarruf-saglayan-bulus-5-karbon-zirvesinde-odullendirildi-300x207.jpg 300w, https:\/\/www.enerjigazetesi.ist\/wp-content\/uploads\/2018\/05\/su-ve-yakittan-tasarruf-saglayan-bulus-5-karbon-zirvesinde-odullendirildi-768x530.jpg 768w, https:\/\/www.enerjigazetesi.ist\/wp-content\/uploads\/2018\/05\/su-ve-yakittan-tasarruf-saglayan-bulus-5-karbon-zirvesinde-odullendirildi-1024x706.jpg 1024w, https:\/\/www.enerjigazetesi.ist\/wp-content\/uploads\/2018\/05\/su-ve-yakittan-tasarruf-saglayan-bulus-5-karbon-zirvesinde-odullendirildi-500x345.jpg 500w, https:\/\/www.enerjigazetesi.ist\/wp-content\/uploads\/2018\/05\/su-ve-yakittan-tasarruf-saglayan-bulus-5-karbon-zirvesinde-odullendirildi-73x50.jpg 73w, https:\/\/www.enerjigazetesi.ist\/wp-content\/uploads\/2018\/05\/su-ve-yakittan-tasarruf-saglayan-bulus-5-karbon-zirvesinde-odullendirildi.jpg 1424w\" sizes=\"(max-width: 300px) 100vw, 300px\" \/>hassasiyet g\u00f6steren \u015firketlerin \u00f6d\u00fcllendirildi\u011fi zirvede bir\u00e7ok konu konu\u015fuldu. \u00a0Zirvenin a\u00e7\u0131l\u0131\u015f konu\u015fmalar\u0131n\u0131, S\u00dcT-D Ba\u015fkan\u0131 Prof. Dr. Filiz Karaosmano\u011flu, \u0130.T.\u00dc. Rekt\u00f6r\u00fc Prof. Dr. Mehmet Karaca ile \u00c7evre ve \u015eehircilik Bakanl\u0131\u011f\u0131 \u00c7evre Y\u00f6netimi Genel M\u00fcd\u00fcr\u00fc Muhammet Ecel yapt\u0131lar.<\/p>\n<p>Karbon Zirvesi\u2019nin program\u0131nda \u2018\u0130klim Finansman\u0131\u2019, \u2018K\u00fcresel Geli\u015fmeler\u2019, \u2018T\u00fcrkiye\u2019nin Sanayide \u0130klim De\u011fi\u015fikli\u011fi ile M\u00fccadelesi\u2019, Karbon Y\u00f6netimi ve End\u00fcstri\u2019 konular\u0131 ele al\u0131nd\u0131. Gebze\u2019de, s\u00fcrd\u00fcr\u00fclebilirlik stratejisi \u00e7er\u00e7evesinde faaliyet g\u00f6steren GREEN Chemicals, \u00e7evreye olan duyarl\u0131l\u0131\u011f\u0131n\u0131 her ge\u00e7en y\u0131l d\u00fc\u015f\u00fcrd\u00fc\u011f\u00fc karbon ayak iziyle destekliyor. Bu y\u0131l da Toz Tutucu \u00fcr\u00fcn paleti ile <strong>\u201cD\u00fc\u015f\u00fck Karbon Kahraman\u0131\u201d<\/strong> \u00f6d\u00fcl\u00fcn\u00fc alan firma, ayn\u0131 zamanda yine zirvenin destek\u00e7isi oldu.<\/p>\n<p><strong>Tozun Olu\u015fmas\u0131n\u0131 Engelleyerek Yak\u0131t T\u00fcketimini D\u00fc\u015f\u00fcr\u00fcyor<\/strong><\/p>\n<p>S\u00fcrd\u00fcr\u00fclebilir \u00dcretim ve T\u00fcketim Derne\u011fi (S\u00dcT-D) taraf\u0131ndan son be\u015f y\u0131ld\u0131r organize edilen Karbon Zirvesi\u2019nde ikinci \u00f6d\u00fcl\u00fcn\u00fc alan firma, bir yandan kimyevi maddeler \u00fcretimi yaparken ayn\u0131 zamanda do\u011faya da sahip \u00e7\u0131k\u0131yor. Suyun daha verimli kullan\u0131m\u0131 ile ilgili proje \u00e7al\u0131\u015fmalar\u0131na h\u0131z veren GREEN Chemicals, toz bast\u0131rma \u00e7al\u0131\u015fmalar\u0131nda kullan\u0131lan suyun azalt\u0131lmas\u0131 ve dolay\u0131s\u0131yla sulama yapan tankerlerin daha az kullan\u0131lmas\u0131 \u00e7al\u0131\u015fmalar\u0131na da devam ediyor. GREEN Chemicals, a\u011f\u0131rl\u0131k olarak su, at\u0131k su, jeotermal, maden, ham petrol ve metal y\u00fczey \u015fartland\u0131rma kimyasallar\u0131 \u00fcretimi konusunda T\u00fcrkiye\u2019nin \u00f6nde gelen \u00fcretici firmas\u0131 olarak dikkat \u00e7ekiyor.<\/p>\n<p><strong>\u201cKarbon Ayak \u0130zimizi Giderek K\u00fc\u00e7\u00fcltece\u011fiz\u201d<\/strong><\/p>\n<p>GREEN Chemicals Genel M\u00fcd\u00fcr Yard\u0131mc\u0131s\u0131 Say\u0131n Cengiz Ay; do\u011fa dostu \u00fcr\u00fcn \u00fcretimine \u00e7ok \u00f6nem verdiklerini, \u00f6zellikle MINE-Treat<sup>\u00ae<\/sup> markas\u0131yla \u00fcrettikleri maden end\u00fcstrisi \u00fcr\u00fcn grubuyla, firma olarak karbon sal\u0131n\u0131mlar\u0131n\u0131 d\u00fc\u015f\u00fcrd\u00fcklerini belirtti. \u00c7evreci bir politika izleyip, do\u011faya gereken \u00f6nemi verdiklerini belirten GREEN Chemicals Genel M\u00fcd\u00fcr Yard\u0131mc\u0131s\u0131 Sn. Cengiz Ay; 2018\u2019deki 5.Karbon Zirvesi\u2019nde projeleri ile \u00f6d\u00fcl ald\u0131klar\u0131n\u0131 s\u00f6yleyerek s\u00f6zlerine \u015funlar\u0131 ekledi : \u201cDo\u011fay\u0131 koruyarak imalat\u0131 hedefledik. As\u0131l \u00f6nemli olan, \u00fcretti\u011fimiz kimyevi maddelerin d\u00fc\u015f\u00fck karbon sal\u0131n\u0131m\u0131yla do\u011fa dostu \u00fcr\u00fcn kategorisinde yer almas\u0131d\u0131r. Karbon ayak izimizi her y\u0131l daha da k\u00fc\u00e7\u00fcltece\u011fiz. \u00c7evre dostu \u00fcretim ve yak\u0131t t\u00fcketimini d\u00fc\u015f\u00fcrme teknolojisinde kendimizi s\u00fcrekli geli\u015ftirmeye devam ediyoruz. \u201c<\/p>","protected":false},"excerpt":{"rendered":"<p>Sorry, this entry is only available in Turkish. For the sake of viewer convenience, the content is shown below in the alternative language. You may click the link to switch the active language.\u00c7evreyle dost \u00fcr\u00fcn ve teknoloji \u00fcreten \u015firketlerin \u00f6d\u00fcllendirildi\u011fi, karbon ayak izini d\u00fc\u015f\u00fcren firmalar\u0131n do\u011fa dostu \u00fcretimlerini anlatt\u0131\u011f\u0131 5. Karbon Zirvesi, 26 Nisan Per\u015fembe [&hellip;]<\/p>\n","protected":false},"author":1,"featured_media":73854,"comment_status":"open","ping_status":"open","sticky":false,"template":"","format":"standard","meta":[],"categories":[53,52],"tags":[37519,67,1009,26559,36164,11399,18346,18344,18345,793,1293],"views":849,"_links":{"self":[{"href":"https:\/\/www.enerjigazetesi.ist\/en\/wp-json\/wp\/v2\/posts\/73853"}],"collection":[{"href":"https:\/\/www.enerjigazetesi.ist\/en\/wp-json\/wp\/v2\/posts"}],"about":[{"href":"https:\/\/www.enerjigazetesi.ist\/en\/wp-json\/wp\/v2\/types\/post"}],"author":[{"embeddable":true,"href":"https:\/\/www.enerjigazetesi.ist\/en\/wp-json\/wp\/v2\/users\/1"}],"replies":[{"embeddable":true,"href":"https:\/\/www.enerjigazetesi.ist\/en\/wp-json\/wp\/v2\/comments?post=73853"}],"version-history":[{"count":2,"href":"https:\/\/www.enerjigazetesi.ist\/en\/wp-json\/wp\/v2\/posts\/73853\/revisions"}],"predecessor-version":[{"id":73856,"href":"https:\/\/www.enerjigazetesi.ist\/en\/wp-json\/wp\/v2\/posts\/73853\/revisions\/73856"}],"wp:featuredmedia":[{"embeddable":true,"href":"https:\/\/www.enerjigazetesi.ist\/en\/wp-json\/wp\/v2\/media\/73854"}],"wp:attachment":[{"href":"https:\/\/www.enerjigazetesi.ist\/en\/wp-json\/wp\/v2\/media?parent=73853"}],"wp:term":[{"taxonomy":"category","embeddable":true,"href":"https:\/\/www.enerjigazetesi.ist\/en\/wp-json\/wp\/v2\/categories?post=73853"},{"taxonomy":"post_tag","embeddable":true,"href":"https:\/\/www.enerjigazetesi.ist\/en\/wp-json\/wp\/v2\/tags?post=73853"}],"curies":[{"name":"wp","href":"https:\/\/api.w.org\/{rel}","templated":true}]}}