{"id":73808,"date":"2018-04-29T16:18:05","date_gmt":"2018-04-29T13:18:05","guid":{"rendered":"https:\/\/www.enerjigazetesi.ist\/?p=73808"},"modified":"2018-04-29T16:18:05","modified_gmt":"2018-04-29T13:18:05","slug":"aksa-dogalgazin-karbon-azaltimina-dusuk-karbon-kahramani-odulu","status":"publish","type":"post","link":"https:\/\/www.enerjigazetesi.ist\/en\/aksa-dogalgazin-karbon-azaltimina-dusuk-karbon-kahramani-odulu\/","title":{"rendered":"(Turkish) Aksa Do\u011falgaz\u2019\u0131n Karbon Azalt\u0131m\u0131na  \u2018D\u00fc\u015f\u00fck Karbon Kahraman\u0131\u2019 \u00d6d\u00fcl\u00fc"},"content":{"rendered":"<p class=\"qtranxs-available-languages-message qtranxs-available-languages-message-en\">Sorry, this entry is only available in <a href=\"https:\/\/www.enerjigazetesi.ist\/tr\/wp-json\/wp\/v2\/posts\/73808\" class=\"qtranxs-available-language-link qtranxs-available-language-link-tr\" title=\"Turkish\">Turkish<\/a>. For the sake of viewer convenience, the content is shown below in the alternative language. You may click the link to switch the active language.<\/p><p>\u201c<strong>\u015eehirler Do\u011fal Gazla Nefes Al\u0131yor\u201d slogan\u0131yla, T\u00fcrkiye\u2019nin d\u00f6rt bir yan\u0131ndaki da\u011f\u0131t\u0131m b\u00f6lgelerinde hava kalitesinin art\u0131r\u0131lmas\u0131n\u0131 sa\u011flayan Aksa Do\u011falgaz, \u0130stanbul Karbon Zirvesi\u2019nde \u201cD\u00fc\u015f\u00fck Karbon Kahraman\u0131\u201d \u00f6d\u00fcl\u00fcne lay\u0131k g\u00f6r\u00fclen <\/strong><strong>ilk do\u011fal gaz da\u011f\u0131t\u0131m \u015firketi oldu.<\/strong><\/p>\n<p>S\u00fcrd\u00fcr\u00fclebilir \u00dcretim ve T\u00fcketim Derne\u011fi (S\u00dcT-D) taraf\u0131ndan, \u0130stanbul Teknik \u00dcniversitesi (\u0130T\u00dc) ev <img loading=\"lazy\" class=\"alignright size-medium wp-image-73809\" src=\"https:\/\/www.enerjigazetesi.ist\/wp-content\/uploads\/2018\/04\/aksa-dogalgazin-karbon-azaltimina-dusuk-karbon-kahramani-odulu-300x186.jpg\" alt=\"\" width=\"300\" height=\"186\" srcset=\"https:\/\/www.enerjigazetesi.ist\/wp-content\/uploads\/2018\/04\/aksa-dogalgazin-karbon-azaltimina-dusuk-karbon-kahramani-odulu-300x186.jpg 300w, https:\/\/www.enerjigazetesi.ist\/wp-content\/uploads\/2018\/04\/aksa-dogalgazin-karbon-azaltimina-dusuk-karbon-kahramani-odulu-768x476.jpg 768w, https:\/\/www.enerjigazetesi.ist\/wp-content\/uploads\/2018\/04\/aksa-dogalgazin-karbon-azaltimina-dusuk-karbon-kahramani-odulu-1024x634.jpg 1024w, https:\/\/www.enerjigazetesi.ist\/wp-content\/uploads\/2018\/04\/aksa-dogalgazin-karbon-azaltimina-dusuk-karbon-kahramani-odulu-500x310.jpg 500w, https:\/\/www.enerjigazetesi.ist\/wp-content\/uploads\/2018\/04\/aksa-dogalgazin-karbon-azaltimina-dusuk-karbon-kahramani-odulu-80x50.jpg 80w, https:\/\/www.enerjigazetesi.ist\/wp-content\/uploads\/2018\/04\/aksa-dogalgazin-karbon-azaltimina-dusuk-karbon-kahramani-odulu.jpg 1046w\" sizes=\"(max-width: 300px) 100vw, 300px\" \/>sahipli\u011finde 26 Nisan\u2019da d\u00fczenlenen 5. \u0130stanbul Karbon Zirvesi\u2019nde, karbon sal\u0131m\u0131nda cimri davranarak iklim de\u011fi\u015fimine kar\u015f\u0131 m\u00fccadelede \u00f6rnek olu\u015fturan kurulu\u015flar \u201cD\u00fc\u015f\u00fck Karbon Kahraman\u0131\u201d olarak \u00f6d\u00fcllendirildi.<\/p>\n<p><strong>Aksa Do\u011falgaz\u2019a \u201cD\u00fc\u015f\u00fck Karbon Kahraman\u0131\u201d \u00f6d\u00fcl\u00fc<\/strong><\/p>\n<p>Pek \u00e7ok projenin aday oldu\u011fu zirvede, karbon emisyonunu rekor d\u00fczeyde azaltan Aksa Do\u011falgaz, \u201cD\u00fc\u015f\u00fck Karbon Kahraman\u0131\u201d \u00f6d\u00fcl\u00fc almaya hak kazand\u0131. \u201c\u015eehirler Do\u011fal Gazla Nefes Al\u0131yor\u201d projesiyle \u00f6d\u00fcle lay\u0131k g\u00f6r\u00fclen Aksa Do\u011falgaz, faaliyet g\u00f6sterdi\u011fi 27 il, 167 il\u00e7e ve beldede hava kirlili\u011finin hem \u00f6l\u00e7\u00fclebilir hem hissedilebilir d\u00fczeyde azalmas\u0131na destek oluyor. K\u00f6m\u00fcrle \u0131s\u0131nan bir daire, y\u0131ll\u0131k 4,5 ton karbon sal\u0131n\u0131m\u0131na neden olurken; 2017 y\u0131l\u0131nda do\u011fal gaz kullanan bir hane, ortalama 2,3 ton daha az karbon sal\u0131m\u0131 ger\u00e7ekle\u015fmesini sa\u011flad\u0131. K\u00f6m\u00fcr, LPG ya da fueloil gibi daha karbon yo\u011fun yak\u0131tlar yerine do\u011fal gaz kullan\u0131lmas\u0131yla, yaln\u0131zca Aksa Do\u011falgaz da\u011f\u0131t\u0131m b\u00f6lgelerinde bir y\u0131l i\u00e7inde 6 milyon ton daha az karbon sal\u0131m\u0131 ger\u00e7ekle\u015fti. Yeti\u015fkin bir a\u011fac\u0131n y\u0131lda ancak 22 kilogram karbonu atmosferden temizleyebildi\u011fi g\u00f6z \u00f6n\u00fcne al\u0131nd\u0131\u011f\u0131nda bu oran, yakla\u015f\u0131k 260 milyon a\u011fac\u0131n bir y\u0131lda atmosferden temizledi\u011fi karbon miktar\u0131na e\u015fit olmas\u0131yla, sa\u011flad\u0131\u011f\u0131 faydan\u0131n b\u00fcy\u00fckl\u00fc\u011f\u00fcn\u00fc net bir \u015fekilde g\u00f6zler \u00f6n\u00fcne seriyor.<\/p>\n<p><strong>\u201cDo\u011fal gaz kullan\u0131m\u0131yla hane ba\u015f\u0131 y\u00fczde50 daha az karbon sal\u0131m\u0131 sa\u011flan\u0131yor\u201d<\/strong><\/p>\n<p>\u201cD\u00fc\u015f\u00fck Karbon Kahraman\u0131\u201d \u00f6d\u00fcl\u00fcn\u00fc S\u00dcT-D Ba\u015fkan\u0131 Prof. Dr. Filiz Karaosmano\u011flu\u2019nun takdim etti\u011fi <strong>Aksa Do\u011falgaz Y\u00f6netim Kurulu Ba\u015fkan\u0131 Ya\u015far Arslan<\/strong> \u201cG\u00fcn\u00fcm\u00fczde daha verimli ve temiz enerji kaynaklar\u0131na y\u00f6nelmek, sadece bir alternatif de\u011fil, bir zorunluluk. Ara\u015ft\u0131rmalara g\u00f6re d\u00fcnyada, mevcut k\u00f6m\u00fcr odakl\u0131 enerji politikalar\u0131 devam ederse 2030 y\u0131l\u0131 itibar\u0131yla, d\u00fcnya n\u00fcfusunun yakla\u015f\u0131k \u00fc\u00e7te birine e\u015f de\u011fer 3 milyar insan temiz \u0131s\u0131nma ara\u00e7lar\u0131ndan yoksun kalma riskiyle kar\u015f\u0131 kar\u015f\u0131ya kalacak. 1 milyar insan\u0131n ise elektriksiz kalma riski s\u00f6z konusu. Bu durum terminolojiye enerjiyle ilgili bir kavram daha ekliyor: Enerji yoksunlu\u011fu. \u00d6n\u00fcm\u00fczdeki y\u0131llarda, ad\u0131m ad\u0131m hayat\u0131m\u0131zda daha fazla yer edinecek olan bu kavram, \u00e7\u00f6z\u00fcm i\u00e7in \u015fimdiden ad\u0131m at\u0131lmas\u0131 gerekti\u011fine dair bir hat\u0131rlat\u0131c\u0131 niteli\u011finde. \u00c7\u00f6z\u00fcmse, yenilenebilir ve daha temiz enerji kaynaklar\u0131na y\u00f6nelmek. Do\u011fal gaz bu noktada temiz, g\u00fcvenli ve ekonomik yak\u0131t olarak \u00f6ne \u00e7\u0131k\u0131yor. T\u00fcrkiye genelinde artan do\u011fal gaz kullan\u0131m\u0131yla birlikte karbon sal\u0131m\u0131 da azal\u0131yor ve T\u00fcrkiye\u2019nin havas\u0131 temizleniyor. Do\u011fal gaz yerine k\u00f6m\u00fcr ve di\u011fer yak\u0131tlar tercih edilseydi hane ba\u015f\u0131 karbon sal\u0131m\u0131 ortalama 4,3 ton civar\u0131nda olacakt\u0131. Do\u011fal gaz kullan\u0131m\u0131 ile hane ba\u015f\u0131 y\u00fczde50 daha az karbon sal\u0131m\u0131 sa\u011fland\u0131\u011f\u0131n\u0131 s\u00f6yleyebiliriz\u201d dedi.<\/p>","protected":false},"excerpt":{"rendered":"<p>Sorry, this entry is only available in Turkish. For the sake of viewer convenience, the content is shown below in the alternative language. You may click the link to switch the active language.\u201c\u015eehirler Do\u011fal Gazla Nefes Al\u0131yor\u201d slogan\u0131yla, T\u00fcrkiye\u2019nin d\u00f6rt bir yan\u0131ndaki da\u011f\u0131t\u0131m b\u00f6lgelerinde hava kalitesinin art\u0131r\u0131lmas\u0131n\u0131 sa\u011flayan Aksa Do\u011falgaz, \u0130stanbul Karbon Zirvesi\u2019nde \u201cD\u00fc\u015f\u00fck Karbon [&hellip;]<\/p>\n","protected":false},"author":1,"featured_media":73809,"comment_status":"open","ping_status":"open","sticky":false,"template":"","format":"standard","meta":[],"categories":[46,53],"tags":[37402,16281,1128,19761,33890,67,1009,4440,18344,18345],"views":1143,"_links":{"self":[{"href":"https:\/\/www.enerjigazetesi.ist\/en\/wp-json\/wp\/v2\/posts\/73808"}],"collection":[{"href":"https:\/\/www.enerjigazetesi.ist\/en\/wp-json\/wp\/v2\/posts"}],"about":[{"href":"https:\/\/www.enerjigazetesi.ist\/en\/wp-json\/wp\/v2\/types\/post"}],"author":[{"embeddable":true,"href":"https:\/\/www.enerjigazetesi.ist\/en\/wp-json\/wp\/v2\/users\/1"}],"replies":[{"embeddable":true,"href":"https:\/\/www.enerjigazetesi.ist\/en\/wp-json\/wp\/v2\/comments?post=73808"}],"version-history":[{"count":1,"href":"https:\/\/www.enerjigazetesi.ist\/en\/wp-json\/wp\/v2\/posts\/73808\/revisions"}],"predecessor-version":[{"id":73810,"href":"https:\/\/www.enerjigazetesi.ist\/en\/wp-json\/wp\/v2\/posts\/73808\/revisions\/73810"}],"wp:featuredmedia":[{"embeddable":true,"href":"https:\/\/www.enerjigazetesi.ist\/en\/wp-json\/wp\/v2\/media\/73809"}],"wp:attachment":[{"href":"https:\/\/www.enerjigazetesi.ist\/en\/wp-json\/wp\/v2\/media?parent=73808"}],"wp:term":[{"taxonomy":"category","embeddable":true,"href":"https:\/\/www.enerjigazetesi.ist\/en\/wp-json\/wp\/v2\/categories?post=73808"},{"taxonomy":"post_tag","embeddable":true,"href":"https:\/\/www.enerjigazetesi.ist\/en\/wp-json\/wp\/v2\/tags?post=73808"}],"curies":[{"name":"wp","href":"https:\/\/api.w.org\/{rel}","templated":true}]}}