{"id":73797,"date":"2018-04-29T15:45:18","date_gmt":"2018-04-29T12:45:18","guid":{"rendered":"https:\/\/www.enerjigazetesi.ist\/?p=73797"},"modified":"2018-04-29T15:45:43","modified_gmt":"2018-04-29T12:45:43","slug":"donmez-su-anda-urettigimiz-urunlerin-yaklasik-yarisi-yerli-kaynaklardan","status":"publish","type":"post","link":"https:\/\/www.enerjigazetesi.ist\/en\/donmez-su-anda-urettigimiz-urunlerin-yaklasik-yarisi-yerli-kaynaklardan\/","title":{"rendered":"(Turkish) D\u00f6nmez &#8220;\u015eu Anda \u00dcretti\u011fimiz \u00dcr\u00fcnlerin Yakla\u015f\u0131k Yar\u0131s\u0131 Yerli Kaynaklardan&#8221;"},"content":{"rendered":"<p class=\"qtranxs-available-languages-message qtranxs-available-languages-message-en\">Sorry, this entry is only available in <a href=\"https:\/\/www.enerjigazetesi.ist\/tr\/wp-json\/wp\/v2\/posts\/73797\" class=\"qtranxs-available-language-link qtranxs-available-language-link-tr\" title=\"Turkish\">Turkish<\/a>. For the sake of viewer convenience, the content is shown below in the alternative language. You may click the link to switch the active language.<\/p><p><strong>Enerji ve Tabii Kaynaklar Bakanl\u0131\u011f\u0131 M\u00fcste\u015far\u0131 Fatih D\u00f6nmez taraf\u0131ndan enerjide d\u0131\u015fa ba\u011f\u0131ml\u0131l\u0131\u011f\u0131 azaltmak i\u00e7in yerli kaynaklara b\u00fcy\u00fck \u00f6nem verdikleri vurgulanarak, \u201c\u015eu anda \u00fcretti\u011fimiz \u00fcr\u00fcnlerin yakla\u015f\u0131k yar\u0131s\u0131n\u0131 yerli kaynaklardan sa\u011fl\u0131yoruz. 2023 y\u0131l\u0131na kadar bunun \u00fc\u00e7te ikisini yerli kaynaklardan \u00fcretmek gibi bir hedefimiz mevcut\u201d denildi.<\/strong><\/p>\n<p>T\u00fcrkiye\u2019nin, ge\u00e7ti\u011fimiz\u00a0 y\u0131l Avrupa\u2019da en \u00e7ok g\u00fcne\u015f santrali kurulan \u00fclke oldu\u011funa dikkati \u00e7eken D\u00f6nmez, \u201cR\u00fczgarda ilk \u00fc\u00e7teyiz. Bu da g\u00f6steriyor ki yenilenebilir enerjide T\u00fcrkiye\u2019de halen f\u0131rsatlar var. <img loading=\"lazy\" class=\"alignright size-medium wp-image-40268\" src=\"https:\/\/www.enerjigazetesi.ist\/wp-content\/uploads\/2015\/06\/res-ve-geslere-3-7-gwlik-lisanssiz-kapasite-tahsisi-2-300x198.jpg\" alt=\"\" width=\"300\" height=\"198\" srcset=\"https:\/\/www.enerjigazetesi.ist\/wp-content\/uploads\/2015\/06\/res-ve-geslere-3-7-gwlik-lisanssiz-kapasite-tahsisi-2-300x198.jpg 300w, https:\/\/www.enerjigazetesi.ist\/wp-content\/uploads\/2015\/06\/res-ve-geslere-3-7-gwlik-lisanssiz-kapasite-tahsisi-2-75x50.jpg 75w, https:\/\/www.enerjigazetesi.ist\/wp-content\/uploads\/2015\/06\/res-ve-geslere-3-7-gwlik-lisanssiz-kapasite-tahsisi-2.jpg 500w\" sizes=\"(max-width: 300px) 100vw, 300px\" \/>Bir sevindirici taraf\u0131 da bu teknolojileri \u00fcreten d\u00fcnya \u00e7ap\u0131ndaki firmalar\u0131n T\u00fcrkiye\u2019ye gelip \u00fcretim tesislerini kuruyor olmalar\u0131. Ar-Ge merkezlerini buraya kuruyor olmalar\u0131 bizim a\u00e7\u0131m\u0131zdan son derece \u00f6nemli\u201d ifadelerini kulland\u0131.<\/p>\n<p>D\u00f6nmez ayr\u0131ca \u201cGe\u00e7en y\u0131l 4 bin megavat g\u00fcne\u015f enerjisi santralini devreye ald\u0131k. Muhtemelen bu sene de yine bin megavat civar\u0131nda bir g\u00fcne\u015f panelinin devreye girece\u011fini d\u00fc\u015f\u00fcn\u00fcyorum. Belki bir 600 megavat civar\u0131nda da r\u00fczgar t\u00fcrbini devreye girer. Bin megavat r\u00fczgar\u0131n \u00fcretim miktar\u0131yla bir do\u011falgaz santralinin y\u0131ll\u0131k \u00fcretim miktar\u0131 farkl\u0131d\u0131r. O y\u00fczden biz yenilenebilir \u015fu a\u00e7\u0131dan istiyoruz, emisyon olmuyor, herhangi bir at\u0131k olu\u015fturmuyor ve yerli do\u011fal kayna\u011f\u0131 kulland\u0131\u011f\u0131m\u0131z i\u00e7in tercih ediyoruz. \u0130thal kaynaklar i\u00e7in biz ciddi miktarda bedel \u00f6d\u00fcyoruz. Amac\u0131m\u0131z bu rakamlar\u0131 d\u00fc\u015f\u00fcrmek. \u015eu anda \u00fcretti\u011fimiz \u00fcr\u00fcnlerin yakla\u015f\u0131k yar\u0131s\u0131n\u0131 yerli kaynaklardan temin ediyoruz. 2023\u2019e kadar bunun \u00fc\u00e7te ikisini yerli kaynaklardan \u00fcretmek gibi bir hedefimiz var. Yenilenebilir ve yerli k\u00f6m\u00fcrle alakal\u0131 politikalar\u0131m\u0131z bu amaca hizmet etmek i\u00e7in belirlendi. Enerjide d\u0131\u015fa ba\u011f\u0131ml\u0131l\u0131\u011f\u0131 azaltmak i\u00e7in yerli kaynaklara b\u00fcy\u00fck \u00f6nem veriyoruz.\u201d dedi.<\/p>","protected":false},"excerpt":{"rendered":"<p>Sorry, this entry is only available in Turkish. For the sake of viewer convenience, the content is shown below in the alternative language. You may click the link to switch the active language.Enerji ve Tabii Kaynaklar Bakanl\u0131\u011f\u0131 M\u00fcste\u015far\u0131 Fatih D\u00f6nmez taraf\u0131ndan enerjide d\u0131\u015fa ba\u011f\u0131ml\u0131l\u0131\u011f\u0131 azaltmak i\u00e7in yerli kaynaklara b\u00fcy\u00fck \u00f6nem verdikleri vurgulanarak, \u201c\u015eu anda \u00fcretti\u011fimiz [&hellip;]<\/p>\n","protected":false},"author":1,"featured_media":40268,"comment_status":"open","ping_status":"open","sticky":false,"template":"","format":"standard","meta":[],"categories":[53,49,50],"tags":[67,1009,27530,2326,23416,474,24949,8307,1802],"views":760,"_links":{"self":[{"href":"https:\/\/www.enerjigazetesi.ist\/en\/wp-json\/wp\/v2\/posts\/73797"}],"collection":[{"href":"https:\/\/www.enerjigazetesi.ist\/en\/wp-json\/wp\/v2\/posts"}],"about":[{"href":"https:\/\/www.enerjigazetesi.ist\/en\/wp-json\/wp\/v2\/types\/post"}],"author":[{"embeddable":true,"href":"https:\/\/www.enerjigazetesi.ist\/en\/wp-json\/wp\/v2\/users\/1"}],"replies":[{"embeddable":true,"href":"https:\/\/www.enerjigazetesi.ist\/en\/wp-json\/wp\/v2\/comments?post=73797"}],"version-history":[{"count":2,"href":"https:\/\/www.enerjigazetesi.ist\/en\/wp-json\/wp\/v2\/posts\/73797\/revisions"}],"predecessor-version":[{"id":73799,"href":"https:\/\/www.enerjigazetesi.ist\/en\/wp-json\/wp\/v2\/posts\/73797\/revisions\/73799"}],"wp:featuredmedia":[{"embeddable":true,"href":"https:\/\/www.enerjigazetesi.ist\/en\/wp-json\/wp\/v2\/media\/40268"}],"wp:attachment":[{"href":"https:\/\/www.enerjigazetesi.ist\/en\/wp-json\/wp\/v2\/media?parent=73797"}],"wp:term":[{"taxonomy":"category","embeddable":true,"href":"https:\/\/www.enerjigazetesi.ist\/en\/wp-json\/wp\/v2\/categories?post=73797"},{"taxonomy":"post_tag","embeddable":true,"href":"https:\/\/www.enerjigazetesi.ist\/en\/wp-json\/wp\/v2\/tags?post=73797"}],"curies":[{"name":"wp","href":"https:\/\/api.w.org\/{rel}","templated":true}]}}