{"id":73764,"date":"2018-04-28T18:11:18","date_gmt":"2018-04-28T15:11:18","guid":{"rendered":"https:\/\/www.enerjigazetesi.ist\/?p=73764"},"modified":"2018-05-05T17:30:19","modified_gmt":"2018-05-05T14:30:19","slug":"sut-d-sera-gazi-cimrisi-kuruluslari-odullendirdi","status":"publish","type":"post","link":"https:\/\/www.enerjigazetesi.ist\/en\/sut-d-sera-gazi-cimrisi-kuruluslari-odullendirdi\/","title":{"rendered":"(Turkish) S\u00dcT-D Sera Gaz\u0131 Cimrisi Kurulu\u015flar\u0131 \u00d6d\u00fcllendirdi"},"content":{"rendered":"<p class=\"qtranxs-available-languages-message qtranxs-available-languages-message-en\">Sorry, this entry is only available in <a href=\"https:\/\/www.enerjigazetesi.ist\/tr\/wp-json\/wp\/v2\/posts\/73764\" class=\"qtranxs-available-language-link qtranxs-available-language-link-tr\" title=\"Turkish\">Turkish<\/a>. For the sake of viewer convenience, the content is shown below in the alternative language. You may click the link to switch the active language.<\/p><p><strong>Karbon ayak izini azaltarak iklim de\u011fi\u015fikli\u011fi ile m\u00fccadeleye destek olan 26 kurulu\u015f S\u00fcrd\u00fcr\u00fclebilir <\/strong><strong>\u00dc<\/strong><strong>retim ve T\u00fcketim Derne\u011fi taraf\u0131ndan D\u00fc\u015f\u00fck Karbon Kahraman\u0131 olarak <\/strong><strong>\u00f6<\/strong><strong>d\u00fcllendirildi.<\/strong><\/p>\n<p>Sera gaz\u0131 sal\u0131m\u0131nda cimri davranarak iklim de\u011fi\u015fimiyle m\u00fccadele eden kurulu\u015flar, \u0130stanbul Teknik <img loading=\"lazy\" class=\"alignleft size-medium wp-image-73767\" src=\"https:\/\/www.enerjigazetesi.ist\/wp-content\/uploads\/2018\/04\/1524813037_2018SUTDDusukKarbonKahramanlari-300x169.jpg\" alt=\"\" width=\"300\" height=\"169\" srcset=\"https:\/\/www.enerjigazetesi.ist\/wp-content\/uploads\/2018\/04\/1524813037_2018SUTDDusukKarbonKahramanlari-300x169.jpg 300w, https:\/\/www.enerjigazetesi.ist\/wp-content\/uploads\/2018\/04\/1524813037_2018SUTDDusukKarbonKahramanlari-500x281.jpg 500w, https:\/\/www.enerjigazetesi.ist\/wp-content\/uploads\/2018\/04\/1524813037_2018SUTDDusukKarbonKahramanlari-80x45.jpg 80w, https:\/\/www.enerjigazetesi.ist\/wp-content\/uploads\/2018\/04\/1524813037_2018SUTDDusukKarbonKahramanlari.jpg 680w\" sizes=\"(max-width: 300px) 100vw, 300px\" \/>\u00dcniversitesi (\u0130T\u00dc) ev sahipli\u011finde d\u00fczenlenen 5. \u0130stanbul Karbon Zirvesi\u2019nde S\u00fcrd\u00fcr\u00fclebilir \u00dcretim ve T\u00fcketim Derne\u011fi (S\u00dcT-D) taraf\u0131ndan D\u00fc\u015f\u00fck Karbon Kahraman\u0131 olarak \u00f6d\u00fcllendirildi. Karbon y\u00f6netimini ba\u015faran 69 projenin aday oldu\u011fu de\u011ferlendirmede 26 kurulu\u015f S\u00dcT-D taraf\u0131ndan \u00f6d\u00fcle lay\u0131k g\u00f6r\u00fcld\u00fc. D\u00fc\u015f\u00fck Karbon Kahramanlar\u0131 \u00f6d\u00fcllerini \u00c7evre ve \u015eehircilik Bakanl\u0131\u011f\u0131 \u00c7evre Y\u00f6netimi Genel M\u00fcd\u00fcr Yard\u0131mc\u0131s\u0131 Adnan Tan&#8217;\u0131n elinden ald\u0131.<\/p>\n<p><strong>Sera gaz\u0131 cimrisi kurulu\u015flar\u0131n ba\u015far\u0131lar\u0131 iklim dostu ya\u015fam\u0131m\u0131z i<\/strong><strong>\u00e7<\/strong><strong>in m\u00fc<\/strong><strong>him<\/strong><\/p>\n<p>\u0130T\u00dc \u00d6\u011fretim \u00dcyesi ve S\u00dcT-D Ba\u015fkan\u0131 Prof. Dr. Filiz Karaosmano\u011flu, &#8220;\u0130klim dostu ya\u015fam\u0131 ba\u015farmam\u0131z m\u00fchim ve gerekli. D\u00fcnyam\u0131za yeterince zarar verdik, iklimimizi de\u011fi\u015ftirdik. Bu gidi\u015fe bir dur demek laz\u0131m. Sanayimiz d\u00fc\u015f\u00fck karbon ekonomisi ile ilerleyerek b\u00fcy\u00fcmeli. D\u00f6rd\u00fcnc\u00fcs\u00fcn\u00fc verdi\u011fimiz bu \u00f6d\u00fcl ile enerji, kimya, \u00e7elik, \u00e7imento, beyaz e\u015fya ve at\u0131k sekt\u00f6rleri ile yerel y\u00f6netimlerdeki sera gaz\u0131 cimrilerininin teknik ve sosyal ba\u015far\u0131lar\u0131n\u0131 \u00f6d\u00fcllendirerek S\u00dcT-D&#8217;nin s\u00fcrd\u00fcr\u00fclebilirlik ya\u015fam k\u00fclt\u00fcr\u00fc kazand\u0131r\u0131lmas\u0131 hedefinde ilerledik&#8221; diye konu\u015ftu.<\/p>\n<p><strong>Tacikistan\u2019dan ba\u015fvuru geldi<\/strong><\/p>\n<p>Prof. Karaosmano\u011flu &#8220;Bu y\u0131l Tacikistan&#8217;daki Little Earth adl\u0131 \u00e7evre organizasyonun Temiz Enerjiyle S\u00fcrd\u00fcr\u00fclebilir Topluluklar adl\u0131 projesiyle \u00f6d\u00fcl\u00fcm\u00fcze aday olmas\u0131 enerjimizi art\u0131r\u0131rken, yayg\u0131n etki yapabilmenin gururunu da bize ya\u015fatt\u0131&#8221; dedi.<\/p>\n<p><strong>\u015eirketler, belediyeler, sivil toplum <\/strong><strong>\u00f6<\/strong><strong>rg\u00fctleri d\u00fc\u015f\u00fck karbon kahraman\u0131 olmak i<\/strong><strong>\u00e7<\/strong><strong>in yar\u0131\u015ft\u0131<\/strong><\/p>\n<p><strong>Polisan <\/strong>K\u00fcresel Standartlarla S\u00fcrd\u00fcr\u00fclebilirlik Yolculu\u011fu adl\u0131 projesi ile \u00f6d\u00fcl al\u0131rken, Beyaz E\u015fyan\u0131 Geri D\u00f6n\u00fc\u015ft\u00fcr, \u0130klimini Geri Kazan projesiyle <strong>Akademi \u00c7evre, <\/strong>Deponi Gaz\u0131 (LFG) Santrali projesiyle <strong>Bereket Enerji<\/strong>, \u00c7\u00f6p\u00fcn\u00fc Y\u00f6net, Karbonunu Azalt projesiyle <strong>\u0130STA\u00c7,<\/strong> Biyogaz Tesisinde Ar\u0131tma \u00c7amurundan Yak\u0131t Eldesi projesiyle <strong>Samsun Avdan, <\/strong>Ar\u0131tma \u00c7amurundan Yak\u0131t \u00dcretiminde At\u0131k Is\u0131 Y\u00f6netimi projesiyle\u00a0 <strong>Nuh \u00c7imento<\/strong> at\u0131k y\u00f6netimi ba\u015far\u0131lar\u0131yla D\u00fc\u015f\u00fck Karbon Kahramanlar\u0131 oldu.<\/p>\n<p>Ayak \u0130zini Sil projesi <strong>Cargill\u2019<\/strong>in, Yard\u0131mc\u0131 Tesislerde Enerji Verimlili\u011fi projesi <strong>Vestel Beyaz E\u015fya<\/strong>\u2019n\u0131n, Enerji Geri Kazan\u0131m Sistemi projesi <strong>Organik Kimya<\/strong>&#8216;n\u0131n Toz Kontrol\u00fc projesi<strong> Green Chemicals&#8217;<\/strong>\u0131n, Do\u011fal Gazdan Hidrojen \u00dcretimi projesi ile<strong> Tat Metal \u00c7elik <\/strong>\u015firketlerinin enerji verimli karbon y\u00f6netimi ba\u015far\u0131lar\u0131 \u00f6d\u00fcllendirildi.<\/p>\n<p><strong>Gaziantep B\u00fcy\u00fck\u015fehir Belediyesi<\/strong>&#8216;ni Ye\u015fil Kamu Binas\u0131na D\u00f6n\u00fc\u015f\u00fcm,<strong> Thermax\u2019\u0131<\/strong> AVM&#8217;de At\u0131k Is\u0131 Y\u00f6netimi,<strong> CBKSoft Yaz\u0131l\u0131m<\/strong>&#8216;\u0131 Ye\u015fil Ofis,<strong> BSH T\u00fcrkiye<\/strong>&#8216;yi Kurum \u0130\u00e7i Ye\u015fil Ula\u015f\u0131m,<strong> UT\u0130KAD-Uluslararas\u0131 Ta\u015f\u0131mac\u0131l\u0131k ve Lojistik Hizmet \u00dcretenleri Derne\u011fi<\/strong>&#8216;ni S\u00fcrd\u00fcr\u00fclebilir Lojistik Sertifikas\u0131 projeleri D\u00fc\u015f\u00fck Karbon Kahraman\u0131 yapt\u0131.<\/p>\n<p>Aksa Do\u011falgaz\u2019\u0131n \u015eehirler Do\u011fal Gazla Nefes Al\u0131yor, \u0130ZAYDA\u015e&#8217;\u0131n \u0130zaycan \u00c7evreci \u00c7ocuk, Kartal Belediyesi&#8217;nin\u00a0 At\u0131k Ya\u011f\u0131n\u0131 Topla, Bisikletinle Ye\u015fil Ula\u015f\u0131m\u0131 Yakala, Schneider Electric&#8217;in Enerji \u00dcniversitesi, MTGreenworks&#8217;\u00fcn Ye\u015fil Kumbara adl\u0131 sosyal y\u00f6n\u00fc de g\u00fc\u00e7l\u00fc projeleri \u00f6d\u00fcle lay\u0131k bulundu.<\/p>\n<p><strong>EP\u0130A\u015e <\/strong>Yerli ve Yeni Yal\u0131t\u0131m Malzemesiyle Enerji Verimlili\u011fi, <strong>\u0130\u00c7DA\u015e<\/strong> D\u00fc\u015f\u00fck Karbon Ayak \u0130zli \u0130n\u015faat \u00c7eli\u011fi, <strong>Shell&amp;Turcas <\/strong>Gelece\u011fe Sahip \u00c7\u0131kan Motor Ya\u011f\u0131,<strong> Uzay Kimya <\/strong>\u0130klim Dostu Temizlik \u00dcr\u00fcn\u00fc ba\u015fl\u0131kl\u0131 \u00e7al\u0131\u015fmalar\u0131yla \u00fcr\u00fcn karbon ayak izi azaltarak D\u00fc\u015f\u00fck Karbon Kahraman\u0131 ilan edildiler.<\/p>","protected":false},"excerpt":{"rendered":"<p>Sorry, this entry is only available in Turkish. For the sake of viewer convenience, the content is shown below in the alternative language. You may click the link to switch the active language.Karbon ayak izini azaltarak iklim de\u011fi\u015fikli\u011fi ile m\u00fccadeleye destek olan 26 kurulu\u015f S\u00fcrd\u00fcr\u00fclebilir \u00dcretim ve T\u00fcketim Derne\u011fi taraf\u0131ndan D\u00fc\u015f\u00fck Karbon Kahraman\u0131 olarak \u00f6d\u00fcllendirildi. [&hellip;]<\/p>\n","protected":false},"author":1,"featured_media":73767,"comment_status":"open","ping_status":"open","sticky":false,"template":"","format":"standard","meta":[],"categories":[53,52],"tags":[37402,33890,67,1009,37486,18346,37487],"views":766,"_links":{"self":[{"href":"https:\/\/www.enerjigazetesi.ist\/en\/wp-json\/wp\/v2\/posts\/73764"}],"collection":[{"href":"https:\/\/www.enerjigazetesi.ist\/en\/wp-json\/wp\/v2\/posts"}],"about":[{"href":"https:\/\/www.enerjigazetesi.ist\/en\/wp-json\/wp\/v2\/types\/post"}],"author":[{"embeddable":true,"href":"https:\/\/www.enerjigazetesi.ist\/en\/wp-json\/wp\/v2\/users\/1"}],"replies":[{"embeddable":true,"href":"https:\/\/www.enerjigazetesi.ist\/en\/wp-json\/wp\/v2\/comments?post=73764"}],"version-history":[{"count":5,"href":"https:\/\/www.enerjigazetesi.ist\/en\/wp-json\/wp\/v2\/posts\/73764\/revisions"}],"predecessor-version":[{"id":73997,"href":"https:\/\/www.enerjigazetesi.ist\/en\/wp-json\/wp\/v2\/posts\/73764\/revisions\/73997"}],"wp:featuredmedia":[{"embeddable":true,"href":"https:\/\/www.enerjigazetesi.ist\/en\/wp-json\/wp\/v2\/media\/73767"}],"wp:attachment":[{"href":"https:\/\/www.enerjigazetesi.ist\/en\/wp-json\/wp\/v2\/media?parent=73764"}],"wp:term":[{"taxonomy":"category","embeddable":true,"href":"https:\/\/www.enerjigazetesi.ist\/en\/wp-json\/wp\/v2\/categories?post=73764"},{"taxonomy":"post_tag","embeddable":true,"href":"https:\/\/www.enerjigazetesi.ist\/en\/wp-json\/wp\/v2\/tags?post=73764"}],"curies":[{"name":"wp","href":"https:\/\/api.w.org\/{rel}","templated":true}]}}