{"id":73761,"date":"2018-04-28T18:04:15","date_gmt":"2018-04-28T15:04:15","guid":{"rendered":"https:\/\/www.enerjigazetesi.ist\/?p=73761"},"modified":"2018-04-28T18:04:15","modified_gmt":"2018-04-28T15:04:15","slug":"smart-energy-uluslararasi-gunes-platformlarinda-turkiyeyi-temsil-ediyor","status":"publish","type":"post","link":"https:\/\/www.enerjigazetesi.ist\/en\/smart-energy-uluslararasi-gunes-platformlarinda-turkiyeyi-temsil-ediyor\/","title":{"rendered":"(Turkish) Smart Energy, Uluslararas\u0131 G\u00fcne\u015f Platformlar\u0131nda T\u00fcrkiye\u2019yi Temsil Ediyor"},"content":{"rendered":"<p class=\"qtranxs-available-languages-message qtranxs-available-languages-message-en\">Sorry, this entry is only available in <a href=\"https:\/\/www.enerjigazetesi.ist\/tr\/wp-json\/wp\/v2\/posts\/73761\" class=\"qtranxs-available-language-link qtranxs-available-language-link-tr\" title=\"Turkish\">Turkish<\/a>. For the sake of viewer convenience, the content is shown below in the alternative language. You may click the link to switch the active language.<\/p><p><strong>G\u00fcne\u015f enerjisi sekt\u00f6r\u00fcn\u00fcn \u00f6nemli yat\u0131r\u0131mc\u0131lar\u0131ndan Smart Energy, yurti\u00e7inde oldu\u011fu gibi yurtd\u0131\u015f\u0131nda da deneyimlerini payla\u015fmaya devam ediyor. Kiev\u2019de ger\u00e7ekle\u015ftirilen Ukrayna Yenilenebilir Enerji ve Enerji Altyap\u0131s\u0131 Yat\u0131r\u0131mc\u0131lar\u0131 Konferans\u0131\u2019n\u0131n ana sponsorlu\u011funu \u00fcstlenen Smart Energy, sekt\u00f6r\u00fcn geli\u015fimi konusunda yat\u0131r\u0131mc\u0131lara \u00f6nemli tavsiyelerde bulundu. <\/strong><\/p>\n<p>T\u00fcrkiye ve G\u00fcneydo\u011fu Avrupa\u2019da ger\u00e7ekle\u015ftirdi\u011fi GES yat\u0131r\u0131mlar\u0131 ve 2017\u2019de Gebze\u2019de faaliyete ge\u00e7irdi\u011fi g\u00fcne\u015f paneli fabrikas\u0131yla g\u00fcne\u015f enerjisi sekt\u00f6r\u00fcn\u00fcn \u00f6nemli oyuncular\u0131ndan biri olan Smart Energy, uluslararas\u0131 yat\u0131r\u0131mc\u0131larla bir araya geldi. Sekt\u00f6r\u00fcn \u00f6nemli etkinliklerinden biri olarak Ukrayna\u2019n\u0131n <img loading=\"lazy\" class=\"alignright size-medium wp-image-73762\" src=\"https:\/\/www.enerjigazetesi.ist\/wp-content\/uploads\/2018\/04\/smart-energy-uluslararasi-gunes-platformlarinda-turkiyeyi-temsil-ediyor-300x225.jpg\" alt=\"\" width=\"300\" height=\"225\" srcset=\"https:\/\/www.enerjigazetesi.ist\/wp-content\/uploads\/2018\/04\/smart-energy-uluslararasi-gunes-platformlarinda-turkiyeyi-temsil-ediyor-300x225.jpg 300w, https:\/\/www.enerjigazetesi.ist\/wp-content\/uploads\/2018\/04\/smart-energy-uluslararasi-gunes-platformlarinda-turkiyeyi-temsil-ediyor-768x576.jpg 768w, https:\/\/www.enerjigazetesi.ist\/wp-content\/uploads\/2018\/04\/smart-energy-uluslararasi-gunes-platformlarinda-turkiyeyi-temsil-ediyor-500x375.jpg 500w, https:\/\/www.enerjigazetesi.ist\/wp-content\/uploads\/2018\/04\/smart-energy-uluslararasi-gunes-platformlarinda-turkiyeyi-temsil-ediyor-67x50.jpg 67w, https:\/\/www.enerjigazetesi.ist\/wp-content\/uploads\/2018\/04\/smart-energy-uluslararasi-gunes-platformlarinda-turkiyeyi-temsil-ediyor.jpg 960w\" sizes=\"(max-width: 300px) 100vw, 300px\" \/>ba\u015fkenti Kiev\u2019de d\u00fczenlenen Ukrayna Yenilenebilir Enerji ve Enerji Altyap\u0131s\u0131 Yat\u0131r\u0131mc\u0131lar\u0131 Konferans\u0131\u2019na ana sponsor olarak kat\u0131lan Smart Energy, d\u00fcnyan\u0131n farkl\u0131 \u00fclkelerinden gelen kat\u0131l\u0131mc\u0131lar ile sekt\u00f6r\u00fcn\u00fcn geldi\u011fi noktay\u0131 ve gelece\u011fini masaya yat\u0131rd\u0131.<\/p>\n<p>Smart Energy Y\u00f6netim Kurulu Ba\u015fkan\u0131 Halil Demirda\u011f, 28 Mart\u2019ta ger\u00e7ekle\u015ftirilen konferans\u0131n \u201cKapsaml\u0131 D\u00fczenlemelerin Yap\u0131lmas\u0131 Yolunda Ukrayna Enerji Sekt\u00f6r\u00fc ve \u015eimdiki Durum\u201d ba\u015fl\u0131kl\u0131 a\u00e7\u0131l\u0131\u015f oturumunda bir konu\u015fma ger\u00e7ekle\u015ftirdi. Konu\u015fmas\u0131nda, 2009 y\u0131l\u0131ndan bu yana g\u00fcne\u015f enerjisi pazar\u0131nda 4 ayr\u0131 \u00fclkede faaliyet y\u00fcr\u00fcten bir yat\u0131r\u0131mc\u0131 olarak edindi\u011fi deneyimleri kat\u0131l\u0131mc\u0131larla payla\u015fan Demirda\u011f, ayr\u0131ca Ukrayna pazar\u0131nda yap\u0131lmas\u0131 gereken d\u00fczenlemelerle ilgili tavsiyelerde bulundu. 35\u2019in \u00fczerinde \u00fclkeden yakla\u015f\u0131k 150 delegenin kat\u0131ld\u0131\u011f\u0131 Ukrayna Yenilenebilir Enerji ve Enerji Altyap\u0131s\u0131 Yat\u0131r\u0131mc\u0131lar\u0131 Konferans\u0131\u2019nda yenilenebilir enerji sekt\u00f6r\u00fcndeki en son geli\u015fmeler, proje finansman\u0131, yeni yat\u0131r\u0131mlar ve enerji alan\u0131ndaki d\u00fczenlemeler gibi konular ele al\u0131nd\u0131.<\/p>\n<p>Konferans\u0131n ard\u0131ndan izlenimlerini ve de\u011ferlendirmelerini payla\u015fan Demirda\u011f, \u015fu noktalara dikkat \u00e7ekti: \u201cBug\u00fcn t\u00fcm d\u00fcnyada yenilenebilir kaynaklar giderek daha rekabet\u00e7i bir se\u00e7enek olarak \u00f6ne \u00e7\u0131k\u0131yor. Kendi petrol\u00fcn\u00fc, kendi do\u011falgaz\u0131n\u0131 \u00e7\u0131karan \u00fclkeler bile elektriklerini art\u0131k g\u00fcne\u015f enerjisinden elde etme yoluna gidiyor. \u00c7\u00fcnk\u00fc ye\u015fil enerji art\u0131k pahal\u0131 bir alternatif de\u011fil. Bunun yan\u0131 s\u0131ra \u00fclkemizde de \u00e7ok \u00f6nemli geli\u015fmeler ya\u015fan\u0131yor.Uluslararas\u0131 Yenilenebilir Enerji Ajans\u0131\u2019n\u0131n (IRENA) 2017 raporuna g\u00f6re, fotovoltaik kurulu g\u00fcc\u00fc bak\u0131m\u0131ndan 2016&#8217;da d\u00fcnya \u00fclkeleri aras\u0131nda 844 MW ile 25&#8217;inci s\u0131rada olan T\u00fcrkiye 2017 sonunda ula\u015ft\u0131\u011f\u0131 3.422 MW&#8217;l\u0131k kapasite ile ayn\u0131 s\u0131ralamada 13&#8217;\u00fcnc\u00fc s\u0131raya y\u00fckseldi. T\u00fcrkiye Avrupa \u00fclkeleri s\u0131ralamas\u0131nda ise 2016&#8217;da 15&#8217;inci iken, 2017&#8217;de 7&#8217;inci s\u0131raya \u00e7\u0131kt\u0131. \u00dclkemizin bu potansiyelini g\u00f6ren bir \u015firket olarak g\u00fcne\u015fe yat\u0131r\u0131m yapmaya ve bu alanda t\u00fcm yat\u0131r\u0131mc\u0131lar\u0131 desteklemeye devam ediyoruz. Hedefimiz, T\u00fcrkiye\u2019de \u00fcretti\u011fimiz panelleri d\u00fcnyan\u0131n bir\u00e7ok \u00fclkesine ula\u015ft\u0131rarak \u00fclkemize yeni bir ihracat kap\u0131s\u0131 a\u00e7mak. 2009 y\u0131l\u0131ndan bu yana g\u00fcne\u015f enerjisi sekt\u00f6r\u00fcnde faaliyet g\u00f6steren yat\u0131r\u0131mc\u0131 bir \u015firket olarak, bu s\u00fcre\u00e7te g\u00f6rd\u00fck ki T\u00fcrkiye sahip oldu\u011fu g\u00fcne\u015f, su ve r\u00fczgar potansiyeli ile ye\u015fil enerji a\u00e7\u0131s\u0131ndan \u00e7ok \u015fansl\u0131 bir \u00fclke. Bu \u015fans\u0131m\u0131z\u0131 kullanmak zorunday\u0131z.\u201d<\/p>\n<p>Gelecek 20 y\u0131lda, g\u00fcne\u015f ekonomisinin 5 trilyon dolara ula\u015faca\u011f\u0131 y\u00f6n\u00fcndeki \u00f6ng\u00f6r\u00fcleri hat\u0131rlatan Demirda\u011f, s\u00f6zlerini \u015f\u00f6yle tamamlad\u0131: \u201cBu ekonomiden pay\u0131m\u0131z\u0131 almal\u0131y\u0131z, alabilece\u011fimizi de inan\u0131yoruz. Bunun yan\u0131 s\u0131ra \u00fclkemiz m\u00fcteahhitlik konusunda m\u00fcthi\u015f bir bilgi ve deneyime sahip. Bu potansiyelimizi ye\u015fil enerjinin m\u00fcteahhitli\u011fine de aktarabiliriz. Smart Energy olarak, T\u00fcrkiye\u2019de ciddi bir g\u00fcne\u015f enerjisi sekt\u00f6r\u00fc olu\u015faca\u011f\u0131na ve hem \u00fcretici, hem de kurulum ve yat\u0131r\u0131m yapan bir \u00fclke olarak d\u00fcnyada g\u00fcne\u015f enerjisi piyasas\u0131nda s\u00f6z sahibi olaca\u011f\u0131m\u0131z\u0131 \u00fcmit ediyoruz. Bu nedenle uluslararas\u0131 t\u00fcm platformlarda \u00fclkemizi temsil etmeye \u00f6zen g\u00f6steriyoruz.\u201d<\/p>","protected":false},"excerpt":{"rendered":"<p>Sorry, this entry is only available in Turkish. For the sake of viewer convenience, the content is shown below in the alternative language. You may click the link to switch the active language.G\u00fcne\u015f enerjisi sekt\u00f6r\u00fcn\u00fcn \u00f6nemli yat\u0131r\u0131mc\u0131lar\u0131ndan Smart Energy, yurti\u00e7inde oldu\u011fu gibi yurtd\u0131\u015f\u0131nda da deneyimlerini payla\u015fmaya devam ediyor. Kiev\u2019de ger\u00e7ekle\u015ftirilen Ukrayna Yenilenebilir Enerji ve Enerji [&hellip;]<\/p>\n","protected":false},"author":1,"featured_media":73762,"comment_status":"open","ping_status":"open","sticky":false,"template":"","format":"standard","meta":[],"categories":[53,49],"tags":[67,1009,23416,23133,23131,34862,26385],"views":904,"_links":{"self":[{"href":"https:\/\/www.enerjigazetesi.ist\/en\/wp-json\/wp\/v2\/posts\/73761"}],"collection":[{"href":"https:\/\/www.enerjigazetesi.ist\/en\/wp-json\/wp\/v2\/posts"}],"about":[{"href":"https:\/\/www.enerjigazetesi.ist\/en\/wp-json\/wp\/v2\/types\/post"}],"author":[{"embeddable":true,"href":"https:\/\/www.enerjigazetesi.ist\/en\/wp-json\/wp\/v2\/users\/1"}],"replies":[{"embeddable":true,"href":"https:\/\/www.enerjigazetesi.ist\/en\/wp-json\/wp\/v2\/comments?post=73761"}],"version-history":[{"count":1,"href":"https:\/\/www.enerjigazetesi.ist\/en\/wp-json\/wp\/v2\/posts\/73761\/revisions"}],"predecessor-version":[{"id":73763,"href":"https:\/\/www.enerjigazetesi.ist\/en\/wp-json\/wp\/v2\/posts\/73761\/revisions\/73763"}],"wp:featuredmedia":[{"embeddable":true,"href":"https:\/\/www.enerjigazetesi.ist\/en\/wp-json\/wp\/v2\/media\/73762"}],"wp:attachment":[{"href":"https:\/\/www.enerjigazetesi.ist\/en\/wp-json\/wp\/v2\/media?parent=73761"}],"wp:term":[{"taxonomy":"category","embeddable":true,"href":"https:\/\/www.enerjigazetesi.ist\/en\/wp-json\/wp\/v2\/categories?post=73761"},{"taxonomy":"post_tag","embeddable":true,"href":"https:\/\/www.enerjigazetesi.ist\/en\/wp-json\/wp\/v2\/tags?post=73761"}],"curies":[{"name":"wp","href":"https:\/\/api.w.org\/{rel}","templated":true}]}}