{"id":73755,"date":"2018-04-27T22:04:05","date_gmt":"2018-04-27T19:04:05","guid":{"rendered":"https:\/\/www.enerjigazetesi.ist\/?p=73755"},"modified":"2018-04-27T22:04:05","modified_gmt":"2018-04-27T19:04:05","slug":"bergama-belediyesince-gunes-enerji-santrali-kurulacak","status":"publish","type":"post","link":"https:\/\/www.enerjigazetesi.ist\/en\/bergama-belediyesince-gunes-enerji-santrali-kurulacak\/","title":{"rendered":"(Turkish) Bergama Belediyesi&#8217;nce G\u00fcne\u015f Enerji Santrali Kurulacak"},"content":{"rendered":"<p class=\"qtranxs-available-languages-message qtranxs-available-languages-message-en\">Sorry, this entry is only available in <a href=\"https:\/\/www.enerjigazetesi.ist\/tr\/wp-json\/wp\/v2\/posts\/73755\" class=\"qtranxs-available-language-link qtranxs-available-language-link-tr\" title=\"Turkish\">Turkish<\/a>. For the sake of viewer convenience, the content is shown below in the alternative language. You may click the link to switch the active language.<\/p><p><strong>Bergama Belediye Ba\u015fkan\u0131 Mehmet G\u00f6nen\u00e7 taraf\u0131ndan Sar\u0131calar\u2019da 20 bin metrekarelik alana g\u00fcne\u015f enerjisi santrali kurulaca\u011f\u0131 a\u00e7\u0131kland\u0131. 1 MW\u2019l\u0131k kapasiteye sahip santralin bulundu\u011fu alana 1250 kW\u2019lik trafo da yap\u0131lacak.<\/strong><\/p>\n<p>Santralden elde edilen enerjinin 270 metre mesafeli bir ba\u011flant\u0131 hatt\u0131yla ana enerji da\u011f\u0131t\u0131m hatt\u0131na <img loading=\"lazy\" class=\"alignright size-medium wp-image-73756\" src=\"https:\/\/www.enerjigazetesi.ist\/wp-content\/uploads\/2018\/04\/bergama-belediyesince-gunes-enerji-santrali-kurulacak-300x212.jpg\" alt=\"\" width=\"300\" height=\"212\" srcset=\"https:\/\/www.enerjigazetesi.ist\/wp-content\/uploads\/2018\/04\/bergama-belediyesince-gunes-enerji-santrali-kurulacak-300x212.jpg 300w, https:\/\/www.enerjigazetesi.ist\/wp-content\/uploads\/2018\/04\/bergama-belediyesince-gunes-enerji-santrali-kurulacak-768x541.jpg 768w, https:\/\/www.enerjigazetesi.ist\/wp-content\/uploads\/2018\/04\/bergama-belediyesince-gunes-enerji-santrali-kurulacak-1024x722.jpg 1024w, https:\/\/www.enerjigazetesi.ist\/wp-content\/uploads\/2018\/04\/bergama-belediyesince-gunes-enerji-santrali-kurulacak-500x353.jpg 500w, https:\/\/www.enerjigazetesi.ist\/wp-content\/uploads\/2018\/04\/bergama-belediyesince-gunes-enerji-santrali-kurulacak-71x50.jpg 71w, https:\/\/www.enerjigazetesi.ist\/wp-content\/uploads\/2018\/04\/bergama-belediyesince-gunes-enerji-santrali-kurulacak.jpg 1580w\" sizes=\"(max-width: 300px) 100vw, 300px\" \/>aktar\u0131laca\u011f\u0131 bildirildi. Santralin Bergama Belediyesi\u2019ne y\u0131lda 700 bin lira katk\u0131 sa\u011flamas\u0131 bekleniyor. Bergama\u2019n\u0131n \u00e7evre duyarl\u0131l\u0131\u011f\u0131yla an\u0131lan bir kent oldu\u011funu belirten Bergama Belediye Ba\u015fkan\u0131 Mehmet G\u00f6nen\u00e7, 1,5 milyon Euro yat\u0131r\u0131m bedelli projenin ilk 8 y\u0131l sa\u011flanacak mahsupla\u015fma giderleriyle kendi finansman\u0131n\u0131 kar\u015f\u0131layaca\u011f\u0131n\u0131 a\u00e7\u0131klad\u0131. G\u00f6nen\u00e7, g\u00fcne\u015f enerjisi panellerinin yakla\u015f\u0131k 25 y\u0131ll\u0131k enerji \u00fcretim kapasitesi oldu\u011fu i\u00e7in ise kalan 17 y\u0131lda Bergama Belediyesi\u2019nin elektri\u011fe \u00e7ok d\u00fc\u015f\u00fck \u00fccretler \u00f6deyece\u011fini belirtti.<\/p>\n<p>Her saat g\u00fcvenlik kameras\u0131 ile takip edilecek olan santralin etraf\u0131n\u0131n \u00e7itle \u00e7evrilece\u011fi ve \u00fcretilen enerjinin Bergama Belediye\u2019si enerjisi bedellerinden mahsup edilece\u011fi ifade edildi. Bergama Belediye\u2019sinin elektrik t\u00fcketimi giderlerinde yakla\u015f\u0131k y\u00fczde 70 oran\u0131nda azalma \u00f6ng\u00f6r\u00fclmektedir.<\/p>","protected":false},"excerpt":{"rendered":"<p>Sorry, this entry is only available in Turkish. For the sake of viewer convenience, the content is shown below in the alternative language. You may click the link to switch the active language.Bergama Belediye Ba\u015fkan\u0131 Mehmet G\u00f6nen\u00e7 taraf\u0131ndan Sar\u0131calar\u2019da 20 bin metrekarelik alana g\u00fcne\u015f enerjisi santrali kurulaca\u011f\u0131 a\u00e7\u0131kland\u0131. 1 MW\u2019l\u0131k kapasiteye sahip santralin bulundu\u011fu alana [&hellip;]<\/p>\n","protected":false},"author":1,"featured_media":73756,"comment_status":"open","ping_status":"open","sticky":false,"template":"","format":"standard","meta":[],"categories":[53,49],"tags":[37482,19,37483,67,1009,2326,13,23416,2569,23133,23131],"views":1032,"_links":{"self":[{"href":"https:\/\/www.enerjigazetesi.ist\/en\/wp-json\/wp\/v2\/posts\/73755"}],"collection":[{"href":"https:\/\/www.enerjigazetesi.ist\/en\/wp-json\/wp\/v2\/posts"}],"about":[{"href":"https:\/\/www.enerjigazetesi.ist\/en\/wp-json\/wp\/v2\/types\/post"}],"author":[{"embeddable":true,"href":"https:\/\/www.enerjigazetesi.ist\/en\/wp-json\/wp\/v2\/users\/1"}],"replies":[{"embeddable":true,"href":"https:\/\/www.enerjigazetesi.ist\/en\/wp-json\/wp\/v2\/comments?post=73755"}],"version-history":[{"count":1,"href":"https:\/\/www.enerjigazetesi.ist\/en\/wp-json\/wp\/v2\/posts\/73755\/revisions"}],"predecessor-version":[{"id":73757,"href":"https:\/\/www.enerjigazetesi.ist\/en\/wp-json\/wp\/v2\/posts\/73755\/revisions\/73757"}],"wp:featuredmedia":[{"embeddable":true,"href":"https:\/\/www.enerjigazetesi.ist\/en\/wp-json\/wp\/v2\/media\/73756"}],"wp:attachment":[{"href":"https:\/\/www.enerjigazetesi.ist\/en\/wp-json\/wp\/v2\/media?parent=73755"}],"wp:term":[{"taxonomy":"category","embeddable":true,"href":"https:\/\/www.enerjigazetesi.ist\/en\/wp-json\/wp\/v2\/categories?post=73755"},{"taxonomy":"post_tag","embeddable":true,"href":"https:\/\/www.enerjigazetesi.ist\/en\/wp-json\/wp\/v2\/tags?post=73755"}],"curies":[{"name":"wp","href":"https:\/\/api.w.org\/{rel}","templated":true}]}}