{"id":73717,"date":"2018-04-26T07:59:58","date_gmt":"2018-04-26T04:59:58","guid":{"rendered":"https:\/\/www.enerjigazetesi.ist\/?p=73717"},"modified":"2018-04-26T07:59:58","modified_gmt":"2018-04-26T04:59:58","slug":"erasmus-programiyla-15-ogrenci-yenilenebilir-enerji-icin-portekizde","status":"publish","type":"post","link":"https:\/\/www.enerjigazetesi.ist\/en\/erasmus-programiyla-15-ogrenci-yenilenebilir-enerji-icin-portekizde\/","title":{"rendered":"(Turkish) Erasmus Program\u0131yla 15 \u00d6\u011frenci Yenilenebilir Enerji \u0130\u00e7in Portekiz\u2019de!"},"content":{"rendered":"<p class=\"qtranxs-available-languages-message qtranxs-available-languages-message-en\">Sorry, this entry is only available in <a href=\"https:\/\/www.enerjigazetesi.ist\/tr\/wp-json\/wp\/v2\/posts\/73717\" class=\"qtranxs-available-language-link qtranxs-available-language-link-tr\" title=\"Turkish\">Turkish<\/a>. For the sake of viewer convenience, the content is shown below in the alternative language. You may click the link to switch the active language.<\/p><p><strong>Erasmus+ program\u0131 dahilinde, \u2018Mesleki E\u011fitimde Yenilenebilir\u00a0Enerji\u00a0Alan\u0131n\u0131n\u00a0AB Standartlar\u0131na Y\u00fckseltilmesi\u2019 projesi ile 15 \u00f6\u011frenci ve 9 \u00f6\u011fretmen\u00a0Portekiz\u2019in Braga kentine gitti.<img loading=\"lazy\" class=\"alignright size-medium wp-image-73718\" src=\"https:\/\/www.enerjigazetesi.ist\/wp-content\/uploads\/2018\/04\/erasmus-programiyla-15-ogrenci-yenilenebilir-enerji-icin-portekizde-300x150.jpg\" alt=\"\" width=\"300\" height=\"150\" srcset=\"https:\/\/www.enerjigazetesi.ist\/wp-content\/uploads\/2018\/04\/erasmus-programiyla-15-ogrenci-yenilenebilir-enerji-icin-portekizde-300x150.jpg 300w, https:\/\/www.enerjigazetesi.ist\/wp-content\/uploads\/2018\/04\/erasmus-programiyla-15-ogrenci-yenilenebilir-enerji-icin-portekizde-500x250.jpg 500w, https:\/\/www.enerjigazetesi.ist\/wp-content\/uploads\/2018\/04\/erasmus-programiyla-15-ogrenci-yenilenebilir-enerji-icin-portekizde-80x40.jpg 80w, https:\/\/www.enerjigazetesi.ist\/wp-content\/uploads\/2018\/04\/erasmus-programiyla-15-ogrenci-yenilenebilir-enerji-icin-portekizde.jpg 640w\" sizes=\"(max-width: 300px) 100vw, 300px\" \/><\/strong><\/p>\n<p>Avrupa Komisyonu taraf\u0131ndan desteklenen proje ile \u00f6\u011frenciler burada 12 g\u00fcn s\u00fcre ile yenilenebilir enerji alan\u0131nda Avrupa ve\u00a0Afrika\u00a0\u00fclkelerine ihracat yapan DAPE firmas\u0131nda staj yapt\u0131 ve i\u015fba\u015f\u0131 g\u00f6zlem faaliyetinde bulundu.<\/p>\n<p><strong>FABR\u0130KA GEZ\u0130S\u0130<\/strong><br \/>\nAntalya\u2019n\u0131n \u2018yenilenebilir enerji teknolojileri\u2019 alan\u0131nda e\u011fitim veren tek okulu olan Baraj Mesleki ve Teknik Anadolu Lisesi\u2019nin \u00f6\u011frenci ve \u00f6\u011fretmenlerinden olu\u015fan heyet ayr\u0131ca bu alanda e\u011fitim veren meslek lisesini de ziyaret etti. Gezinin en ilgi \u00e7ekici b\u00f6l\u00fcm\u00fc ise ihtiyac\u0131 olan t\u00fcm enerjiyi g\u00fcne\u015ften elde eden fabrika gezisi oldu.<\/p>","protected":false},"excerpt":{"rendered":"<p>Sorry, this entry is only available in Turkish. For the sake of viewer convenience, the content is shown below in the alternative language. You may click the link to switch the active language.Erasmus+ program\u0131 dahilinde, \u2018Mesleki E\u011fitimde Yenilenebilir\u00a0Enerji\u00a0Alan\u0131n\u0131n\u00a0AB Standartlar\u0131na Y\u00fckseltilmesi\u2019 projesi ile 15 \u00f6\u011frenci ve 9 \u00f6\u011fretmen\u00a0Portekiz\u2019in Braga kentine gitti. Avrupa Komisyonu taraf\u0131ndan desteklenen proje [&hellip;]<\/p>\n","protected":false},"author":1,"featured_media":73718,"comment_status":"open","ping_status":"open","sticky":false,"template":"","format":"standard","meta":[],"categories":[53,49],"tags":[67,1009,37467,23416,23133,23131,26829],"views":597,"_links":{"self":[{"href":"https:\/\/www.enerjigazetesi.ist\/en\/wp-json\/wp\/v2\/posts\/73717"}],"collection":[{"href":"https:\/\/www.enerjigazetesi.ist\/en\/wp-json\/wp\/v2\/posts"}],"about":[{"href":"https:\/\/www.enerjigazetesi.ist\/en\/wp-json\/wp\/v2\/types\/post"}],"author":[{"embeddable":true,"href":"https:\/\/www.enerjigazetesi.ist\/en\/wp-json\/wp\/v2\/users\/1"}],"replies":[{"embeddable":true,"href":"https:\/\/www.enerjigazetesi.ist\/en\/wp-json\/wp\/v2\/comments?post=73717"}],"version-history":[{"count":1,"href":"https:\/\/www.enerjigazetesi.ist\/en\/wp-json\/wp\/v2\/posts\/73717\/revisions"}],"predecessor-version":[{"id":73719,"href":"https:\/\/www.enerjigazetesi.ist\/en\/wp-json\/wp\/v2\/posts\/73717\/revisions\/73719"}],"wp:featuredmedia":[{"embeddable":true,"href":"https:\/\/www.enerjigazetesi.ist\/en\/wp-json\/wp\/v2\/media\/73718"}],"wp:attachment":[{"href":"https:\/\/www.enerjigazetesi.ist\/en\/wp-json\/wp\/v2\/media?parent=73717"}],"wp:term":[{"taxonomy":"category","embeddable":true,"href":"https:\/\/www.enerjigazetesi.ist\/en\/wp-json\/wp\/v2\/categories?post=73717"},{"taxonomy":"post_tag","embeddable":true,"href":"https:\/\/www.enerjigazetesi.ist\/en\/wp-json\/wp\/v2\/tags?post=73717"}],"curies":[{"name":"wp","href":"https:\/\/api.w.org\/{rel}","templated":true}]}}