{"id":73651,"date":"2018-04-24T09:34:11","date_gmt":"2018-04-24T06:34:11","guid":{"rendered":"https:\/\/www.enerjigazetesi.ist\/?p=73651"},"modified":"2018-04-24T09:34:11","modified_gmt":"2018-04-24T06:34:11","slug":"suudi-arabistanin-aramco-tesisine-fuze-firlatildi","status":"publish","type":"post","link":"https:\/\/www.enerjigazetesi.ist\/en\/suudi-arabistanin-aramco-tesisine-fuze-firlatildi\/","title":{"rendered":"(Turkish) Suudi Arabistan\u2019\u0131n Aramco Tesisine F\u00fcze F\u0131rlat\u0131ld\u0131"},"content":{"rendered":"<p class=\"qtranxs-available-languages-message qtranxs-available-languages-message-en\">Sorry, this entry is only available in <a href=\"https:\/\/www.enerjigazetesi.ist\/tr\/wp-json\/wp\/v2\/posts\/73651\" class=\"qtranxs-available-language-link qtranxs-available-language-link-tr\" title=\"Turkish\">Turkish<\/a>. For the sake of viewer convenience, the content is shown below in the alternative language. You may click the link to switch the active language.<\/p><p><strong>Suudi Arabistan liderli\u011findeki koalisyonun sald\u0131r\u0131s\u0131 alt\u0131ndaki Yemen\u2019de \u015eii Husiler, Suudi petrol devi Aramco\u2019ya y\u00f6nelik 2 f\u00fcze att\u0131. Suudi hava savunma sistemlerinin f\u00fczeleri havada imha etti\u011fi belirtildi.<\/strong><span id=\"more-99513\"><\/span><\/p>\n<p><img loading=\"lazy\" class=\"alignleft size-medium wp-image-49100\" src=\"https:\/\/www.enerjigazetesi.ist\/wp-content\/uploads\/2016\/01\/yorum-aramco-10-trilyon-dolar-eder-300x165.jpg\" alt=\"\" width=\"300\" height=\"165\" srcset=\"https:\/\/www.enerjigazetesi.ist\/wp-content\/uploads\/2016\/01\/yorum-aramco-10-trilyon-dolar-eder-300x165.jpg 300w, https:\/\/www.enerjigazetesi.ist\/wp-content\/uploads\/2016\/01\/yorum-aramco-10-trilyon-dolar-eder-500x276.jpg 500w, https:\/\/www.enerjigazetesi.ist\/wp-content\/uploads\/2016\/01\/yorum-aramco-10-trilyon-dolar-eder-80x44.jpg 80w, https:\/\/www.enerjigazetesi.ist\/wp-content\/uploads\/2016\/01\/yorum-aramco-10-trilyon-dolar-eder.jpg 696w\" sizes=\"(max-width: 300px) 100vw, 300px\" \/>Yemen\u2019de \u015eii Husilerin TV kanal\u0131 Mesire, Suudi Arabistan\u2019\u0131n g\u00fcneybat\u0131s\u0131nda, K\u0131z\u0131ldeniz k\u0131y\u0131s\u0131ndaki Cizan\u2019daki Aramco liman\u0131na 2 Bedir f\u00fczesi f\u0131rlatt\u0131\u011f\u0131n\u0131 duyurdu. Suudi devlet medyas\u0131, Aramco tesisini hedef alan f\u00fczelerin imha edildi\u011fini a\u00e7\u0131klad\u0131.<\/p>\n<p>Tesiste olas\u0131 maddi zarar ya da can kayb\u0131yla ilgili bir a\u00e7\u0131klama yap\u0131lmad\u0131. Suudi devletinin petrol-gaz \u015firketi Aramco, 2-10 trilyon dolar aras\u0131 piyasa de\u011feriyle d\u00fcnyan\u0131n en de\u011ferli \u015firketi kabul ediliyor. En \u00e7ok gelir ve kar elde eden \u015firketlerin ba\u015f\u0131nda gelen Aramco, d\u00fcnyan\u0131n en b\u00fcy\u00fck ikinci bilinen petrol rezervine ve g\u00fcnl\u00fck petrol \u00fcretimine h\u00fckmediyor.<\/p>","protected":false},"excerpt":{"rendered":"<p>Sorry, this entry is only available in Turkish. For the sake of viewer convenience, the content is shown below in the alternative language. You may click the link to switch the active language.Suudi Arabistan liderli\u011findeki koalisyonun sald\u0131r\u0131s\u0131 alt\u0131ndaki Yemen\u2019de \u015eii Husiler, Suudi petrol devi Aramco\u2019ya y\u00f6nelik 2 f\u00fcze att\u0131. Suudi hava savunma sistemlerinin f\u00fczeleri havada [&hellip;]<\/p>\n","protected":false},"author":1,"featured_media":49100,"comment_status":"open","ping_status":"open","sticky":false,"template":"","format":"standard","meta":[],"categories":[53,44],"tags":[18719,67,1009,36213,34935,37447,2388,34936,37448,1463],"views":582,"_links":{"self":[{"href":"https:\/\/www.enerjigazetesi.ist\/en\/wp-json\/wp\/v2\/posts\/73651"}],"collection":[{"href":"https:\/\/www.enerjigazetesi.ist\/en\/wp-json\/wp\/v2\/posts"}],"about":[{"href":"https:\/\/www.enerjigazetesi.ist\/en\/wp-json\/wp\/v2\/types\/post"}],"author":[{"embeddable":true,"href":"https:\/\/www.enerjigazetesi.ist\/en\/wp-json\/wp\/v2\/users\/1"}],"replies":[{"embeddable":true,"href":"https:\/\/www.enerjigazetesi.ist\/en\/wp-json\/wp\/v2\/comments?post=73651"}],"version-history":[{"count":1,"href":"https:\/\/www.enerjigazetesi.ist\/en\/wp-json\/wp\/v2\/posts\/73651\/revisions"}],"predecessor-version":[{"id":73652,"href":"https:\/\/www.enerjigazetesi.ist\/en\/wp-json\/wp\/v2\/posts\/73651\/revisions\/73652"}],"wp:featuredmedia":[{"embeddable":true,"href":"https:\/\/www.enerjigazetesi.ist\/en\/wp-json\/wp\/v2\/media\/49100"}],"wp:attachment":[{"href":"https:\/\/www.enerjigazetesi.ist\/en\/wp-json\/wp\/v2\/media?parent=73651"}],"wp:term":[{"taxonomy":"category","embeddable":true,"href":"https:\/\/www.enerjigazetesi.ist\/en\/wp-json\/wp\/v2\/categories?post=73651"},{"taxonomy":"post_tag","embeddable":true,"href":"https:\/\/www.enerjigazetesi.ist\/en\/wp-json\/wp\/v2\/tags?post=73651"}],"curies":[{"name":"wp","href":"https:\/\/api.w.org\/{rel}","templated":true}]}}