{"id":73639,"date":"2018-04-23T19:07:46","date_gmt":"2018-04-23T16:07:46","guid":{"rendered":"https:\/\/www.enerjigazetesi.ist\/?p=73639"},"modified":"2018-04-23T19:07:46","modified_gmt":"2018-04-23T16:07:46","slug":"2023-yilina-kadar-dunyada-164-nukleer-santral-yapilacak","status":"publish","type":"post","link":"https:\/\/www.enerjigazetesi.ist\/en\/2023-yilina-kadar-dunyada-164-nukleer-santral-yapilacak\/","title":{"rendered":"(Turkish) 2023 Y\u0131l\u0131na Kadar D\u00fcnya&#8217;da 164 N\u00fckleer Santral Yap\u0131lacak"},"content":{"rendered":"<p class=\"qtranxs-available-languages-message qtranxs-available-languages-message-en\">Sorry, this entry is only available in <a href=\"https:\/\/www.enerjigazetesi.ist\/tr\/wp-json\/wp\/v2\/posts\/73639\" class=\"qtranxs-available-language-link qtranxs-available-language-link-tr\" title=\"Turkish\">Turkish<\/a>. For the sake of viewer convenience, the content is shown below in the alternative language. You may click the link to switch the active language.<\/p><p><strong>T\u00fcrkiye ilk n\u00fckleer santral\u0131 Akkuyu\u2019nun hizmete girece\u011fi 2023 y\u0131l\u0131na odaklan\u0131rken, d\u00fcnya da 164 n\u00fckleerin faaliyete ge\u00e7mesini bekliyor. S\u00f6z konusu a\u00e7\u0131klama; TBMM Sanayi, Ticaret, Enerji, Tabii Kaynaklar, Bilgi ve Teknoloji Komisyonu Ba\u015fkanvekili Necip Kalkan\u2019dan geldi.<\/strong><span id=\"more-99503\"><\/span><\/p>\n<p><img loading=\"lazy\" class=\"alignleft size-medium wp-image-40783\" src=\"https:\/\/www.enerjigazetesi.ist\/wp-content\/uploads\/2015\/06\/sinop-ngsnin-maliyeti-beklenenden-dusuk-olacak-300x225.jpg\" alt=\"\" width=\"300\" height=\"225\" srcset=\"https:\/\/www.enerjigazetesi.ist\/wp-content\/uploads\/2015\/06\/sinop-ngsnin-maliyeti-beklenenden-dusuk-olacak-300x225.jpg 300w, https:\/\/www.enerjigazetesi.ist\/wp-content\/uploads\/2015\/06\/sinop-ngsnin-maliyeti-beklenenden-dusuk-olacak-500x375.jpg 500w, https:\/\/www.enerjigazetesi.ist\/wp-content\/uploads\/2015\/06\/sinop-ngsnin-maliyeti-beklenenden-dusuk-olacak-66x50.jpg 66w, https:\/\/www.enerjigazetesi.ist\/wp-content\/uploads\/2015\/06\/sinop-ngsnin-maliyeti-beklenenden-dusuk-olacak.jpg 640w\" sizes=\"(max-width: 300px) 100vw, 300px\" \/>Kalkan, muhalefetin Akkuyu tepkisine TBMM Genel Kurul k\u00fcrs\u00fcs\u00fcnden yan\u0131t vererek, \u201cBiz Akkuyu N\u00fckleer Santral\u0131\u2019n\u0131n temelini atana kadar d\u00fcnya tam 442 tane n\u00fckleer santral yapm\u0131\u015f\u201d diye konu\u015ftu. D\u00fcnyada 66 yeni n\u00fckleer santral in\u015fa edildi\u011fini belirten Kalkan, \u201c2023 y\u0131l\u0131na kadar b\u00fct\u00fcn d\u00fcnyada tam 164 tane n\u00fckleer santral yap\u0131lacak\u201d ifadelerini kulland\u0131.<\/p>\n<p>Kalkan, \u201cABD\u2019de 99 tane n\u00fckleer santral var, 5 tanesi in\u015faat h\u00e2linde, Fransa\u2019da 58 tane var bir tane daha in\u015faat h\u00e2linde, Rusya\u2019da 35 tane var 8 tane in\u015faat h\u00e2linde, G\u00fcney Kore\u2019de 25 tane var 3 tane in\u015faat h\u00e2linde \u00c7in\u2019de 31 tane var 24 tane in\u015faat h\u00e2linde\u201d dedi.<\/p>","protected":false},"excerpt":{"rendered":"<p>Sorry, this entry is only available in Turkish. For the sake of viewer convenience, the content is shown below in the alternative language. You may click the link to switch the active language.T\u00fcrkiye ilk n\u00fckleer santral\u0131 Akkuyu\u2019nun hizmete girece\u011fi 2023 y\u0131l\u0131na odaklan\u0131rken, d\u00fcnya da 164 n\u00fckleerin faaliyete ge\u00e7mesini bekliyor. S\u00f6z konusu a\u00e7\u0131klama; TBMM Sanayi, Ticaret, [&hellip;]<\/p>\n","protected":false},"author":1,"featured_media":40783,"comment_status":"open","ping_status":"open","sticky":false,"template":"","format":"standard","meta":[],"categories":[53,43],"tags":[3019,1026,67,1009,37444,23134,25480,88,34930,37445],"views":774,"_links":{"self":[{"href":"https:\/\/www.enerjigazetesi.ist\/en\/wp-json\/wp\/v2\/posts\/73639"}],"collection":[{"href":"https:\/\/www.enerjigazetesi.ist\/en\/wp-json\/wp\/v2\/posts"}],"about":[{"href":"https:\/\/www.enerjigazetesi.ist\/en\/wp-json\/wp\/v2\/types\/post"}],"author":[{"embeddable":true,"href":"https:\/\/www.enerjigazetesi.ist\/en\/wp-json\/wp\/v2\/users\/1"}],"replies":[{"embeddable":true,"href":"https:\/\/www.enerjigazetesi.ist\/en\/wp-json\/wp\/v2\/comments?post=73639"}],"version-history":[{"count":1,"href":"https:\/\/www.enerjigazetesi.ist\/en\/wp-json\/wp\/v2\/posts\/73639\/revisions"}],"predecessor-version":[{"id":73640,"href":"https:\/\/www.enerjigazetesi.ist\/en\/wp-json\/wp\/v2\/posts\/73639\/revisions\/73640"}],"wp:featuredmedia":[{"embeddable":true,"href":"https:\/\/www.enerjigazetesi.ist\/en\/wp-json\/wp\/v2\/media\/40783"}],"wp:attachment":[{"href":"https:\/\/www.enerjigazetesi.ist\/en\/wp-json\/wp\/v2\/media?parent=73639"}],"wp:term":[{"taxonomy":"category","embeddable":true,"href":"https:\/\/www.enerjigazetesi.ist\/en\/wp-json\/wp\/v2\/categories?post=73639"},{"taxonomy":"post_tag","embeddable":true,"href":"https:\/\/www.enerjigazetesi.ist\/en\/wp-json\/wp\/v2\/tags?post=73639"}],"curies":[{"name":"wp","href":"https:\/\/api.w.org\/{rel}","templated":true}]}}