{"id":73622,"date":"2018-04-22T20:48:05","date_gmt":"2018-04-22T17:48:05","guid":{"rendered":"https:\/\/www.enerjigazetesi.ist\/?p=73622"},"modified":"2018-04-22T20:48:05","modified_gmt":"2018-04-22T17:48:05","slug":"2018-yilinda-gunesten-elektrik-uretimi-500-gwi-asabilir","status":"publish","type":"post","link":"https:\/\/www.enerjigazetesi.ist\/en\/2018-yilinda-gunesten-elektrik-uretimi-500-gwi-asabilir\/","title":{"rendered":"(Turkish) 2018 Y\u0131l\u0131nda G\u00fcne\u015ften Elektrik \u00dcretimi 500 GW&#8217;\u0131 A\u015fabilir!"},"content":{"rendered":"<p class=\"qtranxs-available-languages-message qtranxs-available-languages-message-en\">Sorry, this entry is only available in <a href=\"https:\/\/www.enerjigazetesi.ist\/tr\/wp-json\/wp\/v2\/posts\/73622\" class=\"qtranxs-available-language-link qtranxs-available-language-link-tr\" title=\"Turkish\">Turkish<\/a>. For the sake of viewer convenience, the content is shown below in the alternative language. You may click the link to switch the active language.<\/p><p><strong>Pazar ara\u015ft\u0131rma kurulu\u015fu IHS Markit k\u00fcresel g\u00fcne\u015f elektri\u011fi pazar\u0131nda 2018 y\u0131l\u0131nda olacak b\u00fcy\u00fcme \u00f6ng\u00f6r\u00fcs\u00fcnde revizeye gitti.<\/strong><\/p>\n<p>2017 Aral\u0131k ay\u0131nda yay\u0131nlad\u0131\u011f\u0131 \u00e7al\u0131\u015fmada 2018 i\u00e7in 113 GW&#8217;l\u0131k b\u00fcy\u00fcme \u00f6ng\u00f6ren kurulu\u015f, son <img loading=\"lazy\" class=\"alignright wp-image-53310 size-medium\" src=\"https:\/\/www.enerjigazetesi.ist\/wp-content\/uploads\/2016\/05\/renesola-ile-uck-116-mwlik-gunes-santrali-kurulumu-ges-yapacak-300x150.jpg\" alt=\"2018-yilinda-gunesten-elektrik-uretimi-500-gwi-asabilir\" width=\"300\" height=\"150\" srcset=\"https:\/\/www.enerjigazetesi.ist\/wp-content\/uploads\/2016\/05\/renesola-ile-uck-116-mwlik-gunes-santrali-kurulumu-ges-yapacak-300x150.jpg 300w, https:\/\/www.enerjigazetesi.ist\/wp-content\/uploads\/2016\/05\/renesola-ile-uck-116-mwlik-gunes-santrali-kurulumu-ges-yapacak-500x250.jpg 500w, https:\/\/www.enerjigazetesi.ist\/wp-content\/uploads\/2016\/05\/renesola-ile-uck-116-mwlik-gunes-santrali-kurulumu-ges-yapacak-80x40.jpg 80w, https:\/\/www.enerjigazetesi.ist\/wp-content\/uploads\/2016\/05\/renesola-ile-uck-116-mwlik-gunes-santrali-kurulumu-ges-yapacak.jpg 640w\" sizes=\"(max-width: 300px) 100vw, 300px\" \/>\u00e7al\u0131\u015fmas\u0131nda ise bu rakam\u0131 118 GW&#8217;a y\u00fckseltti.<\/p>\n<p><strong>\u00c7in ana belirleyici olmay\u0131 s\u00fcrd\u00fcrecek<\/strong><\/p>\n<p>\u00c7al\u0131\u015fmaya g\u00f6re \u00c7in&#8217;in g\u00fcne\u015f elektri\u011fi g\u00fcc\u00fc 2018&#8217;de 53 GW d\u00fczeyinde art\u0131\u015f g\u00f6sterebilecek. Bununla birlikte bu rakam\u0131n 60 GW&#8217;a kadar y\u00fckselme potansiyeli de mevcut olacak.\u00a0Hindistan ise bu y\u0131l ABD&#8217;yi de ge\u00e7erek, \u00c7in&#8217;den sonra en b\u00fcy\u00fck ikinci pazar haline d\u00f6n\u00fc\u015febilecek.<\/p>\n<p><strong>Arz s\u0131k\u0131nt\u0131s\u0131 s\u00fcrecek<\/strong><\/p>\n<p>Polisilikon arz\u0131nda ya\u015fanan s\u0131k\u0131\u015f\u0131kl\u0131k y\u0131l\u0131n ilk yar\u0131s\u0131nda s\u00fcrsede, \u00fcreticilerin y\u0131l\u0131n ikinci yar\u0131s\u0131ndan itibaren \u00fcretim seviyelerini art\u0131rmalar\u0131 ile a\u015fma sa\u011flanabilecek. Mod\u00fcl arz\u0131nda s\u00fcrecek yetersizlik ise projelerin hayata ge\u00e7me h\u0131z\u0131n\u0131 d\u00fc\u015f\u00fcrebilecek.<\/p>\n<p>&nbsp;<\/p>","protected":false},"excerpt":{"rendered":"<p>Sorry, this entry is only available in Turkish. For the sake of viewer convenience, the content is shown below in the alternative language. You may click the link to switch the active language.Pazar ara\u015ft\u0131rma kurulu\u015fu IHS Markit k\u00fcresel g\u00fcne\u015f elektri\u011fi pazar\u0131nda 2018 y\u0131l\u0131nda olacak b\u00fcy\u00fcme \u00f6ng\u00f6r\u00fcs\u00fcnde revizeye gitti. 2017 Aral\u0131k ay\u0131nda yay\u0131nlad\u0131\u011f\u0131 \u00e7al\u0131\u015fmada 2018 i\u00e7in [&hellip;]<\/p>\n","protected":false},"author":1,"featured_media":53310,"comment_status":"open","ping_status":"open","sticky":false,"template":"","format":"standard","meta":[],"categories":[53,49],"tags":[67,1009,2326,37438,23416,2569,23131,37439],"views":731,"_links":{"self":[{"href":"https:\/\/www.enerjigazetesi.ist\/en\/wp-json\/wp\/v2\/posts\/73622"}],"collection":[{"href":"https:\/\/www.enerjigazetesi.ist\/en\/wp-json\/wp\/v2\/posts"}],"about":[{"href":"https:\/\/www.enerjigazetesi.ist\/en\/wp-json\/wp\/v2\/types\/post"}],"author":[{"embeddable":true,"href":"https:\/\/www.enerjigazetesi.ist\/en\/wp-json\/wp\/v2\/users\/1"}],"replies":[{"embeddable":true,"href":"https:\/\/www.enerjigazetesi.ist\/en\/wp-json\/wp\/v2\/comments?post=73622"}],"version-history":[{"count":1,"href":"https:\/\/www.enerjigazetesi.ist\/en\/wp-json\/wp\/v2\/posts\/73622\/revisions"}],"predecessor-version":[{"id":73623,"href":"https:\/\/www.enerjigazetesi.ist\/en\/wp-json\/wp\/v2\/posts\/73622\/revisions\/73623"}],"wp:featuredmedia":[{"embeddable":true,"href":"https:\/\/www.enerjigazetesi.ist\/en\/wp-json\/wp\/v2\/media\/53310"}],"wp:attachment":[{"href":"https:\/\/www.enerjigazetesi.ist\/en\/wp-json\/wp\/v2\/media?parent=73622"}],"wp:term":[{"taxonomy":"category","embeddable":true,"href":"https:\/\/www.enerjigazetesi.ist\/en\/wp-json\/wp\/v2\/categories?post=73622"},{"taxonomy":"post_tag","embeddable":true,"href":"https:\/\/www.enerjigazetesi.ist\/en\/wp-json\/wp\/v2\/tags?post=73622"}],"curies":[{"name":"wp","href":"https:\/\/api.w.org\/{rel}","templated":true}]}}