{"id":73615,"date":"2018-04-22T20:06:47","date_gmt":"2018-04-22T17:06:47","guid":{"rendered":"https:\/\/www.enerjigazetesi.ist\/?p=73615"},"modified":"2018-04-22T20:07:20","modified_gmt":"2018-04-22T17:07:20","slug":"nef-projelerinde-yenilenebilir-enerji-cozumlerine-egiliyor","status":"publish","type":"post","link":"https:\/\/www.enerjigazetesi.ist\/en\/nef-projelerinde-yenilenebilir-enerji-cozumlerine-egiliyor\/","title":{"rendered":"(Turkish) NEF Projelerinde Yenilenebilir Enerji \u00c7\u00f6z\u00fcmlerine E\u011filiyor"},"content":{"rendered":"<p class=\"qtranxs-available-languages-message qtranxs-available-languages-message-en\">Sorry, this entry is only available in <a href=\"https:\/\/www.enerjigazetesi.ist\/tr\/wp-json\/wp\/v2\/posts\/73615\" class=\"qtranxs-available-language-link qtranxs-available-language-link-tr\" title=\"Turkish\">Turkish<\/a>. For the sake of viewer convenience, the content is shown below in the alternative language. You may click the link to switch the active language.<\/p><p><strong>Geli\u015fen teknoloji ve Enerji ihtiyac\u0131n\u0131n artmas\u0131yla modern konut yada ticari projelerde de farkl\u0131 \u00e7\u00f6z\u00fcm ihtiya\u00e7lar\u0131 do\u011fuyor. \u0130n\u015faat Sekt\u00f6r\u00fcn\u00fcn \u00f6nemli markalar\u0131ndan NEF\u2019te yenilenebilir enerji kaynaklar\u0131na y\u00f6neliyor.<\/strong><\/p>\n<p><strong>B\u0130NALARIN CEPHES\u0130 ELEKTR\u0130K \u00dcRETECEK<\/strong><\/p>\n<p><img loading=\"lazy\" class=\"alignleft size-medium wp-image-73616\" src=\"https:\/\/www.enerjigazetesi.ist\/wp-content\/uploads\/2018\/04\/nef-projelerinde-yenilenebilir-enerji-cozumlerine-egiliyor-300x150.jpg\" alt=\"\" width=\"300\" height=\"150\" srcset=\"https:\/\/www.enerjigazetesi.ist\/wp-content\/uploads\/2018\/04\/nef-projelerinde-yenilenebilir-enerji-cozumlerine-egiliyor-300x150.jpg 300w, https:\/\/www.enerjigazetesi.ist\/wp-content\/uploads\/2018\/04\/nef-projelerinde-yenilenebilir-enerji-cozumlerine-egiliyor-500x250.jpg 500w, https:\/\/www.enerjigazetesi.ist\/wp-content\/uploads\/2018\/04\/nef-projelerinde-yenilenebilir-enerji-cozumlerine-egiliyor-80x40.jpg 80w, https:\/\/www.enerjigazetesi.ist\/wp-content\/uploads\/2018\/04\/nef-projelerinde-yenilenebilir-enerji-cozumlerine-egiliyor.jpg 640w\" sizes=\"(max-width: 300px) 100vw, 300px\" \/>Yenilenebilir enerji alan\u0131nda da \u00e7al\u0131\u015fmalar yapt\u0131klar\u0131n\u0131 belirten Erden Timur,\u00a0\u201cArt\u0131k enerji \u00fcreten unsurlar, yap\u0131 elemanlar\u0131 \u015fekline d\u00f6n\u00fc\u015ft\u00fc. Cephe eleman\u0131 gibi dekoratif bir alan ayn\u0131 zamanda g\u00fcne\u015f paneli haline geldi. Bununla ilgili de \u0130spanyol bir firma ile g\u00f6r\u00fc\u015fmelere ba\u015flad\u0131k. Son a\u015famaya geldik. Hatta Bas\u0131n Ekspresteki yapt\u0131\u011f\u0131m\u0131z projede bunun ilk uygulamas\u0131n\u0131 yap\u0131yoruz. Binan\u0131n ortak alan enerjisi ihtiyac\u0131n\u0131n y\u00fczde 20\u2019si bu \u015fekilde kar\u015f\u0131lanacak\u201d dedi.<\/p>\n<p><strong>MERCEDES VE TESLA\u00a0\u0130LE \u2018HOME BATTERY\u2019<\/strong><\/p>\n<p>Enerjinin \u00fcretilmesi ve depolanmas\u0131 da \u00f6nemli bir unsur. Enerji ucuzken depolan\u0131p pahal\u0131 oldu\u011fu d\u00f6nemlerde kullan\u0131lmas\u0131na y\u00f6nelik bir \u00e7al\u0131\u015fma yapt\u0131klar\u0131n\u0131 vurgulayan Erden Timur, \u201cTesla\u2019n\u0131n Powerwall\u2019u ve Mercedes\u2019in home battery sistemlerinden s\u00f6z ediyoruz. Tesla sistemini uygulamay\u0131 planl\u0131yoruz. Ayr\u0131ca Mercedes ile g\u00f6r\u00fc\u015fmelerimizde de belli bir noktaya geldik. Daire baz\u0131nda elektri\u011fin olmad\u0131\u011f\u0131 d\u0131\u015fsal elektri\u011fin eve girmedi\u011fi yerde onlar mant\u0131kl\u0131. Bu da ilerisi i\u00e7in asl\u0131nda hayat de\u011fi\u015ftirecek bir sistem olarak \u00f6ne \u00e7\u0131k\u0131yor\u201d \u015feklinde enerji \u00e7\u00f6z\u00fcmlerine ili\u015fkin \u00e7al\u0131\u015fmalar\u0131n\u0131 belirtti.<\/p>","protected":false},"excerpt":{"rendered":"<p>Sorry, this entry is only available in Turkish. For the sake of viewer convenience, the content is shown below in the alternative language. You may click the link to switch the active language.Geli\u015fen teknoloji ve Enerji ihtiyac\u0131n\u0131n artmas\u0131yla modern konut yada ticari projelerde de farkl\u0131 \u00e7\u00f6z\u00fcm ihtiya\u00e7lar\u0131 do\u011fuyor. \u0130n\u015faat Sekt\u00f6r\u00fcn\u00fcn \u00f6nemli markalar\u0131ndan NEF\u2019te yenilenebilir enerji [&hellip;]<\/p>\n","protected":false},"author":1,"featured_media":73616,"comment_status":"open","ping_status":"open","sticky":false,"template":"","format":"standard","meta":[],"categories":[51,53,49],"tags":[19,2258,67,1009,33006,23416,23133,23131,37433,105,26829],"views":507,"_links":{"self":[{"href":"https:\/\/www.enerjigazetesi.ist\/en\/wp-json\/wp\/v2\/posts\/73615"}],"collection":[{"href":"https:\/\/www.enerjigazetesi.ist\/en\/wp-json\/wp\/v2\/posts"}],"about":[{"href":"https:\/\/www.enerjigazetesi.ist\/en\/wp-json\/wp\/v2\/types\/post"}],"author":[{"embeddable":true,"href":"https:\/\/www.enerjigazetesi.ist\/en\/wp-json\/wp\/v2\/users\/1"}],"replies":[{"embeddable":true,"href":"https:\/\/www.enerjigazetesi.ist\/en\/wp-json\/wp\/v2\/comments?post=73615"}],"version-history":[{"count":1,"href":"https:\/\/www.enerjigazetesi.ist\/en\/wp-json\/wp\/v2\/posts\/73615\/revisions"}],"predecessor-version":[{"id":73617,"href":"https:\/\/www.enerjigazetesi.ist\/en\/wp-json\/wp\/v2\/posts\/73615\/revisions\/73617"}],"wp:featuredmedia":[{"embeddable":true,"href":"https:\/\/www.enerjigazetesi.ist\/en\/wp-json\/wp\/v2\/media\/73616"}],"wp:attachment":[{"href":"https:\/\/www.enerjigazetesi.ist\/en\/wp-json\/wp\/v2\/media?parent=73615"}],"wp:term":[{"taxonomy":"category","embeddable":true,"href":"https:\/\/www.enerjigazetesi.ist\/en\/wp-json\/wp\/v2\/categories?post=73615"},{"taxonomy":"post_tag","embeddable":true,"href":"https:\/\/www.enerjigazetesi.ist\/en\/wp-json\/wp\/v2\/tags?post=73615"}],"curies":[{"name":"wp","href":"https:\/\/api.w.org\/{rel}","templated":true}]}}