{"id":73598,"date":"2018-04-22T19:41:10","date_gmt":"2018-04-22T16:41:10","guid":{"rendered":"https:\/\/www.enerjigazetesi.ist\/?p=73598"},"modified":"2018-04-22T19:41:10","modified_gmt":"2018-04-22T16:41:10","slug":"cw-enerji-ihracat-agina-ukraynayi-da-ekledi","status":"publish","type":"post","link":"https:\/\/www.enerjigazetesi.ist\/en\/cw-enerji-ihracat-agina-ukraynayi-da-ekledi\/","title":{"rendered":"(Turkish) CW Enerji \u0130hracat A\u011f\u0131na Ukrayna\u2019y\u0131 da Ekledi"},"content":{"rendered":"<p class=\"qtranxs-available-languages-message qtranxs-available-languages-message-en\">Sorry, this entry is only available in <a href=\"https:\/\/www.enerjigazetesi.ist\/tr\/wp-json\/wp\/v2\/posts\/73598\" class=\"qtranxs-available-language-link qtranxs-available-language-link-tr\" title=\"Turkish\">Turkish<\/a>. For the sake of viewer convenience, the content is shown below in the alternative language. You may click the link to switch the active language.<\/p><p><strong>T\u00fcrkiye\u2019nin Lider G\u00fcne\u015f Paneli \u00dcreticisi CW Enerji, 11-13 Nisan tarihleri aras\u0131nda Ukrayna\u2019n\u0131n Kiev kentinde d\u00fczenlenen CISOLAR 2018, \u201cOrta ve Do\u011fu Avrupa\u2019da G\u00fcne\u015f Enerjisi\u201d 7. Uluslararas\u0131 Konferans ve Ticaret Fuar\u0131n\u0131 ba\u015far\u0131yla tamamlad\u0131. Uluslararas\u0131 fuarlara kat\u0131larak her ge\u00e7en g\u00fcn ihracat a\u011f\u0131na bir yenisini ekleyen CW Enerji, fuarda geli\u015ftirdi\u011fi ili\u015fkilerle Ukrayna\u2019ya panel sat\u0131\u015f\u0131na ba\u015fl\u0131yor. Her fuardan ba\u015far\u0131 \u00f6d\u00fclleriyle d\u00f6nen firma, CISOLAR fuar\u0131nda, \u201cFirst Prize Winner\u201d en iyi firma \u00f6d\u00fcl\u00fcne lay\u0131k g\u00f6r\u00fcld\u00fc.<\/strong><\/p>\n<p>Firmam\u0131z CW Enerji Sanayi Ticaret ve Limited \u015eirketi olarak, 11-13 Nisan tarihleri aras\u0131nda Ukrayna\u2019n\u0131n Kiev kentinde d\u00fczenlenen CISOLAR 2018, \u201cOrta ve Do\u011fu Avrupa\u2019da G\u00fcne\u015f Enerjisi\u201d 7. Uluslararas\u0131 <img loading=\"lazy\" class=\"alignleft size-medium wp-image-73599\" src=\"https:\/\/www.enerjigazetesi.ist\/wp-content\/uploads\/2018\/04\/cw-enerji-ihracat-agina-ukraynayi-da-ekledi-300x150.jpg\" alt=\"\" width=\"300\" height=\"150\" srcset=\"https:\/\/www.enerjigazetesi.ist\/wp-content\/uploads\/2018\/04\/cw-enerji-ihracat-agina-ukraynayi-da-ekledi-300x150.jpg 300w, https:\/\/www.enerjigazetesi.ist\/wp-content\/uploads\/2018\/04\/cw-enerji-ihracat-agina-ukraynayi-da-ekledi-500x250.jpg 500w, https:\/\/www.enerjigazetesi.ist\/wp-content\/uploads\/2018\/04\/cw-enerji-ihracat-agina-ukraynayi-da-ekledi-80x40.jpg 80w, https:\/\/www.enerjigazetesi.ist\/wp-content\/uploads\/2018\/04\/cw-enerji-ihracat-agina-ukraynayi-da-ekledi.jpg 640w\" sizes=\"(max-width: 300px) 100vw, 300px\" \/>Konferans ve Ticaret Fuar\u0131na kat\u0131ld\u0131. Uluslararas\u0131 Vistavkovomu Fuar Merkezinde d\u00fczenlenen ve g\u00fcne\u015f enerjisi t\u00fcm piyasa oyuncular\u0131n\u0131, kanaat \u00f6nderlerini, karar al\u0131c\u0131lar\u0131 ve \u00f6zellikle geli\u015fmekte olan Avrupa pazarlar\u0131 ve \u00f6zellikle Orta ve Do\u011fu Avrupa ile ba\u011flant\u0131l\u0131 olan g\u00fcne\u015f enerjisi end\u00fcstrisi uzmanlar\u0131n\u0131 bir araya getiren \u00f6nemli fuarlardan biri olan C\u0130SOLAR\u2019a, 38 \u00fclkeden 400\u2019\u00fcn \u00fczerinde g\u00fcne\u015f enerjisi teknolojisini temsil eden firma yetkilisi ve 19 \u00fclkeden 60\u2019\u0131n \u00fczerinde uzman kat\u0131l\u0131m g\u00f6sterdi. Ukrayna ve Orta ve Do\u011fu Avrupa b\u00f6lgesindeki t\u00fcm \u00e7\u00f6z\u00fcm, teknoloji ve ekipmanlar\u0131 kar\u015f\u0131lamak, m\u00fczakere etmek, g\u00f6stermek ve bulmak i\u00e7in \u00f6nde gelen bir platformlardan biri olan C\u0130SOLAR, Kiev kentinde end\u00fcstriyel i\u015f etkinli\u011fi anlam\u0131nda en b\u00fcy\u00fck fuar organizasyonu olma \u00f6zelli\u011fi ta\u015f\u0131yor. Fuarda, g\u00fcne\u015f teknolojisi, PV mod\u00fclleri, g\u00fcne\u015f enerjisi, g\u00fcne\u015f kazanlar\u0131 ve pompalar, g\u00fcne\u015f enerjisi sistemleri, ak\u0131ll\u0131 \u015febeke ve ak\u0131ll\u0131 \u00f6l\u00e7\u00fcm, \u00e7evre teknolojisi, ye\u015fil enerji, invert\u00f6rler ve \u015farj kontrol cihazlar\u0131, g\u00fcne\u015f pilleri ver \u015farj cihazlar\u0131, yenilenebilir enerji ve enerji tasarrufu, elektronik araba ve \u015farj istasyonlar\u0131 tan\u0131t\u0131ld\u0131.<\/p>\n<p>G\u00fcne\u015f, r\u00fczgar, jeotermal, enerji ve enerji kaynaklar\u0131n\u0131n korunmas\u0131, enerji hizmetleri, yenilik\u00e7i enerji teknolojisi, \u00f6l\u00e7me, izleme ve laboratuvar teknolojisi, proses \u00f6l\u00e7\u00fcm\u00fc, kontrol ve analiz teknolojileri gibi hizmetleri sunan \u00fcreticileri, tedarik\u00e7ileri ve ihracat\u00e7\u0131lar\u0131, ara\u015ft\u0131rma geli\u015ftirme uzmanlar\u0131n\u0131 ve yenilenebilir enerjiden faydalanmak isteyen kullan\u0131c\u0131lar bu fuarda bulu\u015ftu.<\/p>\n<p>CW Enerji olarak fuarda bize ayr\u0131lan 34 numaral\u0131 40 m\u00b2\u2019lik stant alan\u0131nda firmalar\u0131m\u0131z\u0131n tan\u0131t\u0131mlar\u0131n\u0131 ger\u00e7ekle\u015ftirdik ve ba\u015fta CEO\u2019lar, politikac\u0131lar, m\u00fchendisler, proje geli\u015ftirme uzmanlar\u0131, teknik m\u00fchendisler ve ara\u015ft\u0131rma geli\u015ftirme uzmanlar\u0131 olmak \u00fczere \u00e7ok say\u0131da yabanc\u0131 firma temsilcisi ile bir\u00e7ok uluslararas\u0131 ziyaret\u00e7iyi stant alan\u0131m\u0131zda a\u011f\u0131rlad\u0131k. D\u00f6rt g\u00fcnl\u00fck yo\u011fun faaliyetimizde ortalama 400\u2019\u00fcn \u00fczerinde konu\u011fu kendi stant alan\u0131m\u0131zda a\u011f\u0131rlarken, fiyat teklifleri ve tekrar ileti\u015fim kurmak i\u00e7in m\u00fc\u015fteri talep formlar\u0131 olu\u015fturduk. Ayr\u0131ca sat\u0131n alma ve distrib\u00fct\u00f6r olma \u015feklinde gelen talepleri de\u011ferlendirdik.<\/p>\n<p>Ge\u00e7mi\u015f y\u0131llara g\u00f6re \u00e7ok daha yo\u011fun ge\u00e7en fuarda T\u00fcrkiye\u2019nin her taraf\u0131nda toplam 300 MW g\u00fcc\u00fcnde olan k\u00fc\u00e7\u00fck ve b\u00fcy\u00fck \u00e7apl\u0131 \u00e7at\u0131 ve arazi tipi fotovoltaik projesi, fotovoltaik sulama projeleri, \u201cpower pack off-grid\u201d sistem projeleri tan\u0131t\u0131ld\u0131. Ayr\u0131ca firmam\u0131z\u0131n Alman teknolojisi ve T\u00fcrk m\u00fchendisli\u011fi ile kendi \u00fcretimi olan POWER PACK, AKILLI KUTU kompakt ( invert\u00f6r, ak\u00fc, \u015farj kontrol cihaz\u0131n\u0131 bir arada bar\u0131ndan tak kullan cihaz)\u00a0 sistemlerimizde ziyaret\u00e7ilerimizden b\u00fcy\u00fck ilgi g\u00f6rm\u00fc\u015ft\u00fcr. \u00dc\u00e7 g\u00fcn s\u00fcren fuar boyunca, CW Enerji Y\u00f6netim Kurulu Ba\u015fkan\u0131 Tar\u0131k Sarvan, stand\u0131m\u0131za gelen ziyaret\u00e7ilerle birebir g\u00f6r\u00fc\u015ferek, g\u00fcne\u015f enerjisi sistemlerini ve bayilik sistemimizi anlatt\u0131. G\u00fcne\u015f \u015firketleri, g\u00fcne\u015f enerjisi tarlas\u0131 sahipleri ve yerel EPC \u015firketlerinden g\u00fcne\u015f enerjisi tesisi teklifi ald\u0131\u011f\u0131m\u0131z bu fuarda, distrib\u00fct\u00f6r taleplerini de\u011ferlendirdik.<\/p>\n<p><strong>\u201cF\u0130RST PR\u0130ZE W\u0130NNER\u201d<\/strong><\/p>\n<p>Fuarda, CW Enerji firmas\u0131 olarak, ba\u011f\u0131ms\u0131z j\u00fcri taraf\u0131ndan stantlarda, \u00fcr\u00fcnle kurulan ba\u011flant\u0131, \u00fcr\u00fcn\u00fcn belirtilmek istenen niteliklerini en iyi \u015fekilde vurgulamas\u0131, g\u00f6rsel malzeme kullan\u0131m\u0131ndaki estetik, stand\u0131n mod\u00fclerli\u011fi ve tekrar farkl\u0131 mek\u00e2nlarda kullan\u0131labilirli\u011fi kriterlerine g\u00f6re de\u011ferlendirilerek sahiplerini bulan \u201cFirst Prize Winner\u201d en iyi firma \u00f6d\u00fcl\u00fcne lay\u0131k g\u00f6r\u00fcld\u00fck. \u00d6d\u00fcl\u00fc organizat\u00f6r firma yetkilileri CW Enerji Y\u00f6netim Kurulu Ba\u015fkan\u0131 Tar\u0131k Sarvan\u2019a bizzat takdim etti. Kat\u0131ld\u0131\u011f\u0131m\u0131z yurt i\u00e7i ve yurt d\u0131\u015f\u0131 fuarlardan g\u00fczel \u00f6d\u00fcllerle d\u00f6nmenin ve bir fuar\u0131 daha ba\u015far\u0131 ile tamamlaman\u0131n hakl\u0131 gururunu ya\u015f\u0131yoruz. Stand\u0131m\u0131z\u0131 ziyaret eden t\u00fcm ziyaret\u00e7ilerimize te\u015fekk\u00fcr ederiz. G\u00fcne\u015fin oldu\u011fu her yerde biz var\u0131z, CW Enerji var.<\/p>","protected":false},"excerpt":{"rendered":"<p>Sorry, this entry is only available in Turkish. For the sake of viewer convenience, the content is shown below in the alternative language. You may click the link to switch the active language.T\u00fcrkiye\u2019nin Lider G\u00fcne\u015f Paneli \u00dcreticisi CW Enerji, 11-13 Nisan tarihleri aras\u0131nda Ukrayna\u2019n\u0131n Kiev kentinde d\u00fczenlenen CISOLAR 2018, \u201cOrta ve Do\u011fu Avrupa\u2019da G\u00fcne\u015f Enerjisi\u201d [&hellip;]<\/p>\n","protected":false},"author":1,"featured_media":73599,"comment_status":"open","ping_status":"open","sticky":false,"template":"","format":"standard","meta":[],"categories":[53,49],"tags":[34868,67,1009,23416,23133,23131,2584],"views":669,"_links":{"self":[{"href":"https:\/\/www.enerjigazetesi.ist\/en\/wp-json\/wp\/v2\/posts\/73598"}],"collection":[{"href":"https:\/\/www.enerjigazetesi.ist\/en\/wp-json\/wp\/v2\/posts"}],"about":[{"href":"https:\/\/www.enerjigazetesi.ist\/en\/wp-json\/wp\/v2\/types\/post"}],"author":[{"embeddable":true,"href":"https:\/\/www.enerjigazetesi.ist\/en\/wp-json\/wp\/v2\/users\/1"}],"replies":[{"embeddable":true,"href":"https:\/\/www.enerjigazetesi.ist\/en\/wp-json\/wp\/v2\/comments?post=73598"}],"version-history":[{"count":1,"href":"https:\/\/www.enerjigazetesi.ist\/en\/wp-json\/wp\/v2\/posts\/73598\/revisions"}],"predecessor-version":[{"id":73600,"href":"https:\/\/www.enerjigazetesi.ist\/en\/wp-json\/wp\/v2\/posts\/73598\/revisions\/73600"}],"wp:featuredmedia":[{"embeddable":true,"href":"https:\/\/www.enerjigazetesi.ist\/en\/wp-json\/wp\/v2\/media\/73599"}],"wp:attachment":[{"href":"https:\/\/www.enerjigazetesi.ist\/en\/wp-json\/wp\/v2\/media?parent=73598"}],"wp:term":[{"taxonomy":"category","embeddable":true,"href":"https:\/\/www.enerjigazetesi.ist\/en\/wp-json\/wp\/v2\/categories?post=73598"},{"taxonomy":"post_tag","embeddable":true,"href":"https:\/\/www.enerjigazetesi.ist\/en\/wp-json\/wp\/v2\/tags?post=73598"}],"curies":[{"name":"wp","href":"https:\/\/api.w.org\/{rel}","templated":true}]}}