{"id":73564,"date":"2018-04-21T15:31:09","date_gmt":"2018-04-21T12:31:09","guid":{"rendered":"https:\/\/www.enerjigazetesi.ist\/?p=73564"},"modified":"2018-04-21T15:31:09","modified_gmt":"2018-04-21T12:31:09","slug":"yavuz-sultan-selim-ortaokulu-elektriginin-yuzde-20sini-gunesten-sagliyor","status":"publish","type":"post","link":"https:\/\/www.enerjigazetesi.ist\/en\/yavuz-sultan-selim-ortaokulu-elektriginin-yuzde-20sini-gunesten-sagliyor\/","title":{"rendered":"(Turkish) Yavuz Sultan Selim Ortaokulu Elektri\u011finin Y\u00fczde 20\u2019sini G\u00fcne\u015ften Sa\u011fl\u0131yor"},"content":{"rendered":"<p class=\"qtranxs-available-languages-message qtranxs-available-languages-message-en\">Sorry, this entry is only available in <a href=\"https:\/\/www.enerjigazetesi.ist\/tr\/wp-json\/wp\/v2\/posts\/73564\" class=\"qtranxs-available-language-link qtranxs-available-language-link-tr\" title=\"Turkish\">Turkish<\/a>. For the sake of viewer convenience, the content is shown below in the alternative language. You may click the link to switch the active language.<\/p><p><strong>Yavuzeli Yavuz Sultan Selim Ortaokulu G\u00fcne\u015f\u2019ten Elektrik sa\u011flama \u00fczerine \u00f6nemli bir \u00e7al\u0131\u015fmaya imza att\u0131. \u00d6\u011frenci ve \u00f6\u011fretmenler 4006 T\u00fcbitak Bilim Fuar\u0131 dahilinde haz\u0131rlad\u0131\u011f\u0131 projeyle 4 katl\u0131 okulun ilk kat\u0131n\u0131 ayd\u0131nlatt\u0131lar.<\/strong><\/p>\n<p><img loading=\"lazy\" class=\"alignleft size-medium wp-image-73565\" src=\"https:\/\/www.enerjigazetesi.ist\/wp-content\/uploads\/2018\/04\/yavuz-sultan-selim-ortaokulu-elektriginin-yuzde-20sini-gunesten-sagliyor-300x150.jpg\" alt=\"\" width=\"300\" height=\"150\" srcset=\"https:\/\/www.enerjigazetesi.ist\/wp-content\/uploads\/2018\/04\/yavuz-sultan-selim-ortaokulu-elektriginin-yuzde-20sini-gunesten-sagliyor-300x150.jpg 300w, https:\/\/www.enerjigazetesi.ist\/wp-content\/uploads\/2018\/04\/yavuz-sultan-selim-ortaokulu-elektriginin-yuzde-20sini-gunesten-sagliyor-500x250.jpg 500w, https:\/\/www.enerjigazetesi.ist\/wp-content\/uploads\/2018\/04\/yavuz-sultan-selim-ortaokulu-elektriginin-yuzde-20sini-gunesten-sagliyor-80x40.jpg 80w, https:\/\/www.enerjigazetesi.ist\/wp-content\/uploads\/2018\/04\/yavuz-sultan-selim-ortaokulu-elektriginin-yuzde-20sini-gunesten-sagliyor.jpg 640w\" sizes=\"(max-width: 300px) 100vw, 300px\" \/>Fen Bilimleri \u00f6\u011fretmeni Halil Demir\u2019in \u00f6nerisiyle \u00f6\u011frenciler \u0130layda Y\u0131ld\u0131z ve S\u00fcheyna S\u00f6\u011f\u00fct\u00e7\u00fc\u2019n\u00fcn haz\u0131rlad\u0131\u011f\u0131 ve finansman\u0131n\u0131 T\u00dcB\u0130TAK\u2019\u0131n sa\u011flad\u0131\u011f\u0131 proje kapsam\u0131nda okula g\u00fcne\u015f panelleri sistemi kuruldu. Yakla\u015f\u0131k 3 bin 300 lira maliyetli proje kapsam\u0131nda g\u00fcnl\u00fck 2 bin watt elektrik \u00fcretimi ger\u00e7ekle\u015ftirdi.<\/p>\n<p>Proje kapsam\u0131nda \u00e7al\u0131\u015fmalar\u0131n\u0131 y\u00fcr\u00fcten \u00f6\u011fretmen ve \u00f6\u011frenciler, hayata ge\u00e7en ilk etap ile okulun elektrik faturalar\u0131n\u0131 y\u00fczde 20 azalt\u0131rken, gelecek 3 y\u0131l i\u00e7erisinde okulun t\u00fcm elektrik ihtiyac\u0131n\u0131n kurulan g\u00fcne\u015f panellerinden kar\u015f\u0131lanmas\u0131 hedefleniyor.<\/p>","protected":false},"excerpt":{"rendered":"<p>Sorry, this entry is only available in Turkish. For the sake of viewer convenience, the content is shown below in the alternative language. You may click the link to switch the active language.Yavuzeli Yavuz Sultan Selim Ortaokulu G\u00fcne\u015f\u2019ten Elektrik sa\u011flama \u00fczerine \u00f6nemli bir \u00e7al\u0131\u015fmaya imza att\u0131. \u00d6\u011frenci ve \u00f6\u011fretmenler 4006 T\u00fcbitak Bilim Fuar\u0131 dahilinde haz\u0131rlad\u0131\u011f\u0131 [&hellip;]<\/p>\n","protected":false},"author":1,"featured_media":73565,"comment_status":"open","ping_status":"open","sticky":false,"template":"","format":"standard","meta":[],"categories":[53,49],"tags":[19,67,1009,23311,13,23416,142,23131,37419],"views":721,"_links":{"self":[{"href":"https:\/\/www.enerjigazetesi.ist\/en\/wp-json\/wp\/v2\/posts\/73564"}],"collection":[{"href":"https:\/\/www.enerjigazetesi.ist\/en\/wp-json\/wp\/v2\/posts"}],"about":[{"href":"https:\/\/www.enerjigazetesi.ist\/en\/wp-json\/wp\/v2\/types\/post"}],"author":[{"embeddable":true,"href":"https:\/\/www.enerjigazetesi.ist\/en\/wp-json\/wp\/v2\/users\/1"}],"replies":[{"embeddable":true,"href":"https:\/\/www.enerjigazetesi.ist\/en\/wp-json\/wp\/v2\/comments?post=73564"}],"version-history":[{"count":1,"href":"https:\/\/www.enerjigazetesi.ist\/en\/wp-json\/wp\/v2\/posts\/73564\/revisions"}],"predecessor-version":[{"id":73566,"href":"https:\/\/www.enerjigazetesi.ist\/en\/wp-json\/wp\/v2\/posts\/73564\/revisions\/73566"}],"wp:featuredmedia":[{"embeddable":true,"href":"https:\/\/www.enerjigazetesi.ist\/en\/wp-json\/wp\/v2\/media\/73565"}],"wp:attachment":[{"href":"https:\/\/www.enerjigazetesi.ist\/en\/wp-json\/wp\/v2\/media?parent=73564"}],"wp:term":[{"taxonomy":"category","embeddable":true,"href":"https:\/\/www.enerjigazetesi.ist\/en\/wp-json\/wp\/v2\/categories?post=73564"},{"taxonomy":"post_tag","embeddable":true,"href":"https:\/\/www.enerjigazetesi.ist\/en\/wp-json\/wp\/v2\/tags?post=73564"}],"curies":[{"name":"wp","href":"https:\/\/api.w.org\/{rel}","templated":true}]}}