{"id":73561,"date":"2018-04-21T15:08:32","date_gmt":"2018-04-21T12:08:32","guid":{"rendered":"https:\/\/www.enerjigazetesi.ist\/?p=73561"},"modified":"2018-04-21T15:09:15","modified_gmt":"2018-04-21T12:09:15","slug":"vaillant-turkiye-kombide-yeni-doneme-hazir","status":"publish","type":"post","link":"https:\/\/www.enerjigazetesi.ist\/en\/vaillant-turkiye-kombide-yeni-doneme-hazir\/","title":{"rendered":"(Turkish) Vaillant T\u00fcrkiye Kombide Yeni D\u00f6neme Haz\u0131r!"},"content":{"rendered":"<p class=\"qtranxs-available-languages-message qtranxs-available-languages-message-en\">Sorry, this entry is only available in <a href=\"https:\/\/www.enerjigazetesi.ist\/tr\/wp-json\/wp\/v2\/posts\/73561\" class=\"qtranxs-available-language-link qtranxs-available-language-link-tr\" title=\"Turkish\">Turkish<\/a>. For the sake of viewer convenience, the content is shown below in the alternative language. You may click the link to switch the active language.<\/p><p><strong>AVRUPA Birli\u011fi (AB) \u00fclkelerinde y\u00fcr\u00fcrl\u00fc\u011fe giren \u201cEnergy Related Products-ErP\u201d y\u00f6netmeli\u011fi 21 Nisan\u2019da T\u00fcrkiye\u2019de de uygulamaya al\u0131n\u0131yor. Vaillant, 3 y\u0131ld\u0131r Avrupa\u2019da kazand\u0131\u011f\u0131 deneyimi T\u00fcrkiye\u2019ye de ta\u015f\u0131yor. Yeni d\u00f6nemde Vaillant T\u00fcrkiye, enerji tasarrufu sa\u011flayan y\u00fcksek teknoloji \u00fcr\u00fcnleri ile t\u00fcketicisine ve T\u00fcrkiye ekonomisine destek veriyor. <\/strong><\/p>\n<p><strong>Vaillant Group T\u00fcrkiye CEO\u2019su Alper Avdel, yeni y\u00f6netmelikle hane ba\u015f\u0131na y\u0131ll\u0131k \u0131s\u0131tma giderinin yakla\u015f\u0131k 500 TL d\u00fc\u015fmesini beklediklerini, b\u00f6ylelikle T\u00fcrkiye\u2019nin y\u0131ll\u0131k enerji tasarrufunun da ortalama 1 milyar dolar\u0131 bulaca\u011f\u0131n\u0131 s\u00f6yl\u00fcyor. <\/strong><\/p>\n<p>Is\u0131tma-so\u011futma sekt\u00f6r\u00fcn\u00fcn global oyuncusu Vaillant, 21 Nisan\u2019da T\u00fcrkiye\u2019de uygulamaya al\u0131nacak ErP y\u00f6netmeli\u011fi do\u011frultusunda haz\u0131rl\u0131klar\u0131n\u0131 tamamlad\u0131 ve d\u00fczenledi\u011fi toplant\u0131yla kamuoyunu bilgilendirdi. Enerji sekt\u00f6r\u00fcndeki t\u00fcm \u00fcr\u00fcnler i\u00e7in ekolojik gereksinimleri belirleyen yeni y\u00f6netmelik ile kaynak kullan\u0131m\u0131nda tasarruf edilmesi ve zararl\u0131 emisyonlar\u0131n azalt\u0131lmas\u0131 hedeflenirken, Vaillant T\u00fcrkiye 2015\u2019ten bu yana Avrupa\u2019da kazand\u0131klar\u0131 deneyimi T\u00fcrkiye\u2019ye ta\u015f\u0131yor, teknoloji yat\u0131r\u0131mlar\u0131n\u0131 aral\u0131ks\u0131z s\u00fcrd\u00fcrerek tasarruflu, verimli, uzun \u00f6m\u00fcrl\u00fc \u00fcr\u00fcnleriyle \u00fclke ekonomisine katk\u0131da bulunmaya da devam <img loading=\"lazy\" class=\"alignright size-medium wp-image-73562\" src=\"https:\/\/www.enerjigazetesi.ist\/wp-content\/uploads\/2018\/04\/vaillant-turkiye-kombide-yeni-doneme-hazir-300x203.jpg\" alt=\"\" width=\"300\" height=\"203\" srcset=\"https:\/\/www.enerjigazetesi.ist\/wp-content\/uploads\/2018\/04\/vaillant-turkiye-kombide-yeni-doneme-hazir-300x203.jpg 300w, https:\/\/www.enerjigazetesi.ist\/wp-content\/uploads\/2018\/04\/vaillant-turkiye-kombide-yeni-doneme-hazir-768x520.jpg 768w, https:\/\/www.enerjigazetesi.ist\/wp-content\/uploads\/2018\/04\/vaillant-turkiye-kombide-yeni-doneme-hazir-1024x693.jpg 1024w, https:\/\/www.enerjigazetesi.ist\/wp-content\/uploads\/2018\/04\/vaillant-turkiye-kombide-yeni-doneme-hazir-500x339.jpg 500w, https:\/\/www.enerjigazetesi.ist\/wp-content\/uploads\/2018\/04\/vaillant-turkiye-kombide-yeni-doneme-hazir-74x50.jpg 74w, https:\/\/www.enerjigazetesi.ist\/wp-content\/uploads\/2018\/04\/vaillant-turkiye-kombide-yeni-doneme-hazir.jpg 1180w\" sizes=\"(max-width: 300px) 100vw, 300px\" \/>ediyor.<\/p>\n<p><strong><em>Alper Avdel: ErP ileT\u00fcrkiye\u2019nin y\u0131ll\u0131k enerji tasarrufu 1 milyar dolar\u0131 bulacak<\/em><\/strong><\/p>\n<p>Vaillant Group T\u00fcrkiye CEO\u2019su Alper Avdel toplant\u0131da yapt\u0131\u011f\u0131 a\u00e7\u0131klamada kombi pazar\u0131nda 21 Nisanda y\u00fcr\u00fcrl\u00fc\u011fe girecek ErPy\u00f6netmeli\u011fi ile y\u0131ll\u0131k do\u011falgaz maliyetlerinde d\u00fc\u015f\u00fc\u015f sa\u011flanaca\u011f\u0131n\u0131 s\u00f6yledi. Yeni d\u00f6nemin hem t\u00fcketiciye hem de \u00fclke ekonomisine b\u00fcy\u00fck katk\u0131s\u0131 olaca\u011f\u0131n\u0131 belirten Avdel, s\u00f6zlerini \u015f\u00f6yle s\u00fcrd\u00fcrd\u00fc: \u201cYeni ErP y\u00f6netmeli\u011fiyle birlikte, yo\u011fu\u015fmal\u0131 kombi \u00fcretimi zorunlu hale geliyor. Bu zorunluluk do\u011frultusunda, hanelerde izolasyon durumu ve co\u011frafi konumuna g\u00f6re, %25-35\u2019e varan do\u011falgaz tasarrufu yap\u0131lmas\u0131n\u0131 bekliyoruz. Bu da y\u0131ll\u0131k \u0131s\u0131tma giderinin hane ba\u015f\u0131na yakla\u015f\u0131k 500 TL d\u00fc\u015fmesi anlam\u0131na geliyor. B\u00f6ylelikle \u00fclkemiziny\u0131ll\u0131k enerji tasarrufunun da ortalama 1 milyar dolar\u0131 bulaca\u011f\u0131n\u0131 \u00f6ng\u00f6r\u00fcyoruz. ErP y\u00f6netmeli\u011fine uygun \u00fcr\u00fcnlerle hem t\u00fcketiciler, hem sekt\u00f6r hem de T\u00fcrkiye kazanacak.\u201d<\/p>\n<p><strong>ErP ile b\u00fcy\u00fcmeye devam edece\u011fiz<\/strong><\/p>\n<p>Avdel konu\u015fmas\u0131nda sekt\u00f6r hakk\u0131nda da bilgi verdi: \u201cGe\u00e7ti\u011fimiz y\u0131l; kentsel d\u00f6n\u00fc\u015f\u00fcm, yenileme pazar\u0131 ile \u015fofben, termosifon ve klimalardaki \u00d6TV indiriminin etkisiyle sekt\u00f6r\u00fcm\u00fcz beklentilerin \u00fczerinde b\u00fcy\u00fcd\u00fc. ErP y\u00f6netmeli\u011fiyle birlikte 2018 y\u0131l\u0131nda da sekt\u00f6rde %10 civar\u0131nda bir b\u00fcy\u00fcme bekliyoruz. Bu b\u00fcy\u00fcmeye paralel olarak kombi pazar\u0131n\u0131n da y\u0131ll\u0131k 1 milyon 100 bin adedi a\u015fmas\u0131n\u0131 \u00f6ng\u00f6r\u00fcyoruz. Vaillant T\u00fcrkiye olarak sene ba\u015f\u0131nda yapt\u0131\u011f\u0131m\u0131z planlar do\u011frultusunda sene sonunda %30 b\u00fcy\u00fcme hedefliyoruz. \u201d<\/p>\n<p><strong><em>Erol Kayao\u011flu: Yeni d\u00f6nemin en tecr\u00fcbeli markas\u0131y\u0131z<\/em><\/strong><\/p>\n<p>Vaillant T\u00fcrkiye Sat\u0131\u015f ve Pazarlama Direkt\u00f6r\u00fc Erol Kayao\u011flu da, toplant\u0131da yapt\u0131\u011f\u0131 konu\u015fmada;yeni ErP y\u00f6netmeli\u011fiyle birlikte Vaillant\u2019\u0131n ekosisteminde yer alan t\u00fcketicilerin taleplerine g\u00f6re sat\u0131\u015f noktalar\u0131 ve sat\u0131\u015f sonras\u0131 hizmetlerde \u00f6nemli de\u011fi\u015fiklikler olaca\u011f\u0131n\u0131 s\u00f6yledi.<\/p>\n<p>Yeni d\u00f6nemde t\u00fcketicileri Vaillant\u2019\u0131n konforlu, verimli, ekonomik ve daha \u00e7evre dostu bir \u00fcr\u00fcn gam\u0131 ile tan\u0131\u015ft\u0131racaklar\u0131n\u0131 da belirten Kayao\u011flu, \u201c\u0130\u015f ortaklar\u0131m\u0131z; enerjiyi maksimum verimlilikle kullanan, ak\u0131ll\u0131 ileti\u015fim teknolojileriyle donat\u0131lm\u0131\u015f, m\u00fc\u015fteri memnuniyeti y\u00fcksek \u00fcr\u00fcnler ile t\u00fcketiciye ula\u015farak T\u00fcrkiye\u2019nin enerji tasarrufuna pozitif katk\u0131 sa\u011flayacak\u201d dedi.<\/p>\n<p>144 y\u0131ll\u0131k aile \u015firketi, kombinin mucidi Vaillant\u2019\u0131n bu k\u00f6kl\u00fc de\u011fi\u015fimi 2015 y\u0131l\u0131ndan bu yana Avrupa\u2019da deneyimledi\u011fini belirten Kayao\u011flu, bu nedenle geni\u015f \u00fcr\u00fcn gam\u0131yla T\u00fcrkiye\u2019deki yeni d\u00f6neme en haz\u0131r marka olduklar\u0131n\u0131 da s\u00f6yledi. Kayao\u011flu konu\u015fmas\u0131na \u015f\u00f6yle devam etti: \u201cBiz de 3 y\u0131ld\u0131r, Avrupa\u2019yla e\u015f zamanl\u0131 olarak T\u00fcrkiye\u2019deki yeni d\u00f6neme haz\u0131rlan\u0131yoruz. \u00d6ncelikle T\u00fcrkiye\u2019nin de\u011fi\u015fik b\u00f6lgelerinde e\u011fitimler vererek, y\u00fczlerce sekt\u00f6r oyuncusunu konuyla ilgili bilgilendirdik. \u0130\u015f ortaklar\u0131m\u0131z\u0131 enerji bayili\u011fi konseptimiz kapsam\u0131nda enerji dan\u0131\u015fmanl\u0131\u011f\u0131na haz\u0131rlad\u0131k. \u00dcr\u00fcn gam\u0131m\u0131z\u0131 ise konvansiyonel \u00fcr\u00fcnlerden yenilenebilir enerji \u00fcr\u00fcnlerine ve y\u00fcksek verimli yani yo\u011fu\u015fmal\u0131 kombi gibi \u00fcr\u00fcnlere ta\u015f\u0131d\u0131k. Bilgi ve tecr\u00fcbemizle, bu d\u00f6nemin y\u0131ld\u0131z\u0131 olmaya aday\u0131z.\u201d<\/p>\n<p><strong>Y\u0131l\u0131 500 milyon TL\u2019lik ciroyla kapatmay\u0131 hedefliyoruz<\/strong><\/p>\n<p>21 Nisan tarihi itibariyle konvansiyonel (yo\u011fu\u015fmas\u0131z) \u00fcr\u00fcnlerin \u00fcretimi ve ithalat\u0131n\u0131n yasaklanaca\u011f\u0131n\u0131 da belirten Kayao\u011flu, \u015f\u00f6yle devam etti: \u201cAncak, bu \u00fcr\u00fcnlerin sat\u0131\u015f\u0131 1 Ocak 2019 tarihine kadar devam edecek. Dolay\u0131s\u0131yla, konvansiyonel \u00fcr\u00fcnler kademeli olarak hayat\u0131m\u0131zdan \u00e7\u0131kacak. Vaillant T\u00fcrkiye olarak halihaz\u0131rda i\u015fimizin y\u00fczde 75\u2019ini yo\u011fu\u015fmal\u0131 \u00fcr\u00fcnler olu\u015fturuyor. Ge\u00e7ti\u011fimiz 3 y\u0131l boyunca \u00fcr\u00fcn gam\u0131m\u0131z\u0131 yeni d\u00f6nemi en etkin \u015fekilde y\u00f6netecek hale getirdik. Yeni ErP y\u00f6netmeli\u011fiyle uyumlu 4 farkl\u0131 yo\u011fu\u015fmal\u0131 \u00fcr\u00fcn\u00fcm\u00fczle pazarda yerimizi ald\u0131k. Yine 21 Nisan tarihinde, Vaillant teknolojisinin geldi\u011fi son nokta olan Green IQ konseptimiz ile tasarlanan, multi yo\u011fu\u015fma teknolojisi ile maksimum verimlilik de\u011ferlerine sahip ecoTEC Exclusive\u2019i \u00fcr\u00fcn gam\u0131m\u0131za ekliyoruz. Vaillant T\u00fcrkiye olarak, bilgi ve tecr\u00fcbemiz do\u011frultusunda, 2018 beklentilerimizi de y\u00fcksek tuttuk. 2018 y\u0131l\u0131n\u0131 %30 b\u00fcy\u00fcme ve 500 milyon TL ciro ile kapatmay\u0131 hedefliyoruz.\u201d<\/p>","protected":false},"excerpt":{"rendered":"<p>Sorry, this entry is only available in Turkish. For the sake of viewer convenience, the content is shown below in the alternative language. You may click the link to switch the active language.AVRUPA Birli\u011fi (AB) \u00fclkelerinde y\u00fcr\u00fcrl\u00fc\u011fe giren \u201cEnergy Related Products-ErP\u201d y\u00f6netmeli\u011fi 21 Nisan\u2019da T\u00fcrkiye\u2019de de uygulamaya al\u0131n\u0131yor. Vaillant, 3 y\u0131ld\u0131r Avrupa\u2019da kazand\u0131\u011f\u0131 deneyimi T\u00fcrkiye\u2019ye [&hellip;]<\/p>\n","protected":false},"author":1,"featured_media":73562,"comment_status":"open","ping_status":"open","sticky":false,"template":"","format":"standard","meta":[],"categories":[46,53,52],"tags":[1128,23219,67,1009,12,793],"views":732,"_links":{"self":[{"href":"https:\/\/www.enerjigazetesi.ist\/en\/wp-json\/wp\/v2\/posts\/73561"}],"collection":[{"href":"https:\/\/www.enerjigazetesi.ist\/en\/wp-json\/wp\/v2\/posts"}],"about":[{"href":"https:\/\/www.enerjigazetesi.ist\/en\/wp-json\/wp\/v2\/types\/post"}],"author":[{"embeddable":true,"href":"https:\/\/www.enerjigazetesi.ist\/en\/wp-json\/wp\/v2\/users\/1"}],"replies":[{"embeddable":true,"href":"https:\/\/www.enerjigazetesi.ist\/en\/wp-json\/wp\/v2\/comments?post=73561"}],"version-history":[{"count":1,"href":"https:\/\/www.enerjigazetesi.ist\/en\/wp-json\/wp\/v2\/posts\/73561\/revisions"}],"predecessor-version":[{"id":73563,"href":"https:\/\/www.enerjigazetesi.ist\/en\/wp-json\/wp\/v2\/posts\/73561\/revisions\/73563"}],"wp:featuredmedia":[{"embeddable":true,"href":"https:\/\/www.enerjigazetesi.ist\/en\/wp-json\/wp\/v2\/media\/73562"}],"wp:attachment":[{"href":"https:\/\/www.enerjigazetesi.ist\/en\/wp-json\/wp\/v2\/media?parent=73561"}],"wp:term":[{"taxonomy":"category","embeddable":true,"href":"https:\/\/www.enerjigazetesi.ist\/en\/wp-json\/wp\/v2\/categories?post=73561"},{"taxonomy":"post_tag","embeddable":true,"href":"https:\/\/www.enerjigazetesi.ist\/en\/wp-json\/wp\/v2\/tags?post=73561"}],"curies":[{"name":"wp","href":"https:\/\/api.w.org\/{rel}","templated":true}]}}