{"id":73554,"date":"2018-04-21T13:09:51","date_gmt":"2018-04-21T10:09:51","guid":{"rendered":"https:\/\/www.enerjigazetesi.ist\/?p=73554"},"modified":"2018-04-21T13:09:51","modified_gmt":"2018-04-21T10:09:51","slug":"ozbekistanda-kandim-gaz-isleme-tesisi-faaliyete-gecti","status":"publish","type":"post","link":"https:\/\/www.enerjigazetesi.ist\/en\/ozbekistanda-kandim-gaz-isleme-tesisi-faaliyete-gecti\/","title":{"rendered":"(Turkish) \u00d6zbekistan\u2019da Kand\u0131m Gaz \u0130\u015fleme Tesisi Faaliyete Ge\u00e7ti"},"content":{"rendered":"<p class=\"qtranxs-available-languages-message qtranxs-available-languages-message-en\">Sorry, this entry is only available in <a href=\"https:\/\/www.enerjigazetesi.ist\/tr\/wp-json\/wp\/v2\/posts\/73554\" class=\"qtranxs-available-language-link qtranxs-available-language-link-tr\" title=\"Turkish\">Turkish<\/a>. For the sake of viewer convenience, the content is shown below in the alternative language. You may click the link to switch the active language.<\/p><p><strong>\u00d6zbekistan&#8217;daki \u201cKand\u0131m\u201d Gaz \u0130\u015fleme Tesisleri a\u00e7\u0131l\u0131\u015f t\u00f6renine \u00d6zbekistan Cumhurba\u015fkan\u0131 \u015eavkat Mirziyoyev ve Rusya\u2019n\u0131n enerji \u015firketi Lukoil\u2019in Ba\u015fkan\u0131 Vahit Alekperov kat\u0131ld\u0131.<\/strong><\/p>\n<p>\u201cUzbekneftegaz\u201d (\u00d6zbek Petrol ve Gaz Kurumu) ve Lukoil ortakl\u0131\u011f\u0131nda ger\u00e7ekle\u015ftirilen bu dev projenin <img loading=\"lazy\" class=\"alignleft size-medium wp-image-73555\" src=\"https:\/\/www.enerjigazetesi.ist\/wp-content\/uploads\/2018\/04\/ozbekistanda-kandim-gaz-isleme-tesisi-faaliyete-gecti-300x166.jpg\" alt=\"\" width=\"300\" height=\"166\" srcset=\"https:\/\/www.enerjigazetesi.ist\/wp-content\/uploads\/2018\/04\/ozbekistanda-kandim-gaz-isleme-tesisi-faaliyete-gecti-300x166.jpg 300w, https:\/\/www.enerjigazetesi.ist\/wp-content\/uploads\/2018\/04\/ozbekistanda-kandim-gaz-isleme-tesisi-faaliyete-gecti-500x276.jpg 500w, https:\/\/www.enerjigazetesi.ist\/wp-content\/uploads\/2018\/04\/ozbekistanda-kandim-gaz-isleme-tesisi-faaliyete-gecti-80x44.jpg 80w, https:\/\/www.enerjigazetesi.ist\/wp-content\/uploads\/2018\/04\/ozbekistanda-kandim-gaz-isleme-tesisi-faaliyete-gecti.jpg 642w\" sizes=\"(max-width: 300px) 100vw, 300px\" \/>in\u015faat\u0131 tam iki sene \u00f6nce, 19 Nisan 2016\u2019da d\u00f6nemin \u00d6zbekistan Ba\u015fbakan\u0131 \u015eavkat Mirziyoyev\u2019in kat\u0131ld\u0131\u011f\u0131 temel atma t\u00f6reniyle ba\u015flam\u0131\u015ft\u0131.<\/p>\n<p>\u201cKand\u0131m\u201d Gaz \u0130\u015fleme Tesisleri faaliyeti i\u00e7in 114 \u00fcretim kuyusu, 11 \u00fcretim sahas\u0131 ve 4 depo in\u015fa edildi. Gaz i\u015fleme tesislerinin in\u015faat\u0131 \u00e7er\u00e7evesinde 370 kilometre do\u011falgaz boru hatt\u0131 ile 160 kilometre karayolu da yap\u0131ld\u0131. Tesislerin bulundu\u011fu, \u00e7\u00f6l b\u00f6lgesi olan Karag\u00f6l il\u00e7esinde 1500 ki\u015fi kapasiteli modern ya\u015fam semti in\u015fa edildi. Orta Asya\u2019daki en b\u00fcy\u00fck i\u015fletmelerden biri olan Kand\u0131m Gaz \u0130\u015fleme Tesisleri\u2019nin tam faaliyete ba\u015flamas\u0131yla 2 bin ki\u015fiye istihdam sa\u011fland\u0131.<\/p>","protected":false},"excerpt":{"rendered":"<p>Sorry, this entry is only available in Turkish. For the sake of viewer convenience, the content is shown below in the alternative language. You may click the link to switch the active language.\u00d6zbekistan&#8217;daki \u201cKand\u0131m\u201d Gaz \u0130\u015fleme Tesisleri a\u00e7\u0131l\u0131\u015f t\u00f6renine \u00d6zbekistan Cumhurba\u015fkan\u0131 \u015eavkat Mirziyoyev ve Rusya\u2019n\u0131n enerji \u015firketi Lukoil\u2019in Ba\u015fkan\u0131 Vahit Alekperov kat\u0131ld\u0131. \u201cUzbekneftegaz\u201d (\u00d6zbek Petrol [&hellip;]<\/p>\n","protected":false},"author":1,"featured_media":73555,"comment_status":"open","ping_status":"open","sticky":false,"template":"","format":"standard","meta":[],"categories":[46,53],"tags":[92,876,1128,19761,23219,67,1009,37417,36260],"views":748,"_links":{"self":[{"href":"https:\/\/www.enerjigazetesi.ist\/en\/wp-json\/wp\/v2\/posts\/73554"}],"collection":[{"href":"https:\/\/www.enerjigazetesi.ist\/en\/wp-json\/wp\/v2\/posts"}],"about":[{"href":"https:\/\/www.enerjigazetesi.ist\/en\/wp-json\/wp\/v2\/types\/post"}],"author":[{"embeddable":true,"href":"https:\/\/www.enerjigazetesi.ist\/en\/wp-json\/wp\/v2\/users\/1"}],"replies":[{"embeddable":true,"href":"https:\/\/www.enerjigazetesi.ist\/en\/wp-json\/wp\/v2\/comments?post=73554"}],"version-history":[{"count":1,"href":"https:\/\/www.enerjigazetesi.ist\/en\/wp-json\/wp\/v2\/posts\/73554\/revisions"}],"predecessor-version":[{"id":73556,"href":"https:\/\/www.enerjigazetesi.ist\/en\/wp-json\/wp\/v2\/posts\/73554\/revisions\/73556"}],"wp:featuredmedia":[{"embeddable":true,"href":"https:\/\/www.enerjigazetesi.ist\/en\/wp-json\/wp\/v2\/media\/73555"}],"wp:attachment":[{"href":"https:\/\/www.enerjigazetesi.ist\/en\/wp-json\/wp\/v2\/media?parent=73554"}],"wp:term":[{"taxonomy":"category","embeddable":true,"href":"https:\/\/www.enerjigazetesi.ist\/en\/wp-json\/wp\/v2\/categories?post=73554"},{"taxonomy":"post_tag","embeddable":true,"href":"https:\/\/www.enerjigazetesi.ist\/en\/wp-json\/wp\/v2\/tags?post=73554"}],"curies":[{"name":"wp","href":"https:\/\/api.w.org\/{rel}","templated":true}]}}