{"id":73533,"date":"2018-04-20T21:01:48","date_gmt":"2018-04-20T18:01:48","guid":{"rendered":"https:\/\/www.enerjigazetesi.ist\/?p=73533"},"modified":"2018-04-20T21:24:59","modified_gmt":"2018-04-20T18:24:59","slug":"yenilenebilir-enerji-depolama-calistayi-istanbulda-duzenlendi","status":"publish","type":"post","link":"https:\/\/www.enerjigazetesi.ist\/en\/yenilenebilir-enerji-depolama-calistayi-istanbulda-duzenlendi\/","title":{"rendered":"(Turkish) Yenilenebilir Enerji Depolama \u00c7al\u0131\u015ftay\u0131 \u0130stanbul&#8217;da D\u00fczenlendi"},"content":{"rendered":"<p class=\"qtranxs-available-languages-message qtranxs-available-languages-message-en\">Sorry, this entry is only available in <a href=\"https:\/\/www.enerjigazetesi.ist\/tr\/wp-json\/wp\/v2\/posts\/73533\" class=\"qtranxs-available-language-link qtranxs-available-language-link-tr\" title=\"Turkish\">Turkish<\/a>. For the sake of viewer convenience, the content is shown below in the alternative language. You may click the link to switch the active language.<\/p><p><strong>G\u00fcn\u00fcm\u00fcz\u00fcn en \u00f6nemli enerji trendlerinden biri olan enerji depolama alan\u0131ndaki geli\u015fmeler ve bu alanda yap\u0131lmas\u0131 gerekenler ELTEMTEK ve G\u00dcNDER i\u015fbirli\u011fiyle d\u00fczenlenen Yenilenebilir Enerji Depolama \u00c7al\u0131\u015ftay\u0131 ile \u0130stanbul Point Otel\u2019de masaya yat\u0131r\u0131ld\u0131.<\/strong><\/p>\n<p>\u00c7al\u0131\u015ftay&#8217;a sekt\u00f6r\u00fcn \u00f6nde gelen firma yetkilileri ve kamudan yetkililer kat\u0131l\u0131rken EDEAS&#8217;tan \u015eahin BAYRAM; d\u00fcnyada yenilebilir enerji ve depolamas\u0131, YEGEM&#8217;den Niyazi Akg\u00fcl ise enerji depolama <img loading=\"lazy\" class=\"alignright size-medium wp-image-73534\" src=\"https:\/\/www.enerjigazetesi.ist\/wp-content\/uploads\/2018\/04\/gunder-ve-eltemtek-isbirligiyle-yenilenebilir-enerji-depolama-calistayi-duzenlendi-300x167.jpg\" alt=\"\" width=\"300\" height=\"167\" srcset=\"https:\/\/www.enerjigazetesi.ist\/wp-content\/uploads\/2018\/04\/gunder-ve-eltemtek-isbirligiyle-yenilenebilir-enerji-depolama-calistayi-duzenlendi-300x167.jpg 300w, https:\/\/www.enerjigazetesi.ist\/wp-content\/uploads\/2018\/04\/gunder-ve-eltemtek-isbirligiyle-yenilenebilir-enerji-depolama-calistayi-duzenlendi-768x427.jpg 768w, https:\/\/www.enerjigazetesi.ist\/wp-content\/uploads\/2018\/04\/gunder-ve-eltemtek-isbirligiyle-yenilenebilir-enerji-depolama-calistayi-duzenlendi-500x278.jpg 500w, https:\/\/www.enerjigazetesi.ist\/wp-content\/uploads\/2018\/04\/gunder-ve-eltemtek-isbirligiyle-yenilenebilir-enerji-depolama-calistayi-duzenlendi-80x45.jpg 80w, https:\/\/www.enerjigazetesi.ist\/wp-content\/uploads\/2018\/04\/gunder-ve-eltemtek-isbirligiyle-yenilenebilir-enerji-depolama-calistayi-duzenlendi.jpg 800w\" sizes=\"(max-width: 300px) 100vw, 300px\" \/>\u00e7e\u015fitleri konusunda sunumlar\u0131n\u0131 yapt\u0131.<\/p>\n<p>Yenilenebilir Enerji Depolama \u00c7al\u0131\u015ftay\u0131\u00a0\u00d6zg\u00fcr G\u00dcRB\u00dcZ moderat\u00f6rl\u00fc\u011f\u00fcnde yap\u0131ld\u0131. Ula\u015f\u0131m, Elektrik Depolama, Finans, Mevzuat, AR-GE, \u015eebeke ve E\u011fitim konular\u0131 \u00f6n plana \u00e7\u0131kt\u0131.<\/p>\n<p>Ula\u015f\u0131m alan\u0131nda; elektrikli ara\u00e7 ve ak\u00fcler, elektrik depolama alan\u0131nda ev \/ end\u00fcstri tipi kurulumlar ve hybrid sistemler. Finans konusunda; te\u015fvikler, ticarile\u015ftirilebilme, makul fiyat ve maliyet ile elektrikli ara\u00e7 deste\u011fi. Mevzuat konusunda; yerli ve milli \u00fcr\u00fcnlerin kullan\u0131m\u0131, ki\u015fisel kullan\u0131mda off-grid sistemler, uygulanabilir y\u00f6netmeliklerin \u00e7\u0131kmas\u0131, bu alanda ulusal enerji politikalar\u0131n\u0131n olu\u015fturulmas\u0131 ve \u00f6ncelikli uygulama alanlar\u0131.\u00a0AR-GE\u2019de ise tasar\u0131mdan g\u00fcvenli\u011fe, \u015febeke ihtiya\u00e7lar\u0131ndan, teknolojiye, ham maddelerden, uygulama alanlar\u0131na kadar \u00e7e\u015fitli fikirler masaya yat\u0131r\u0131larak sunumlar \u015feklinde sekt\u00f6r payda\u015flar\u0131 ile payla\u015f\u0131ld\u0131.<\/p>","protected":false},"excerpt":{"rendered":"<p>Sorry, this entry is only available in Turkish. For the sake of viewer convenience, the content is shown below in the alternative language. You may click the link to switch the active language.G\u00fcn\u00fcm\u00fcz\u00fcn en \u00f6nemli enerji trendlerinden biri olan enerji depolama alan\u0131ndaki geli\u015fmeler ve bu alanda yap\u0131lmas\u0131 gerekenler ELTEMTEK ve G\u00dcNDER i\u015fbirli\u011fiyle d\u00fczenlenen Yenilenebilir Enerji [&hellip;]<\/p>\n","protected":false},"author":1,"featured_media":73535,"comment_status":"open","ping_status":"open","sticky":false,"template":"","format":"standard","meta":[],"categories":[51,53,49],"tags":[1931,37414,67,1009,1382,23416,23131,37415,37416],"views":1555,"_links":{"self":[{"href":"https:\/\/www.enerjigazetesi.ist\/en\/wp-json\/wp\/v2\/posts\/73533"}],"collection":[{"href":"https:\/\/www.enerjigazetesi.ist\/en\/wp-json\/wp\/v2\/posts"}],"about":[{"href":"https:\/\/www.enerjigazetesi.ist\/en\/wp-json\/wp\/v2\/types\/post"}],"author":[{"embeddable":true,"href":"https:\/\/www.enerjigazetesi.ist\/en\/wp-json\/wp\/v2\/users\/1"}],"replies":[{"embeddable":true,"href":"https:\/\/www.enerjigazetesi.ist\/en\/wp-json\/wp\/v2\/comments?post=73533"}],"version-history":[{"count":18,"href":"https:\/\/www.enerjigazetesi.ist\/en\/wp-json\/wp\/v2\/posts\/73533\/revisions"}],"predecessor-version":[{"id":73553,"href":"https:\/\/www.enerjigazetesi.ist\/en\/wp-json\/wp\/v2\/posts\/73533\/revisions\/73553"}],"wp:featuredmedia":[{"embeddable":true,"href":"https:\/\/www.enerjigazetesi.ist\/en\/wp-json\/wp\/v2\/media\/73535"}],"wp:attachment":[{"href":"https:\/\/www.enerjigazetesi.ist\/en\/wp-json\/wp\/v2\/media?parent=73533"}],"wp:term":[{"taxonomy":"category","embeddable":true,"href":"https:\/\/www.enerjigazetesi.ist\/en\/wp-json\/wp\/v2\/categories?post=73533"},{"taxonomy":"post_tag","embeddable":true,"href":"https:\/\/www.enerjigazetesi.ist\/en\/wp-json\/wp\/v2\/tags?post=73533"}],"curies":[{"name":"wp","href":"https:\/\/api.w.org\/{rel}","templated":true}]}}