{"id":73530,"date":"2018-04-20T15:46:06","date_gmt":"2018-04-20T12:46:06","guid":{"rendered":"https:\/\/www.enerjigazetesi.ist\/?p=73530"},"modified":"2018-04-20T15:46:06","modified_gmt":"2018-04-20T12:46:06","slug":"girisimci-idris-kaya-catiya-kurdugu-gunes-santrali-ile-ek-kazanc-sagliyor","status":"publish","type":"post","link":"https:\/\/www.enerjigazetesi.ist\/en\/girisimci-idris-kaya-catiya-kurdugu-gunes-santrali-ile-ek-kazanc-sagliyor\/","title":{"rendered":"(Turkish) Giri\u015fimci \u0130dris Kaya \u00c7at\u0131ya Kurdu\u011fu G\u00fcne\u015f Santrali \u0130le Ek Kazan\u00e7 Sa\u011fl\u0131yor"},"content":{"rendered":"<p class=\"qtranxs-available-languages-message qtranxs-available-languages-message-en\">Sorry, this entry is only available in <a href=\"https:\/\/www.enerjigazetesi.ist\/tr\/wp-json\/wp\/v2\/posts\/73530\" class=\"qtranxs-available-language-link qtranxs-available-language-link-tr\" title=\"Turkish\">Turkish<\/a>. For the sake of viewer convenience, the content is shown below in the alternative language. You may click the link to switch the active language.<\/p><p><strong>Giri\u015fimci \u0130dris Kaya taraf\u0131ndan Sivasta yat\u0131r\u0131m yapmak ve istihdama katk\u0131 sa\u011flamak i\u00e7in Su\u015fehri \u0130l\u00e7esi K\u00fc\u00e7\u00fckg\u00fczel k\u00f6y\u00fcnde b\u00fcy\u00fck ba\u015f hayvan yeti\u015ftirmek i\u00e7in g\u00fcne\u015f enerjisi santralini faaliyete ge\u00e7irdi.<\/strong><\/p>\n<p><img loading=\"lazy\" class=\"alignleft size-medium wp-image-73531\" src=\"https:\/\/www.enerjigazetesi.ist\/wp-content\/uploads\/2018\/04\/girisimci-idris-kaya-catiya-kurdugu-gunes-santrali-ile-ek-kazanc-sagliyor-300x150.jpg\" alt=\"\" width=\"300\" height=\"150\" srcset=\"https:\/\/www.enerjigazetesi.ist\/wp-content\/uploads\/2018\/04\/girisimci-idris-kaya-catiya-kurdugu-gunes-santrali-ile-ek-kazanc-sagliyor-300x150.jpg 300w, https:\/\/www.enerjigazetesi.ist\/wp-content\/uploads\/2018\/04\/girisimci-idris-kaya-catiya-kurdugu-gunes-santrali-ile-ek-kazanc-sagliyor-500x250.jpg 500w, https:\/\/www.enerjigazetesi.ist\/wp-content\/uploads\/2018\/04\/girisimci-idris-kaya-catiya-kurdugu-gunes-santrali-ile-ek-kazanc-sagliyor-80x40.jpg 80w, https:\/\/www.enerjigazetesi.ist\/wp-content\/uploads\/2018\/04\/girisimci-idris-kaya-catiya-kurdugu-gunes-santrali-ile-ek-kazanc-sagliyor.jpg 640w\" sizes=\"(max-width: 300px) 100vw, 300px\" \/>Kaya, tesisin elektrik t\u00fcketimini kendi imkanlar\u0131 ile kar\u015f\u0131lamak i\u00e7in ah\u0131rlar\u0131n \u00e7at\u0131lar\u0131na g\u00fcne\u015f enerjisi panelleri yerle\u015ftirdi. Yakla\u015f\u0131k 2 milyon lira harcay\u0131p \u00e7at\u0131lara bin 800 panel yerle\u015ftiren Kara, neredeyse t\u00fcketiminin 10 kat\u0131 kadar enerji \u00fcretmeye ba\u015flad\u0131. \u015eimdi ise \u00fcretilen fazla enerjiyi elektrik da\u011f\u0131t\u0131m \u015firketine sat\u0131p gelir elde ediyor.<\/p>\n<p>\u015eaban Eren,\u00a0\u201cG\u00fcne\u015f enerji panellerine kendi ihtiyac\u0131m\u0131z\u0131 kar\u015f\u0131lamak i\u00e7in ba\u015fvuru yapm\u0131\u015ft\u0131k. Fazla enerji \u00fcretimimiz meydana geldi. Bu fazla \u00fcretim enerji da\u011f\u0131t\u0131m firmas\u0131na sat\u0131l\u0131yor. Burada \u00fcretti\u011fimiz fazla elektri\u011fin 20-25 bin lira gibi bir getirisi var. Burada bin 800 civar\u0131nda panel var. Maliyeti 2 milyonu ge\u00e7ti. 480 mw enerji \u00fcretmekteyiz.\u201d dedi.<\/p>\n<p>&nbsp;<\/p>\n<p>&nbsp;<\/p>","protected":false},"excerpt":{"rendered":"<p>Sorry, this entry is only available in Turkish. For the sake of viewer convenience, the content is shown below in the alternative language. You may click the link to switch the active language.Giri\u015fimci \u0130dris Kaya taraf\u0131ndan Sivasta yat\u0131r\u0131m yapmak ve istihdama katk\u0131 sa\u011flamak i\u00e7in Su\u015fehri \u0130l\u00e7esi K\u00fc\u00e7\u00fckg\u00fczel k\u00f6y\u00fcnde b\u00fcy\u00fck ba\u015f hayvan yeti\u015ftirmek i\u00e7in g\u00fcne\u015f enerjisi [&hellip;]<\/p>\n","protected":false},"author":1,"featured_media":73531,"comment_status":"open","ping_status":"open","sticky":false,"template":"","format":"standard","meta":[],"categories":[53,49],"tags":[67,1009,2326,6910,23416,2569,23133,23131,37413],"views":1050,"_links":{"self":[{"href":"https:\/\/www.enerjigazetesi.ist\/en\/wp-json\/wp\/v2\/posts\/73530"}],"collection":[{"href":"https:\/\/www.enerjigazetesi.ist\/en\/wp-json\/wp\/v2\/posts"}],"about":[{"href":"https:\/\/www.enerjigazetesi.ist\/en\/wp-json\/wp\/v2\/types\/post"}],"author":[{"embeddable":true,"href":"https:\/\/www.enerjigazetesi.ist\/en\/wp-json\/wp\/v2\/users\/1"}],"replies":[{"embeddable":true,"href":"https:\/\/www.enerjigazetesi.ist\/en\/wp-json\/wp\/v2\/comments?post=73530"}],"version-history":[{"count":1,"href":"https:\/\/www.enerjigazetesi.ist\/en\/wp-json\/wp\/v2\/posts\/73530\/revisions"}],"predecessor-version":[{"id":73532,"href":"https:\/\/www.enerjigazetesi.ist\/en\/wp-json\/wp\/v2\/posts\/73530\/revisions\/73532"}],"wp:featuredmedia":[{"embeddable":true,"href":"https:\/\/www.enerjigazetesi.ist\/en\/wp-json\/wp\/v2\/media\/73531"}],"wp:attachment":[{"href":"https:\/\/www.enerjigazetesi.ist\/en\/wp-json\/wp\/v2\/media?parent=73530"}],"wp:term":[{"taxonomy":"category","embeddable":true,"href":"https:\/\/www.enerjigazetesi.ist\/en\/wp-json\/wp\/v2\/categories?post=73530"},{"taxonomy":"post_tag","embeddable":true,"href":"https:\/\/www.enerjigazetesi.ist\/en\/wp-json\/wp\/v2\/tags?post=73530"}],"curies":[{"name":"wp","href":"https:\/\/api.w.org\/{rel}","templated":true}]}}