{"id":73493,"date":"2018-04-19T11:59:44","date_gmt":"2018-04-19T08:59:44","guid":{"rendered":"https:\/\/www.enerjigazetesi.ist\/?p=73493"},"modified":"2018-04-19T12:08:13","modified_gmt":"2018-04-19T09:08:13","slug":"5-istanbul-karbon-zirvesi-26-nisanda-basliyor","status":"publish","type":"post","link":"https:\/\/www.enerjigazetesi.ist\/en\/5-istanbul-karbon-zirvesi-26-nisanda-basliyor\/","title":{"rendered":"(Turkish) 5. \u0130stanbul Karbon Zirvesi 26 Nisan\u2019da Ba\u015fl\u0131yor"},"content":{"rendered":"<p class=\"qtranxs-available-languages-message qtranxs-available-languages-message-en\">Sorry, this entry is only available in <a href=\"https:\/\/www.enerjigazetesi.ist\/tr\/wp-json\/wp\/v2\/posts\/73493\" class=\"qtranxs-available-language-link qtranxs-available-language-link-tr\" title=\"Turkish\">Turkish<\/a>. For the sake of viewer convenience, the content is shown below in the alternative language. You may click the link to switch the active language.<\/p><p><strong>\u0130klim finansman\u0131 ba\u015fl\u0131\u011f\u0131yla enerji verimlili\u011fine odaklanarak sanayinin iklim de\u011fi\u015fimi ile m\u00fccadelesi 5. \u0130stanbul Karbon Zirvesi\u2019nde masaya yat\u0131r\u0131lacak. \u0130klim de\u011fi\u015fiminin olumsuz etkilerine dur dememiz gerekti\u011fine dikkat \u00e7eken \u0130T\u00dc \u00d6\u011fretim \u00dcyesi ve S\u00dcT-D Ba\u015fkan\u0131 Prof. Dr. Filiz Karaosmano\u011flu, \u201cSera gaz\u0131 cimrisi, \u00e7evresine duyarl\u0131, d\u00fc\u015f\u00fck karbon ekonomisinde ilerleyen ki\u015fi ve kurulu\u015flar\u0131n ba\u015far\u0131lar\u0131n\u0131 \u2018D\u00fc\u015f\u00fck Karbon Kahraman\u0131\u2019 olarak \u00f6d\u00fcllendiriyoruz&#8221; dedi<\/strong><\/p>\n<p>S\u00fcrd\u00fcr\u00fclebilir \u00dcretim ve T\u00fcketim Derne\u011fi (S\u00dcT-D) taraf\u0131ndan \u0130T\u00dc ev sahipli\u011finde d\u00fczenlenen 5. \u0130stanbul Karbon Zirvesi, 26 Nisan 2018 tarihinde ger\u00e7ekle\u015fecek. Kamu, yerel y\u00f6netimler, akademi, i\u015f d\u00fcnyas\u0131, banka, finans kurumlar\u0131, sivil toplum kurulu\u015flar\u0131, akademi ve gen\u00e7ler bir araya gelerek; \u0130klim<img loading=\"lazy\" class=\"alignright size-medium wp-image-73494\" src=\"https:\/\/www.enerjigazetesi.ist\/wp-content\/uploads\/2018\/04\/5-istanbul-karbon-zirvesi-26-nisanda-basliyor-300x200.jpg\" alt=\"\" width=\"300\" height=\"200\" srcset=\"https:\/\/www.enerjigazetesi.ist\/wp-content\/uploads\/2018\/04\/5-istanbul-karbon-zirvesi-26-nisanda-basliyor-300x200.jpg 300w, https:\/\/www.enerjigazetesi.ist\/wp-content\/uploads\/2018\/04\/5-istanbul-karbon-zirvesi-26-nisanda-basliyor-768x512.jpg 768w, https:\/\/www.enerjigazetesi.ist\/wp-content\/uploads\/2018\/04\/5-istanbul-karbon-zirvesi-26-nisanda-basliyor-1024x683.jpg 1024w, https:\/\/www.enerjigazetesi.ist\/wp-content\/uploads\/2018\/04\/5-istanbul-karbon-zirvesi-26-nisanda-basliyor-500x333.jpg 500w, https:\/\/www.enerjigazetesi.ist\/wp-content\/uploads\/2018\/04\/5-istanbul-karbon-zirvesi-26-nisanda-basliyor-75x50.jpg 75w, https:\/\/www.enerjigazetesi.ist\/wp-content\/uploads\/2018\/04\/5-istanbul-karbon-zirvesi-26-nisanda-basliyor.jpg 1128w\" sizes=\"(max-width: 300px) 100vw, 300px\" \/> Finansman\u0131 ba\u015fl\u0131\u011f\u0131 ile enerji verimlili\u011fine odaklanarak T\u00fcrkiye sanayisinin iklim de\u011fi\u015fimi ile m\u00fccadelesi 5. \u0130stanbul Karbon Zirvesi\u2019nde masaya yat\u0131r\u0131lacak.<\/p>\n<p><strong>\u2018D\u00fc\u015f\u00fck Karbon Kahramanlar\u0131\u2019 \u00f6d\u00fcllerine kavu\u015fuyor<\/strong><\/p>\n<p><strong>\u0130T\u00dc \u00d6\u011fretim \u00dcyesi ve S\u00dcT-D Ba\u015fkan\u0131 Prof. Dr. Filiz Karaosmano\u011flu,<\/strong> \u201cS\u00dcT-D olarak sera gaz\u0131\u00a0sal\u0131mlar\u0131n\u0131 azaltan, s\u00fcrd\u00fcr\u00fclebilirlik stratejisi ile ilerleyen projeleri d\u00f6rt y\u0131ld\u0131r \u2018D\u00fc\u015f\u00fck Karbon Kahraman\u0131\u2019 olarak \u00f6d\u00fcllendiriyoruz. Bu y\u0131l \u00f6d\u00fcllere aday say\u0131s\u0131nda rekora ula\u015ft\u0131k. S\u00dcT-D i\u00e7in ki\u015fi ve\u00a0kurulu\u015flar\u0131n s\u00fcrd\u00fcr\u00fclebilir ya\u015fam k\u00fclt\u00fcrleri, iklim de\u011fi\u015fimi ile m\u00fccadeleleri m\u00fchim. Zirvemizde K\u00fc\u00e7\u00fck Karbon Kahramanlar\u0131m\u0131z da karbon y\u00f6netiminin yayg\u0131n bilinirli\u011fi i\u00e7in biz de var\u0131z diyecekler\u201d diye konu\u015ftu.<\/p>\n<p><strong>Zirvede sizleri neler bekliyor?<\/strong><\/p>\n<p>Zirvede banka ve finans kurumlar\u0131 temsilcileriyle &#8220;\u0130klim Finansman\u0131 K\u00fcresel Geli\u015fmeleri ve T\u00fcrkiye&#8221; oturumunda masaya yat\u0131r\u0131l\u0131rken &#8220;T\u00fcrkiye&#8217;nin Sanayide \u0130klim De\u011fi\u015fimi ile M\u00fccadelesi&#8221; irdelenecek ve &#8220;Karbon Y\u00f6netimi ve End\u00fcstri&#8221; oturumunda enerji ve kimya sekt\u00f6rlerinin lider firmalar\u0131n\u0131n y\u00f6neticileri s\u00fcrd\u00fcr\u00fclebilirlik y\u00f6netimlerini, iklim de\u011fi\u015fimi ile m\u00fccadelelerinin en iyi uygulamalar\u0131n\u0131 ortaya koyacaklar.<\/p>\n<p>Zirve hakk\u0131nda bilgi i\u00e7in <a href=\"http:\/\/www.istanbulcarbonsummit.org\">www.istanbulcarbonsummit.org<\/a> adresini ziyaret edebilirsiniz.<\/p>","protected":false},"excerpt":{"rendered":"<p>Sorry, this entry is only available in Turkish. For the sake of viewer convenience, the content is shown below in the alternative language. You may click the link to switch the active language.\u0130klim finansman\u0131 ba\u015fl\u0131\u011f\u0131yla enerji verimlili\u011fine odaklanarak sanayinin iklim de\u011fi\u015fimi ile m\u00fccadelesi 5. \u0130stanbul Karbon Zirvesi\u2019nde masaya yat\u0131r\u0131lacak. \u0130klim de\u011fi\u015fiminin olumsuz etkilerine dur dememiz [&hellip;]<\/p>\n","protected":false},"author":1,"featured_media":73494,"comment_status":"open","ping_status":"open","sticky":false,"template":"","format":"standard","meta":[],"categories":[53,52],"tags":[37402,67,1009,12,37347,18346,18344,18345,793],"views":687,"_links":{"self":[{"href":"https:\/\/www.enerjigazetesi.ist\/en\/wp-json\/wp\/v2\/posts\/73493"}],"collection":[{"href":"https:\/\/www.enerjigazetesi.ist\/en\/wp-json\/wp\/v2\/posts"}],"about":[{"href":"https:\/\/www.enerjigazetesi.ist\/en\/wp-json\/wp\/v2\/types\/post"}],"author":[{"embeddable":true,"href":"https:\/\/www.enerjigazetesi.ist\/en\/wp-json\/wp\/v2\/users\/1"}],"replies":[{"embeddable":true,"href":"https:\/\/www.enerjigazetesi.ist\/en\/wp-json\/wp\/v2\/comments?post=73493"}],"version-history":[{"count":3,"href":"https:\/\/www.enerjigazetesi.ist\/en\/wp-json\/wp\/v2\/posts\/73493\/revisions"}],"predecessor-version":[{"id":73497,"href":"https:\/\/www.enerjigazetesi.ist\/en\/wp-json\/wp\/v2\/posts\/73493\/revisions\/73497"}],"wp:featuredmedia":[{"embeddable":true,"href":"https:\/\/www.enerjigazetesi.ist\/en\/wp-json\/wp\/v2\/media\/73494"}],"wp:attachment":[{"href":"https:\/\/www.enerjigazetesi.ist\/en\/wp-json\/wp\/v2\/media?parent=73493"}],"wp:term":[{"taxonomy":"category","embeddable":true,"href":"https:\/\/www.enerjigazetesi.ist\/en\/wp-json\/wp\/v2\/categories?post=73493"},{"taxonomy":"post_tag","embeddable":true,"href":"https:\/\/www.enerjigazetesi.ist\/en\/wp-json\/wp\/v2\/tags?post=73493"}],"curies":[{"name":"wp","href":"https:\/\/api.w.org\/{rel}","templated":true}]}}