{"id":73487,"date":"2018-04-19T11:45:35","date_gmt":"2018-04-19T08:45:35","guid":{"rendered":"https:\/\/www.enerjigazetesi.ist\/?p=73487"},"modified":"2018-04-19T11:45:35","modified_gmt":"2018-04-19T08:45:35","slug":"portekiz-yenilenebilir-enerjiyle-enerji-ihtiyacindan-fazlasini-uretti","status":"publish","type":"post","link":"https:\/\/www.enerjigazetesi.ist\/en\/portekiz-yenilenebilir-enerjiyle-enerji-ihtiyacindan-fazlasini-uretti\/","title":{"rendered":"(Turkish) Portekiz Yenilenebilir Enerjiyle Enerji \u0130htiyac\u0131ndan Fazlas\u0131n\u0131 \u00dcretti"},"content":{"rendered":"<p class=\"qtranxs-available-languages-message qtranxs-available-languages-message-en\">Sorry, this entry is only available in <a href=\"https:\/\/www.enerjigazetesi.ist\/tr\/wp-json\/wp\/v2\/posts\/73487\" class=\"qtranxs-available-language-link qtranxs-available-language-link-tr\" title=\"Turkish\">Turkish<\/a>. For the sake of viewer convenience, the content is shown below in the alternative language. You may click the link to switch the active language.<\/p><p><strong>Portekiz taraf\u0131ndan 2018 Mart ay\u0131nda elektrik sarfiyat\u0131n\u0131n tamam\u0131 yenilenebilir enerjiden kar\u015f\u0131land\u0131.<\/strong><\/p>\n<p>Portekiz Yenilenebilir Enerji Birli\u011fi&#8217;nin (APREN) a\u00e7\u0131klamas\u0131na g\u00f6re;\u00a0Portekiz\u2019in ayl\u0131k yenilenebilir enerji <img loading=\"lazy\" class=\"alignright wp-image-69761 size-medium\" src=\"https:\/\/www.enerjigazetesi.ist\/wp-content\/uploads\/2017\/12\/cin-abd-enerji-ve-cevre-forumu-acildi-300x187.jpg\" alt=\"portekiz-yenilenebilir-enerjiyle-enerji-ihtiyacindan-fazlasini-uretti\" width=\"300\" height=\"187\" srcset=\"https:\/\/www.enerjigazetesi.ist\/wp-content\/uploads\/2017\/12\/cin-abd-enerji-ve-cevre-forumu-acildi-300x187.jpg 300w, https:\/\/www.enerjigazetesi.ist\/wp-content\/uploads\/2017\/12\/cin-abd-enerji-ve-cevre-forumu-acildi-768x479.jpg 768w, https:\/\/www.enerjigazetesi.ist\/wp-content\/uploads\/2017\/12\/cin-abd-enerji-ve-cevre-forumu-acildi-1024x639.jpg 1024w, https:\/\/www.enerjigazetesi.ist\/wp-content\/uploads\/2017\/12\/cin-abd-enerji-ve-cevre-forumu-acildi-500x312.jpg 500w, https:\/\/www.enerjigazetesi.ist\/wp-content\/uploads\/2017\/12\/cin-abd-enerji-ve-cevre-forumu-acildi-80x50.jpg 80w, https:\/\/www.enerjigazetesi.ist\/wp-content\/uploads\/2017\/12\/cin-abd-enerji-ve-cevre-forumu-acildi.jpg 1280w\" sizes=\"(max-width: 300px) 100vw, 300px\" \/>t\u00fcketimi, Mart 2017\u2019ye g\u00f6re %9.7 oran\u0131nda art\u0131\u015f g\u00f6sterirken, \u00fclke enerji ihtiyac\u0131n\u0131n (4.600 Gwh\u2019\u0131n \u00fczerinde) a\u015f\u0131lmas\u0131 i\u00e7in yeterli yenilenebilir enerji miktar\u0131 da (4.800 Gwh\u2019\u0131n \u00fczerinde) \u00fcretildi. Buna g\u00f6re Portekiz, 11 Mart tarihinde talebin %143\u2019\u00fcn\u00fc \u00fcreterek yenilenebilir enerjiden sa\u011flam\u0131\u015f oldu.<\/p>\n<p>Portekiz&#8217;in iletim operat\u00f6r\u00fcne (REN) g\u00f6re ise, Ocak ve Mart aylar\u0131 aras\u0131nda \u00fclke taraf\u0131ndan \u00fcretilen enerjinin %42.1\u2019i hidro, %35.1\u2019i r\u00fczgardan olu\u015fmu\u015ftur. Do\u011falgaz, \u00fcretimin %10.7\u2019sini, k\u00f6m\u00fcr %6.2\u2019sini, Biyogaz %4.4\u2019\u00fcn\u00fc kar\u015f\u0131larken g\u00fcne\u015f %1\u2019ini meydana getirmi\u015ftir.<\/p>","protected":false},"excerpt":{"rendered":"<p>Sorry, this entry is only available in Turkish. For the sake of viewer convenience, the content is shown below in the alternative language. You may click the link to switch the active language.Portekiz taraf\u0131ndan 2018 Mart ay\u0131nda elektrik sarfiyat\u0131n\u0131n tamam\u0131 yenilenebilir enerjiden kar\u015f\u0131land\u0131. Portekiz Yenilenebilir Enerji Birli\u011fi&#8217;nin (APREN) a\u00e7\u0131klamas\u0131na g\u00f6re;\u00a0Portekiz\u2019in ayl\u0131k yenilenebilir enerji t\u00fcketimi, Mart [&hellip;]<\/p>\n","protected":false},"author":1,"featured_media":69761,"comment_status":"open","ping_status":"open","sticky":false,"template":"","format":"standard","meta":[],"categories":[53,49],"tags":[67,1009,23416,24949,26829],"views":596,"_links":{"self":[{"href":"https:\/\/www.enerjigazetesi.ist\/en\/wp-json\/wp\/v2\/posts\/73487"}],"collection":[{"href":"https:\/\/www.enerjigazetesi.ist\/en\/wp-json\/wp\/v2\/posts"}],"about":[{"href":"https:\/\/www.enerjigazetesi.ist\/en\/wp-json\/wp\/v2\/types\/post"}],"author":[{"embeddable":true,"href":"https:\/\/www.enerjigazetesi.ist\/en\/wp-json\/wp\/v2\/users\/1"}],"replies":[{"embeddable":true,"href":"https:\/\/www.enerjigazetesi.ist\/en\/wp-json\/wp\/v2\/comments?post=73487"}],"version-history":[{"count":1,"href":"https:\/\/www.enerjigazetesi.ist\/en\/wp-json\/wp\/v2\/posts\/73487\/revisions"}],"predecessor-version":[{"id":73488,"href":"https:\/\/www.enerjigazetesi.ist\/en\/wp-json\/wp\/v2\/posts\/73487\/revisions\/73488"}],"wp:featuredmedia":[{"embeddable":true,"href":"https:\/\/www.enerjigazetesi.ist\/en\/wp-json\/wp\/v2\/media\/69761"}],"wp:attachment":[{"href":"https:\/\/www.enerjigazetesi.ist\/en\/wp-json\/wp\/v2\/media?parent=73487"}],"wp:term":[{"taxonomy":"category","embeddable":true,"href":"https:\/\/www.enerjigazetesi.ist\/en\/wp-json\/wp\/v2\/categories?post=73487"},{"taxonomy":"post_tag","embeddable":true,"href":"https:\/\/www.enerjigazetesi.ist\/en\/wp-json\/wp\/v2\/tags?post=73487"}],"curies":[{"name":"wp","href":"https:\/\/api.w.org\/{rel}","templated":true}]}}