{"id":7347,"date":"2013-02-26T11:15:43","date_gmt":"2013-02-26T08:15:43","guid":{"rendered":"https:\/\/www.enerjigazetesi.ist\/?p=7347"},"modified":"2013-02-26T11:30:13","modified_gmt":"2013-02-26T08:30:13","slug":"ab-cevre-dostu-enerjiler-konusunda-samimi-degil-ikili-oynuyor","status":"publish","type":"post","link":"https:\/\/www.enerjigazetesi.ist\/en\/ab-cevre-dostu-enerjiler-konusunda-samimi-degil-ikili-oynuyor\/","title":{"rendered":"(Turkish) AB \u00c7evre Dostu Yenilenebilir Enerjiler Konusunda Samimi De\u011fil, \u0130kili Oynuyor&#8230;"},"content":{"rendered":"<p class=\"qtranxs-available-languages-message qtranxs-available-languages-message-en\">Sorry, this entry is only available in <a href=\"https:\/\/www.enerjigazetesi.ist\/tr\/wp-json\/wp\/v2\/posts\/7347\" class=\"qtranxs-available-language-link qtranxs-available-language-link-tr\" title=\"Turkish\">Turkish<\/a>. For the sake of viewer convenience, the content is shown below in the alternative language. You may click the link to switch the active language.<\/p><p><strong><\/strong><strong>AB Yenilenebilir Enerji Konusunda \u0130kili Oynuyor<\/strong><\/p>\n<p><strong>\u0130T\u00dc, U\u00e7ak ve Uzay Bilimleri Fak\u00fcltesi Meteoroloji M\u00fchendisli\u011fi B\u00f6l\u00fcm Ba\u015fkan\u0131 Prof. Dr. Ahmet Duran \u015eahin: \u201c<\/strong>T\u00fcrk halk\u0131,\u00a0 y\u00f6neticilerden ve teknik elemanlardan daha \u00e7ok yenilenebilir enerjilere sahip \u00e7\u0131kmaya haz\u0131r.\u201d dedi.<\/p>\n<p>\u0130T\u00dc, U\u00e7ak ve Uzay Bilimleri Fak\u00fcltesi Meteoroloji M\u00fchendisli\u011fi B\u00f6l\u00fcm Ba\u015fkan\u0131 Prof. Dr. Ahmet Duran \u015eahin, T\u00fcrkiye\u2019nin yenilenebilir enerji konusunda elini \u00e7abuk tutmad\u0131\u011f\u0131na dikkat \u00e7ekerek, bu konuda yat\u0131r\u0131mc\u0131lar\u0131m\u0131z\u0131n modaya g\u00f6re hareket ettiklerinden yak\u0131nd\u0131.<\/p>\n<p><img loading=\"lazy\" class=\"alignleft  wp-image-7350\" title=\"adsresim2\" src=\"https:\/\/www.enerjigazetesi.ist\/wp-content\/uploads\/2013\/02\/adsresim2-234x300.jpg\" alt=\"\" width=\"158\" height=\"200\" \/>\u015eahin,\u00a0 <strong><em>\u0130T\u00dc Vakf\u0131 Dergisi<\/em><\/strong><em>\u2019<\/em>nde yay\u0131nlanan makalesinde, yenilenebilir enerji kaynaklar\u0131na olan yat\u0131r\u0131mlar\u0131n sab\u0131r gerektirdi\u011fini,\u00a0 bu y\u00fczden s\u00fcrekli \u00e7alkant\u0131lar ya\u015fand\u0131\u011f\u0131n\u0131 ve \u00fclkemizde yat\u0131r\u0131mlar\u0131n bu konuda beklenenin alt\u0131nda kald\u0131\u011f\u0131n\u0131 dile getirdi. \u015eahin, T\u00fcrk halk\u0131n\u0131n,\u00a0 y\u00f6neticilerden ve teknik elemanlardan daha \u00e7ok yenilenebilir enerjilere sahip \u00e7\u0131kmaya haz\u0131r oldu\u011funu belirterek, \u015fu a\u00e7\u0131klamay\u0131 yapt\u0131:<\/p>\n<p>\u201c<strong><em>T\u00fcrkiye\u2019nin en \u00fccra k\u00f6\u015fesine bile gitseniz, \u2018enerji ile u\u011fra\u015f\u0131yorum\u2019 dedi\u011finizde ilk sorular\u0131, \u2018Neden r\u00fczg\u00e2r ve g\u00fcne\u015ften faydalanm\u0131yoruz?\u2019 olacakt\u0131r. Bu durum sivil toplum \u00f6rg\u00fctlerinin eline b\u00fcy\u00fck bir g\u00fc\u00e7 vermektedir. Fakat sivil toplum \u00f6rg\u00fctlerinin temel problemlerinden birisi \u2018enerji ger\u00e7e\u011fini\u2019 tam kavramam\u0131\u015f olmalar\u0131 veya bazen de kavramak istememeleridir. Son y\u0131llarda T\u00fcrkiye\u2019de, yenilenebilir enerji teknoloji ve yat\u0131r\u0131mlar\u0131 ile ilgili olarak halk\u0131n, h\u00fck\u00fcmetin ve sivil toplum kurulu\u015flar\u0131n\u0131n da haz\u0131r oldu\u011funu g\u00f6r\u00fcyoruz.\u201d<\/em><\/strong><\/p>\n<p><strong>Yenilenebilir Enerji Kaynaklar\u0131nda \u015eansl\u0131y\u0131z<\/strong><\/p>\n<p>\u00dclkemizin, co\u011frafi konumu nedeniyle sahip oldu\u011fu g\u00fcne\u015f enerjisi potansiyeli a\u00e7\u0131s\u0131ndan bir\u00e7ok \u00fclkeye g\u00f6re \u015fansl\u0131 durumda oldu\u011funu dile getiren \u015eahin, T\u00fcrkiye\u2019ye bir y\u0131lda gelen g\u00fcne\u015f enerjisi miktar\u0131n\u0131n yakla\u015f\u0131k 1015 kWh oldu\u011funu ve bu miktar\u0131n \u00fcretti\u011fimiz toplam elektrik enerjisinin 10 bin kat\u0131 oldu\u011funu s\u00f6yledi. \u015eahin\u2019in verdi\u011fi bilgiye g\u00f6re T\u00fcrkiye\u2019nin en fazla g\u00fcne\u015f alan b\u00f6lgeleri G\u00fcney \u0130\u00e7 Anadolu, G\u00fcney Do\u011fu Anadolu B\u00f6lgesi olup bunu Akdeniz ve Ege B\u00f6lgesi izliyor. T\u00fcrkiye geneli d\u00fc\u015f\u00fcn\u00fcld\u00fc\u011f\u00fcnde, g\u00fcnl\u00fck ortalama 7,5 saatlik g\u00fcne\u015flenme s\u00fcresi oldu\u011funu ifade eden \u015eahin \u015funlar\u0131 s\u00f6yledi: <strong><em>\u201cT\u00fcrkiye\u2019de EPDK (Enerji Piyasas\u0131 D\u00fczenleme Kurumu) taraf\u0131ndan yap\u0131lan bildirimle, 14 Haziran 2013 tarihinde g\u00fcne\u015f enerjisi ba\u015fvurular\u0131n\u0131n yap\u0131laca\u011f\u0131 ilan edilmi\u015f ve 2013 y\u0131l\u0131nda g\u00fcne\u015f enerjisine dayal\u0131 600MW\u2019lik bir ba\u015fvuru kabul edilecektir. R\u00fczg\u00e2r enerjisi konusunda yat\u0131r\u0131mlarda ilerlemeler olsa da g\u00fcne\u015f enerjisi konusunda \u00e7ok gerilerdeyiz.\u201d<\/em><\/strong><\/p>\n<p><strong>Bat\u0131l\u0131 Tekeller, \u00c7evre Dostu Enerjinin Geli\u015fmesine \u0130zin Vermiyor<\/strong><\/p>\n<p>\u201cYenilenebilir enerji teknolojilerini geli\u015ftirmi\u015f \u00fclkeler di\u011ferlerinin bu sekt\u00f6re giri\u015fini engellemek ve tekel olmak i\u00e7in bu konuda adeta tekel olma yoluna gitmi\u015flerdir,\u201d diyen \u015eahin, <em>\u201cyenilenebilir enerji teknolojilerinde ne yaz\u0131k ki derinlemesine d\u00fc\u015f\u00fcn\u00fcld\u00fc\u011f\u00fcnde \u00e7\u00f6z\u00fcm sunan \u00fclkelerin as\u0131l\u0131nda kendi pazarlar\u0131n\u0131 olu\u015fturma gayretleri i\u00e7inde olduklar\u0131n\u0131 g\u00f6r\u00fcyoruz,\u201d<\/em> a\u00e7\u0131klamas\u0131n\u0131 yapt\u0131. \u015eahin, a\u00e7\u0131klamas\u0131nda \u015funlar\u0131 s\u00f6yledi: <strong><em>\u201c \u00d6rne\u011fin, \u00a0g\u00fcne\u015f potansiyelinin d\u00fc\u015f\u00fck oldu\u011fu ve hepimizin yak\u0131ndan bildi\u011fi Avrupa\u2019n\u0131n lider \u00fclkesinin g\u00fcne\u015fe bu kadar yat\u0131r\u0131m yapmas\u0131n\u0131n as\u0131l nedeni ne olabilir? Ger\u00e7ekten g\u00fcne\u015ften \u00fcretilecek elektri\u011fe T\u00fcrkiye gibi muhta\u00e7lar m\u0131? Bu sorulara cevap arad\u0131\u011f\u0131m\u0131zda asl\u0131nda bu \u00fclkelerin kendilerine olan g\u00fcveni yenilenebilir enerji kaynaklar\u0131na yat\u0131r\u0131ma d\u00f6n\u00fc\u015ft\u00fcrd\u00fcklerini g\u00f6r\u00fcyoruz.\u201d<\/em><\/strong><\/p>\n<p><strong>T\u00fcrkiye Kendi Sertifikasyon Sistemini Olu\u015fturmal\u0131<\/strong><\/p>\n<p>Prof. Dr Ahmet Duran \u015eahin, geli\u015fmekte olan \u00fclkelerin yenilenebilir enerji alan\u0131nda yapt\u0131klar\u0131 projelerde,\u00a0 \u00e7ok iyi ve g\u00fcvenilir olsalar dahi, kendi kurduklar\u0131 merkezlerin onaylar\u0131n\u0131 istediklerini vurgulayarak, amac\u0131n sertifika tekeli olu\u015fturmak oldu\u011funu kaydetti. \u015eahin, a\u00e7\u0131klamas\u0131n\u0131 \u015f\u00f6yle tamamlad\u0131: \u201c<strong><em>Yenilenebilir enerji teknolojileri alan\u0131nda sizin \u00fcretti\u011finiz \u00fcr\u00fcnleri sertifikasyon ad\u0131 alt\u0131nda durdurma \u00e7abalar\u0131n\u0131n oldu\u011fu a\u00e7\u0131k\u00e7a g\u00f6r\u00fclmektedir. Sonu\u00e7ta sertifikasyon a\u015famas\u0131nda geli\u015fmi\u015f bir ka\u00e7 \u00fclkenin iznine tabi olmu\u015f oluyorsunuz. Uluslararas\u0131 sertifikas\u0131 olmayan yenilenebilir enerji teknolojilerine finans kayna\u011f\u0131 bulabilmeniz neredeyse imk\u00e2ns\u0131z. Burada yap\u0131lmas\u0131 gereken, temelde \u00fclkemizde \u00fcretilen teknolojilere sertifika verebilecek merkezlerin acilen kurulmas\u0131 ve yerli teknolojilerin uygulamas\u0131nda cesur finans\u00f6rlerin olmas\u0131d\u0131r.\u201d<\/em><\/strong><\/p>\n<p><em><strong>Yay\u0131na Haz\u0131rlayan:<\/strong> \u0130T\u00dc Vakf\u0131<\/em><\/p>\n<p><em><strong>Yay\u0131nc\u0131:<\/strong> <a href=\"https:\/\/www.enerjigazetesi.ist\" target=\"_blank\">Enerji Gazetesi<\/a><\/em><\/p>","protected":false},"excerpt":{"rendered":"<p>Sorry, this entry is only available in Turkish. For the sake of viewer convenience, the content is shown below in the alternative language. You may click the link to switch the active language.AB Yenilenebilir Enerji Konusunda \u0130kili Oynuyor \u0130T\u00dc, U\u00e7ak ve Uzay Bilimleri Fak\u00fcltesi Meteoroloji M\u00fchendisli\u011fi B\u00f6l\u00fcm Ba\u015fkan\u0131 Prof. Dr. Ahmet Duran \u015eahin: \u201cT\u00fcrk halk\u0131,\u00a0 [&hellip;]<\/p>\n","protected":false},"author":1,"featured_media":7348,"comment_status":"open","ping_status":"open","sticky":false,"template":"","format":"standard","meta":[],"categories":[53,49,50],"tags":[1192,67,1475,117,750,227,870,2417,2911,69,2912,105],"views":920,"_links":{"self":[{"href":"https:\/\/www.enerjigazetesi.ist\/en\/wp-json\/wp\/v2\/posts\/7347"}],"collection":[{"href":"https:\/\/www.enerjigazetesi.ist\/en\/wp-json\/wp\/v2\/posts"}],"about":[{"href":"https:\/\/www.enerjigazetesi.ist\/en\/wp-json\/wp\/v2\/types\/post"}],"author":[{"embeddable":true,"href":"https:\/\/www.enerjigazetesi.ist\/en\/wp-json\/wp\/v2\/users\/1"}],"replies":[{"embeddable":true,"href":"https:\/\/www.enerjigazetesi.ist\/en\/wp-json\/wp\/v2\/comments?post=7347"}],"version-history":[{"count":7,"href":"https:\/\/www.enerjigazetesi.ist\/en\/wp-json\/wp\/v2\/posts\/7347\/revisions"}],"predecessor-version":[{"id":7354,"href":"https:\/\/www.enerjigazetesi.ist\/en\/wp-json\/wp\/v2\/posts\/7347\/revisions\/7354"}],"wp:featuredmedia":[{"embeddable":true,"href":"https:\/\/www.enerjigazetesi.ist\/en\/wp-json\/wp\/v2\/media\/7348"}],"wp:attachment":[{"href":"https:\/\/www.enerjigazetesi.ist\/en\/wp-json\/wp\/v2\/media?parent=7347"}],"wp:term":[{"taxonomy":"category","embeddable":true,"href":"https:\/\/www.enerjigazetesi.ist\/en\/wp-json\/wp\/v2\/categories?post=7347"},{"taxonomy":"post_tag","embeddable":true,"href":"https:\/\/www.enerjigazetesi.ist\/en\/wp-json\/wp\/v2\/tags?post=7347"}],"curies":[{"name":"wp","href":"https:\/\/api.w.org\/{rel}","templated":true}]}}