{"id":73467,"date":"2018-04-19T10:39:29","date_gmt":"2018-04-19T07:39:29","guid":{"rendered":"https:\/\/www.enerjigazetesi.ist\/?p=73467"},"modified":"2018-04-19T10:39:29","modified_gmt":"2018-04-19T07:39:29","slug":"turkiye-ve-almanya-arasinda-yenilenebilir-enerji-alaninda-isbirligi","status":"publish","type":"post","link":"https:\/\/www.enerjigazetesi.ist\/en\/turkiye-ve-almanya-arasinda-yenilenebilir-enerji-alaninda-isbirligi\/","title":{"rendered":"(Turkish) T\u00fcrkiye ve Almanya Aras\u0131nda Yenilenebilir Enerji Alan\u0131nda \u0130\u015fbirli\u011fi"},"content":{"rendered":"<p class=\"qtranxs-available-languages-message qtranxs-available-languages-message-en\">Sorry, this entry is only available in <a href=\"https:\/\/www.enerjigazetesi.ist\/tr\/wp-json\/wp\/v2\/posts\/73467\" class=\"qtranxs-available-language-link qtranxs-available-language-link-tr\" title=\"Turkish\">Turkish<\/a>. For the sake of viewer convenience, the content is shown below in the alternative language. You may click the link to switch the active language.<\/p><p><strong>Berlin\u2019de ba\u015flayan \u20184. Uluslararas\u0131 Enerjide D\u00f6n\u00fc\u015f\u00fcm Diyalo\u011fu\u2019 adl\u0131 uluslararas\u0131 konferans, k\u00fcresel enerji politikalar\u0131 ve iklim de\u011fi\u015fikli\u011fi tehlikesi kar\u015f\u0131s\u0131nda \u00fclkelerin sorumluluklar\u0131 ve ortak hedeflerini masaya yat\u0131r\u0131yor.<\/strong><\/p>\n<p>Konferans&#8217;tan aktar\u0131lan bilgilere g\u00f6re, Avrupa\u2019daki enerji d\u00f6n\u00fc\u015f\u00fcm\u00fc h\u0131zl\u0131 ve olumlu bir y\u00f6nde ilerliyor. Nitekim ge\u00e7en 2017 y\u0131l\u0131nda Avrupa Birli\u011fi ilk kez r\u00fczgar, g\u00fcne\u015f ve biyok\u00fctleden k\u00f6m\u00fcre g\u00f6re daha fazla <img loading=\"lazy\" class=\"alignright size-medium wp-image-38905\" src=\"https:\/\/www.enerjigazetesi.ist\/wp-content\/uploads\/2015\/05\/6-ruzgar-ve-gunes-yenilenebilir-enerji-kongresi-16-haziranda-istanbulda-300x168.jpg\" alt=\"\" width=\"300\" height=\"168\" srcset=\"https:\/\/www.enerjigazetesi.ist\/wp-content\/uploads\/2015\/05\/6-ruzgar-ve-gunes-yenilenebilir-enerji-kongresi-16-haziranda-istanbulda-300x168.jpg 300w, https:\/\/www.enerjigazetesi.ist\/wp-content\/uploads\/2015\/05\/6-ruzgar-ve-gunes-yenilenebilir-enerji-kongresi-16-haziranda-istanbulda-500x281.jpg 500w, https:\/\/www.enerjigazetesi.ist\/wp-content\/uploads\/2015\/05\/6-ruzgar-ve-gunes-yenilenebilir-enerji-kongresi-16-haziranda-istanbulda-80x45.jpg 80w, https:\/\/www.enerjigazetesi.ist\/wp-content\/uploads\/2015\/05\/6-ruzgar-ve-gunes-yenilenebilir-enerji-kongresi-16-haziranda-istanbulda.jpg 620w\" sizes=\"(max-width: 300px) 100vw, 300px\" \/>elektrik \u00fcretmeyi ba\u015fard\u0131. Daha be\u015f y\u0131l \u00f6nce durumun tam tersi oldu\u011funu belirten uzmanlar, yenilenebilir enerjiye g\u00fcvenin art\u0131\u011f\u0131n\u0131 ve AB ile Avrupa\u2019daki di\u011fer t\u00fcm \u00fclkelerin bir araya gelmesi halinde, 2030\u2019da y\u00fczde 35 yenilenebilir enerjinin m\u00fcmk\u00fcn oldu\u011fu g\u00f6r\u00fc\u015f\u00fcn\u00fc savunuyor. Ekonomi ve Enerji Bakan\u0131 Peter Altmaier ile g\u00f6r\u00fc\u015fmesi sonras\u0131nda bir a\u00e7\u0131klama yapan Enerji Bakan\u0131 Berat Albayrak;<\/p>\n<p>\u201cT\u00fcrkiye\u2019nin yenilenebilir enerjide \u00f6n\u00fcm\u00fczdeki 10 y\u0131lda 10\u2019ar bir megavat g\u00fcne\u015f ve r\u00fczgarda, enerji verimlili\u011finde 2023 y\u0131l\u0131na kadar 11 milyar dolardan daha b\u00fcy\u00fck bir yat\u0131r\u0131m ihtiyac\u0131 ortaya koydu\u011fundan hareketle, d\u00fcnyada \u00c7in\u2019den sonra ikinci en b\u00fcy\u00fck enerji talep b\u00fcy\u00fcme art\u0131\u015f\u0131 olan, h\u0131zl\u0131 b\u00fcy\u00fcmesini enerji ihtiyac\u0131yla da kar\u015f\u0131layan bir \u00fclke olmas\u0131 hasebiyle, \u00f6zellikle Almanya\u2019yla bu yeni d\u00f6nemde i\u015f birli\u011fimizi enerji ve ekonomi noktas\u0131nda artt\u0131rarak T\u00fcrkiye Almanya ili\u015fkilerini \u00e7ok daha iyi bir noktaya ta\u015f\u0131mas\u0131 i\u00e7in itici bir g\u00fc\u00e7 olaca\u011f\u0131na inan\u0131yoruz.\u201d ifadelerini kulland\u0131.<\/p>","protected":false},"excerpt":{"rendered":"<p>Sorry, this entry is only available in Turkish. For the sake of viewer convenience, the content is shown below in the alternative language. You may click the link to switch the active language.Berlin\u2019de ba\u015flayan \u20184. Uluslararas\u0131 Enerjide D\u00f6n\u00fc\u015f\u00fcm Diyalo\u011fu\u2019 adl\u0131 uluslararas\u0131 konferans, k\u00fcresel enerji politikalar\u0131 ve iklim de\u011fi\u015fikli\u011fi tehlikesi kar\u015f\u0131s\u0131nda \u00fclkelerin sorumluluklar\u0131 ve ortak hedeflerini [&hellip;]<\/p>\n","protected":false},"author":1,"featured_media":38905,"comment_status":"open","ping_status":"open","sticky":false,"template":"","format":"standard","meta":[],"categories":[53,49,50],"tags":[67,1009,23416,37397,2034,19565,24949,37398,105,26829],"views":669,"_links":{"self":[{"href":"https:\/\/www.enerjigazetesi.ist\/en\/wp-json\/wp\/v2\/posts\/73467"}],"collection":[{"href":"https:\/\/www.enerjigazetesi.ist\/en\/wp-json\/wp\/v2\/posts"}],"about":[{"href":"https:\/\/www.enerjigazetesi.ist\/en\/wp-json\/wp\/v2\/types\/post"}],"author":[{"embeddable":true,"href":"https:\/\/www.enerjigazetesi.ist\/en\/wp-json\/wp\/v2\/users\/1"}],"replies":[{"embeddable":true,"href":"https:\/\/www.enerjigazetesi.ist\/en\/wp-json\/wp\/v2\/comments?post=73467"}],"version-history":[{"count":1,"href":"https:\/\/www.enerjigazetesi.ist\/en\/wp-json\/wp\/v2\/posts\/73467\/revisions"}],"predecessor-version":[{"id":73468,"href":"https:\/\/www.enerjigazetesi.ist\/en\/wp-json\/wp\/v2\/posts\/73467\/revisions\/73468"}],"wp:featuredmedia":[{"embeddable":true,"href":"https:\/\/www.enerjigazetesi.ist\/en\/wp-json\/wp\/v2\/media\/38905"}],"wp:attachment":[{"href":"https:\/\/www.enerjigazetesi.ist\/en\/wp-json\/wp\/v2\/media?parent=73467"}],"wp:term":[{"taxonomy":"category","embeddable":true,"href":"https:\/\/www.enerjigazetesi.ist\/en\/wp-json\/wp\/v2\/categories?post=73467"},{"taxonomy":"post_tag","embeddable":true,"href":"https:\/\/www.enerjigazetesi.ist\/en\/wp-json\/wp\/v2\/tags?post=73467"}],"curies":[{"name":"wp","href":"https:\/\/api.w.org\/{rel}","templated":true}]}}