{"id":73455,"date":"2018-04-18T22:44:33","date_gmt":"2018-04-18T19:44:33","guid":{"rendered":"https:\/\/www.enerjigazetesi.ist\/?p=73455"},"modified":"2018-04-18T22:44:33","modified_gmt":"2018-04-18T19:44:33","slug":"enerji-etkin-ekolojik-cati-ve-cephe-sistemleri-masaya-yatirildi","status":"publish","type":"post","link":"https:\/\/www.enerjigazetesi.ist\/en\/enerji-etkin-ekolojik-cati-ve-cephe-sistemleri-masaya-yatirildi\/","title":{"rendered":"(Turkish) \u201cEnerji Etkin, Ekolojik \u00c7at\u0131 ve Cephe Sistemleri\u201d Masaya Yat\u0131r\u0131ld\u0131"},"content":{"rendered":"<p class=\"qtranxs-available-languages-message qtranxs-available-languages-message-en\">Sorry, this entry is only available in <a href=\"https:\/\/www.enerjigazetesi.ist\/tr\/wp-json\/wp\/v2\/posts\/73455\" class=\"qtranxs-available-language-link qtranxs-available-language-link-tr\" title=\"Turkish\">Turkish<\/a>. For the sake of viewer convenience, the content is shown below in the alternative language. You may click the link to switch the active language.<\/p><p><strong>Enerji ve Tabii Kaynaklar Bakanl\u0131\u011f\u0131 Yenilenebilir Enerji Genel M\u00fcd\u00fcr Yard\u0131mc\u0131s\u0131 Dr. Y\u00fcksel Malko\u00e7, \u00a0binalar\u0131n k\u00fcresel elektrik t\u00fcketimindeki pay\u0131n\u0131n y\u00fczde 50\u2019yi ge\u00e7ti\u011fini, T\u00fcrkiye\u2019de de binalardaki enerji t\u00fcketiminin sanayi ve ula\u015f\u0131m\u0131 geride b\u0131rakt\u0131\u011f\u0131n\u0131 belirterek, binalardaki enerji verimlili\u011finin art\u0131r\u0131lmas\u0131 ve yayg\u0131nla\u015ft\u0131r\u0131lmas\u0131 i\u00e7in \u00e7al\u0131\u015fmalar yap\u0131ld\u0131\u011f\u0131n\u0131 belirtti.\u00a0 \u00c7ATIDER Ba\u015fkan\u0131 Adil Ba\u015ftano\u011flu, \u201cBug\u00fcn enerjinin verimli kullan\u0131lmas\u0131 ve ekolojiyi g\u00f6zeten uygulamalar ka\u00e7\u0131n\u0131lmaz bir gereklilik. \u00c7at\u0131 ve cephe sekt\u00f6r\u00fc, bu konuda \u00f6rnek olacak teknoloji ve tasar\u0131mlar\u0131 hayata ge\u00e7iriyor\u201d dedi. \u00c7ATIDER Y\u00f6netim Kurulu \u00dcyesi M. Naz\u0131m Yavuz ise g\u00fcne\u015f \u00fclkesi T\u00fcrkiye\u2019de g\u00fcne\u015f enerji sistemlerinin do\u011falgaz gibi yayg\u0131nla\u015fmas\u0131 gerekti\u011fini s\u00f6yledi.<\/strong><\/p>\n<p>\u00c7ATIDER\u2019in 2002 y\u0131l\u0131ndan bu yana 8 kez d\u00fczenlenen ve kapsaml\u0131 i\u00e7eri\u011fi ile \u2018referans\u2019 olarak kabul edilen \u2018Ulusal \u00c7at\u0131 ve Cephe Sempozyumu\u2019, bu kez daha geni\u015f bir kapsamla bu kez konferans olarak <img loading=\"lazy\" class=\"alignleft size-medium wp-image-73456\" src=\"https:\/\/www.enerjigazetesi.ist\/wp-content\/uploads\/2018\/04\/enerji-etkin-ekolojik-cati-ve-cephe-sistemleri-masaya-yatirildi-300x150.jpg\" alt=\"\" width=\"300\" height=\"150\" srcset=\"https:\/\/www.enerjigazetesi.ist\/wp-content\/uploads\/2018\/04\/enerji-etkin-ekolojik-cati-ve-cephe-sistemleri-masaya-yatirildi-300x150.jpg 300w, https:\/\/www.enerjigazetesi.ist\/wp-content\/uploads\/2018\/04\/enerji-etkin-ekolojik-cati-ve-cephe-sistemleri-masaya-yatirildi-500x250.jpg 500w, https:\/\/www.enerjigazetesi.ist\/wp-content\/uploads\/2018\/04\/enerji-etkin-ekolojik-cati-ve-cephe-sistemleri-masaya-yatirildi-80x40.jpg 80w, https:\/\/www.enerjigazetesi.ist\/wp-content\/uploads\/2018\/04\/enerji-etkin-ekolojik-cati-ve-cephe-sistemleri-masaya-yatirildi.jpg 640w\" sizes=\"(max-width: 300px) 100vw, 300px\" \/>d\u00fczenlendi. I\u015f\u0131klar Yap\u0131 \u00dcr\u00fcnleri\u2019nin\u00a0ana sponsorlu\u011fu,\u00a0Panelsan \u00c7at\u0131 Cephe Sistemleri Sanayi ve Ticaret A.\u015e., Zorlu Solar\u00a0ve\u00a0Braas\u00a0\u00c7at\u0131 Sistemleri\u2019nin sponsorluklar\u0131 ile 12-13 Nisan 2018 tarihlerinde \u0130stanbul K\u00fclt\u00fcr \u00dcniversitesi Ak\u0131ng\u00fc\u00e7 Oditoryumu\u2019nda ger\u00e7ekle\u015ftirilen konferansa akademisyenler ve sekt\u00f6r temsilcilerinin de yer ald\u0131\u011f\u0131 \u00e7ok say\u0131da sayg\u0131n konu\u015fmac\u0131 kat\u0131ld\u0131.<\/p>\n<p><strong>Konutlar\u0131n k\u00fcresel elektrik t\u00fcketimindeki pay\u0131 y\u00fczde 50\u2019yi ge\u00e7ti<\/strong><\/p>\n<p>Konferans\u0131n a\u00e7\u0131l\u0131\u015f\u0131nda konu\u015fan Enerji ve Tabii Kaynaklar Bakanl\u0131\u011f\u0131 Yenilenebilir Enerji Genel M\u00fcd\u00fcr Yard\u0131mc\u0131s\u0131 Dr. Y\u00fcksel Malko\u00e7, bina sekt\u00f6r\u00fcn\u00fcn d\u00fcnya genelinde nihai enerji t\u00fcketimindeki pay\u0131n\u0131n y\u00fczde 30\u2019u, k\u00fcresel elektrik t\u00fcketimindeki pay\u0131n\u0131n ise y\u00fczde 50\u2019yi ge\u00e7ti\u011fini, k\u00fcresel karbon emisyonlar\u0131n\u0131n \u00fc\u00e7te birinden de bina sekt\u00f6r\u00fcn\u00fcn sorumlu oldu\u011funu s\u00f6yledi.<\/p>\n<p><strong>Daha ya\u015fanabilir d\u00fcnya i\u00e7in verimli enerji<\/strong><\/p>\n<p>\u00c7ATIDER Y\u00f6netim Kurulu Ba\u015fkan\u0131 Adil Ba\u015ftano\u011flu, \u00e7at\u0131 ve cephelerde \u00e7evreye duyarl\u0131, verimlilik sa\u011flayan, ekolojiyi g\u00f6zeten teknoloji ve uygulamalar\u0131n yayg\u0131nla\u015ft\u0131\u011f\u0131n\u0131 belirterek, \u201cDaha ya\u015fanabilir bir d\u00fcnya i\u00e7in enerjinin verimli kullan\u0131lmas\u0131 ve ekolojiyi g\u00f6zeten uygulamalar\u0131n gereklili\u011fini art\u0131k herkes kabul ediyor. \u00c7at\u0131 ve cephe sekt\u00f6r\u00fc, bu konuda \u00f6rnek olacak teknoloji ve tasar\u0131mlar\u0131 hayata ge\u00e7iriyor\u201d diye konu\u015ftu.<\/p>\n<p><strong>Hasarlar\u0131 de\u011fil riskleri y\u00f6netelim<\/strong><\/p>\n<p>\u0130T\u00dc Uzay ve U\u00e7ak Bilimleri Fak\u00fcltesi Meteoroloji M\u00fchendisli\u011fi B\u00f6l\u00fcm\u00fc \u00d6\u011fretim \u00dcyesi Prof. Dr. Mikdat Kad\u0131o\u011flu, \u201c\u00c7at\u0131 ve D\u0131\u015f Cepheler \u0130\u00e7in Bir Tehdit: S\u0131ra D\u0131\u015f\u0131 Hava Olaylar\u0131\u201d ba\u015fl\u0131kl\u0131 konu\u015fmas\u0131nda son y\u0131llarda dolu, f\u0131rt\u0131na gibi s\u0131ra d\u0131\u015f\u0131 hava olaylar\u0131n\u0131n daha s\u0131k g\u00f6r\u00fcnd\u00fc\u011f\u00fcn\u00fc, yap\u0131lar\u0131n bu de\u011fi\u015fime uyumlu olmas\u0131 gerekti\u011fini belirterek, \u201cHasarlar\u0131 de\u011fil, riskleri y\u00f6netelim\u201d dedi.<\/p>\n<p><strong>Do\u011falgaz gibi g\u00fcne\u015f enerjisi yayg\u0131nla\u015fmal\u0131<\/strong><\/p>\n<p>\u00c7ATIDER Y\u00f6netim Kurulu \u00dcyesi M. Naz\u0131m Yavuz, Almanya\u2019da kurulu solar (g\u00fcne\u015f enerjisi) g\u00fcc\u00fcn y\u00fczde 30\u2019unun end\u00fcstriyel \u00e7at\u0131larda oldu\u011funu, T\u00fcrkiye\u2019de ise bu oran\u0131n hen\u00fcz y\u00fczde 1-2 seviyesinde oldu\u011funu belirterek, \u201cBir g\u00fcne\u015f \u00fclkesi olan T\u00fcrkiye\u2019nin bu potansiyeli iyi kullanmas\u0131 gerekiyor. Do\u011falgaz ba\u011flat\u0131r gibi binalara solar sistem yap\u0131lmal\u0131\u201d diye konu\u015ftu.<\/p>\n<p>I\u015f\u0131klar Yap\u0131 \u00dcr\u00fcnleri Genel \u00d6zg\u00fcr Uzelt\u00fcrk, mineral y\u00fcn dolgulu kil bloklar hakk\u0131nda bilgi vererek, \u0131s\u0131 yal\u0131tan, ses emen, yang\u0131n ve suya kar\u015f\u0131 dayan\u0131kl\u0131 yap\u0131 \u00fcr\u00fcnlerinin sa\u011flad\u0131\u011f\u0131 katk\u0131lar\u0131 anlatt\u0131.<\/p>\n<p><strong>D\u00fcnya genelindeki ve T\u00fcrkiye\u2019deki yenilik\u00e7i uygulamalar ele al\u0131nd\u0131<\/strong><\/p>\n<p>ERA Mimarl\u0131k Kurucusu Prof. Dr. Ertun H\u0131z\u0131ro\u011flu \u201cGaranti Bankas\u0131 Teknoloji Kamp\u00fcs\u00fc Projesi\u201d, Eski\u015fehir Tepeba\u015f\u0131 Belediye Ba\u015fkan\u0131 Ahmet Ata\u00e7 \u201cREMOURBAN \u2013 Ak\u0131ll\u0131 Kentsel D\u00f6n\u00fc\u015f\u00fcm\u00fcn H\u0131zland\u0131r\u0131lmas\u0131 \u0130\u00e7in Yenileme Modeli Projesi\u201d, \u0130T\u00dc Mimarl\u0131k Fak\u00fcltesi \u00d6\u011fr. G\u00f6r. ve DS Mimarl\u0131k Kurucu Orta\u011f\u0131 Dr. Deniz Aslan binalar\u0131n enerji performans\u0131n\u0131, hava kalitesini ve kent ekolojisini iyile\u015ftiren \u201cYe\u015fil \u00c7at\u0131lar\u201d konular\u0131n\u0131 anlatt\u0131.<\/p>","protected":false},"excerpt":{"rendered":"<p>Sorry, this entry is only available in Turkish. For the sake of viewer convenience, the content is shown below in the alternative language. You may click the link to switch the active language.Enerji ve Tabii Kaynaklar Bakanl\u0131\u011f\u0131 Yenilenebilir Enerji Genel M\u00fcd\u00fcr Yard\u0131mc\u0131s\u0131 Dr. Y\u00fcksel Malko\u00e7, \u00a0binalar\u0131n k\u00fcresel elektrik t\u00fcketimindeki pay\u0131n\u0131n y\u00fczde 50\u2019yi ge\u00e7ti\u011fini, T\u00fcrkiye\u2019de de [&hellip;]<\/p>\n","protected":false},"author":1,"featured_media":73456,"comment_status":"open","ping_status":"open","sticky":false,"template":"","format":"standard","meta":[],"categories":[53,49],"tags":[37393,5692,37394,67,1009,23416,23133,23131],"views":958,"_links":{"self":[{"href":"https:\/\/www.enerjigazetesi.ist\/en\/wp-json\/wp\/v2\/posts\/73455"}],"collection":[{"href":"https:\/\/www.enerjigazetesi.ist\/en\/wp-json\/wp\/v2\/posts"}],"about":[{"href":"https:\/\/www.enerjigazetesi.ist\/en\/wp-json\/wp\/v2\/types\/post"}],"author":[{"embeddable":true,"href":"https:\/\/www.enerjigazetesi.ist\/en\/wp-json\/wp\/v2\/users\/1"}],"replies":[{"embeddable":true,"href":"https:\/\/www.enerjigazetesi.ist\/en\/wp-json\/wp\/v2\/comments?post=73455"}],"version-history":[{"count":1,"href":"https:\/\/www.enerjigazetesi.ist\/en\/wp-json\/wp\/v2\/posts\/73455\/revisions"}],"predecessor-version":[{"id":73457,"href":"https:\/\/www.enerjigazetesi.ist\/en\/wp-json\/wp\/v2\/posts\/73455\/revisions\/73457"}],"wp:featuredmedia":[{"embeddable":true,"href":"https:\/\/www.enerjigazetesi.ist\/en\/wp-json\/wp\/v2\/media\/73456"}],"wp:attachment":[{"href":"https:\/\/www.enerjigazetesi.ist\/en\/wp-json\/wp\/v2\/media?parent=73455"}],"wp:term":[{"taxonomy":"category","embeddable":true,"href":"https:\/\/www.enerjigazetesi.ist\/en\/wp-json\/wp\/v2\/categories?post=73455"},{"taxonomy":"post_tag","embeddable":true,"href":"https:\/\/www.enerjigazetesi.ist\/en\/wp-json\/wp\/v2\/tags?post=73455"}],"curies":[{"name":"wp","href":"https:\/\/api.w.org\/{rel}","templated":true}]}}