{"id":73404,"date":"2018-04-17T19:17:14","date_gmt":"2018-04-17T16:17:14","guid":{"rendered":"https:\/\/www.enerjigazetesi.ist\/?p=73404"},"modified":"2018-04-17T22:07:48","modified_gmt":"2018-04-17T19:07:48","slug":"gunder-bodrumda-gunes-enerjisi-uzerine-egitim-duzenledi","status":"publish","type":"post","link":"https:\/\/www.enerjigazetesi.ist\/en\/gunder-bodrumda-gunes-enerjisi-uzerine-egitim-duzenledi\/","title":{"rendered":"(Turkish) G\u00fcnder, Bodrum\u2019da \u00c7at\u0131 \u00dcst\u00fc Kurulumlar Projesi \u00dczerine E\u011fitim Verdi"},"content":{"rendered":"<p class=\"qtranxs-available-languages-message qtranxs-available-languages-message-en\">Sorry, this entry is only available in <a href=\"https:\/\/www.enerjigazetesi.ist\/tr\/wp-json\/wp\/v2\/posts\/73404\" class=\"qtranxs-available-language-link qtranxs-available-language-link-tr\" title=\"Turkish\">Turkish<\/a>. For the sake of viewer convenience, the content is shown below in the alternative language. You may click the link to switch the active language.<\/p><p><strong><img loading=\"lazy\" class=\"size-full wp-image-49165 alignright\" src=\"https:\/\/www.enerjigazetesi.ist\/wp-content\/uploads\/2016\/01\/resmi-kurum-tarafindan-yapilan-en-buyuk-cati-ustu-gunes-sistemi.jpg\" alt=\"\" width=\"300\" height=\"300\" srcset=\"https:\/\/www.enerjigazetesi.ist\/wp-content\/uploads\/2016\/01\/resmi-kurum-tarafindan-yapilan-en-buyuk-cati-ustu-gunes-sistemi.jpg 300w, https:\/\/www.enerjigazetesi.ist\/wp-content\/uploads\/2016\/01\/resmi-kurum-tarafindan-yapilan-en-buyuk-cati-ustu-gunes-sistemi-150x150.jpg 150w, https:\/\/www.enerjigazetesi.ist\/wp-content\/uploads\/2016\/01\/resmi-kurum-tarafindan-yapilan-en-buyuk-cati-ustu-gunes-sistemi-50x50.jpg 50w\" sizes=\"(max-width: 300px) 100vw, 300px\" \/><\/strong><\/p>\n<p><strong>Uluslararas\u0131 G\u00fcne\u015f Enerjisi Toplulu\u011fu G\u00dcNDER ve Bodrum Belediyesi ortakl\u0131\u011f\u0131 ile y\u00fcr\u00fct\u00fclen Sahil Kentlerinde \u00c7at\u0131 \u00dcst\u00fc Kurulumlar Projesi\u2019nin ilk iki e\u011fitimi 7 Mart- 12 Nisan tarihlerinde Bodrum\u2019da d\u00fczenlendi.<\/strong><\/p>\n<p>Turizm ve yat sekt\u00f6r\u00fc temsilcilerinin yo\u011fun kat\u0131l\u0131m g\u00f6sterdi\u011fi Sahil Kentlerinde \u00c7at\u0131 \u00dcst\u00fc Kurulumlar Projesi ile turizm sekt\u00f6r\u00fcnde g\u00fcne\u015f enerjisi kullan\u0131m\u0131n\u0131n sa\u011flayaca\u011f\u0131 avantajlar masaya yat\u0131r\u0131ld\u0131.\u00a0Proje kapsam\u0131nda d\u00fczenlenen e\u011fitimde, Bodrum Belediyesi ile konut sahiplerine g\u00fcne\u015f enerjisi mevzuat\u0131 ve kullan\u0131m\u0131n\u0131n sa\u011flayaca\u011f\u0131 avantajlar anlat\u0131ld\u0131. \u00c7al\u0131\u015fmada turizm sekt\u00f6r\u00fcn\u00fcn beklentileri ile g\u00fcne\u015f enerjisi kullan\u0131m\u0131n\u0131n \u00f6n\u00fcndeki engeller tart\u0131\u015f\u0131ld\u0131.<\/p>\n<p>Sahil Kentlerinde \u00c7at\u0131 \u00dcst\u00fc Kurulumlar Projesi odak grup toplant\u0131s\u0131n\u0131n ikincisi \u201cturizm sekt\u00f6r\u00fcnde g\u00fcne\u015f enerjisi kullan\u0131m\u0131n\u0131n art\u0131r\u0131lmas\u0131 y\u00f6n\u00fcnde \u00e7\u00f6z\u00fcm \u00f6nerileri\u201d i\u00e7eri\u011fiyle 24 May\u0131s\u2019ta Bodrum\u2019da \u00fccretsiz olarak ger\u00e7ekle\u015fecek.<\/p>","protected":false},"excerpt":{"rendered":"<p>Sorry, this entry is only available in Turkish. For the sake of viewer convenience, the content is shown below in the alternative language. You may click the link to switch the active language. Uluslararas\u0131 G\u00fcne\u015f Enerjisi Toplulu\u011fu G\u00dcNDER ve Bodrum Belediyesi ortakl\u0131\u011f\u0131 ile y\u00fcr\u00fct\u00fclen Sahil Kentlerinde \u00c7at\u0131 \u00dcst\u00fc Kurulumlar Projesi\u2019nin ilk iki e\u011fitimi 7 Mart- [&hellip;]<\/p>\n","protected":false},"author":1,"featured_media":49165,"comment_status":"open","ping_status":"open","sticky":false,"template":"","format":"standard","meta":[],"categories":[53,49],"tags":[20870,37380,67,1009,24182,1382,13,23416,23133,23131,1295],"views":697,"_links":{"self":[{"href":"https:\/\/www.enerjigazetesi.ist\/en\/wp-json\/wp\/v2\/posts\/73404"}],"collection":[{"href":"https:\/\/www.enerjigazetesi.ist\/en\/wp-json\/wp\/v2\/posts"}],"about":[{"href":"https:\/\/www.enerjigazetesi.ist\/en\/wp-json\/wp\/v2\/types\/post"}],"author":[{"embeddable":true,"href":"https:\/\/www.enerjigazetesi.ist\/en\/wp-json\/wp\/v2\/users\/1"}],"replies":[{"embeddable":true,"href":"https:\/\/www.enerjigazetesi.ist\/en\/wp-json\/wp\/v2\/comments?post=73404"}],"version-history":[{"count":4,"href":"https:\/\/www.enerjigazetesi.ist\/en\/wp-json\/wp\/v2\/posts\/73404\/revisions"}],"predecessor-version":[{"id":73408,"href":"https:\/\/www.enerjigazetesi.ist\/en\/wp-json\/wp\/v2\/posts\/73404\/revisions\/73408"}],"wp:featuredmedia":[{"embeddable":true,"href":"https:\/\/www.enerjigazetesi.ist\/en\/wp-json\/wp\/v2\/media\/49165"}],"wp:attachment":[{"href":"https:\/\/www.enerjigazetesi.ist\/en\/wp-json\/wp\/v2\/media?parent=73404"}],"wp:term":[{"taxonomy":"category","embeddable":true,"href":"https:\/\/www.enerjigazetesi.ist\/en\/wp-json\/wp\/v2\/categories?post=73404"},{"taxonomy":"post_tag","embeddable":true,"href":"https:\/\/www.enerjigazetesi.ist\/en\/wp-json\/wp\/v2\/tags?post=73404"}],"curies":[{"name":"wp","href":"https:\/\/api.w.org\/{rel}","templated":true}]}}