{"id":73376,"date":"2018-04-17T10:41:37","date_gmt":"2018-04-17T07:41:37","guid":{"rendered":"https:\/\/www.enerjigazetesi.ist\/?p=73376"},"modified":"2018-04-17T10:42:20","modified_gmt":"2018-04-17T07:42:20","slug":"ciglide-biyogazdan-elektrik-enerjisi-uretilecek","status":"publish","type":"post","link":"https:\/\/www.enerjigazetesi.ist\/en\/ciglide-biyogazdan-elektrik-enerjisi-uretilecek\/","title":{"rendered":"(Turkish) \u00c7i\u011fli\u2019de Biyogazdan Elektrik Enerjisi \u00dcretilecek"},"content":{"rendered":"<p class=\"qtranxs-available-languages-message qtranxs-available-languages-message-en\">Sorry, this entry is only available in <a href=\"https:\/\/www.enerjigazetesi.ist\/tr\/wp-json\/wp\/v2\/posts\/73376\" class=\"qtranxs-available-language-link qtranxs-available-language-link-tr\" title=\"Turkish\">Turkish<\/a>. For the sake of viewer convenience, the content is shown below in the alternative language. You may click the link to switch the active language.<\/p><p><strong>\u00c7i\u011fli\u2019nin enerji ihtiyac\u0131n\u0131 kar\u015f\u0131layabilecek kapasitedeki biyogaz tesisi, s\u0131z\u0131nt\u0131 suyu, koku ve g\u00f6r\u00fcnt\u00fc kirlili\u011fi gibi sorunlar\u0131 da b\u00fcy\u00fck \u00f6l\u00e7\u00fcde ortadan kald\u0131racak. B\u00fcy\u00fck\u015fehir Belediyesi ayr\u0131ca, 90 hektarl\u0131k b\u00f6lgenin 37 hektar\u0131n\u0131 \u201cye\u015fil alana\u201d d\u00f6n\u00fc\u015ft\u00fcrecek.<img loading=\"lazy\" class=\"alignright size-medium wp-image-73377\" src=\"https:\/\/www.enerjigazetesi.ist\/wp-content\/uploads\/2018\/04\/ciglide-biyogazdan-elektrik-enerjisi-uretilecek-300x200.jpg\" alt=\"\" width=\"300\" height=\"200\" srcset=\"https:\/\/www.enerjigazetesi.ist\/wp-content\/uploads\/2018\/04\/ciglide-biyogazdan-elektrik-enerjisi-uretilecek-300x200.jpg 300w, https:\/\/www.enerjigazetesi.ist\/wp-content\/uploads\/2018\/04\/ciglide-biyogazdan-elektrik-enerjisi-uretilecek-500x333.jpg 500w, https:\/\/www.enerjigazetesi.ist\/wp-content\/uploads\/2018\/04\/ciglide-biyogazdan-elektrik-enerjisi-uretilecek-75x50.jpg 75w, https:\/\/www.enerjigazetesi.ist\/wp-content\/uploads\/2018\/04\/ciglide-biyogazdan-elektrik-enerjisi-uretilecek.jpg 696w\" sizes=\"(max-width: 300px) 100vw, 300px\" \/><\/strong><\/p>\n<p>Kentin kat\u0131 at\u0131k sorununa kesin \u00e7\u00f6z\u00fcm amac\u0131yla kuraca\u011f\u0131 \u201cKuzey B\u00f6lgesi Kat\u0131 At\u0131k Geri D\u00f6n\u00fc\u015f\u00fcm ve Biyogaz Tesisi\u201d yeri i\u00e7in mahkeme karar\u0131n\u0131 bekleyen \u0130zmir B\u00fcy\u00fck\u015fehir Belediyesi, bir yandan da Harmandal\u0131\u2019daki d\u00fczenli kat\u0131 at\u0131k depolama alan\u0131ndaki y\u00fck\u00fcn hafifletilmesi i\u00e7in \u00e7aba sarf ediyor.<\/p>\n<p>Harmandal\u0131 D\u00fczenli Depolama Alan\u0131\u2019ndaki \u00e7\u00f6plerden elektrik enerjisi \u00fcretebilmek amac\u0131yla uzunca bir s\u00fcredir haz\u0131rl\u0131k i\u00e7inde olan \u0130zmir B\u00fcy\u00fck\u015fehir Belediyesi, \u0130zmir B\u00fcy\u00fck\u015fehir Belediyesi\u2019nin Harmandal\u0131\u2019da kurmay\u0131 planlad\u0131\u011f\u0131 15 MW enerji \u00fcretim kapasiteli biyogaz tesisi, 4 ki\u015filik bir ailenin enerji t\u00fcketim miktarlar\u0131 (Elektrik M\u00fchendisleri Odas\u0131 verilerine g\u00f6re) g\u00f6z \u00f6n\u00fcne al\u0131nd\u0131\u011f\u0131nda, yakla\u015f\u0131k olarak \u00c7i\u011fli\u2019nin t\u00fcm mahallelerinin enerji ihtiyac\u0131n\u0131 kar\u015f\u0131layabilecek g\u00fc\u00e7te olacak. Tesis, b\u00f6lgedeki s\u0131z\u0131nt\u0131 suyu, koku ve g\u00f6r\u00fcnt\u00fc kirlili\u011fi gibi sorunlar\u0131 da b\u00fcy\u00fck \u00f6l\u00e7\u00fcde ortadan kald\u0131racak. Uygulanacak rehabilitasyon projesi i\u00e7in ise 19 Nisan Per\u015fembe g\u00fcn\u00fc saat 14.00\u2019da yap\u0131m ihalesine \u00e7\u0131karak firmalardan gelen teklifleri de\u011ferlendirecek.<\/p>","protected":false},"excerpt":{"rendered":"<p>Sorry, this entry is only available in Turkish. For the sake of viewer convenience, the content is shown below in the alternative language. You may click the link to switch the active language.\u00c7i\u011fli\u2019nin enerji ihtiyac\u0131n\u0131 kar\u015f\u0131layabilecek kapasitedeki biyogaz tesisi, s\u0131z\u0131nt\u0131 suyu, koku ve g\u00f6r\u00fcnt\u00fc kirlili\u011fi gibi sorunlar\u0131 da b\u00fcy\u00fck \u00f6l\u00e7\u00fcde ortadan kald\u0131racak. B\u00fcy\u00fck\u015fehir Belediyesi ayr\u0131ca, [&hellip;]<\/p>\n","protected":false},"author":1,"featured_media":73377,"comment_status":"open","ping_status":"open","sticky":false,"template":"","format":"standard","meta":[],"categories":[22893,53],"tags":[641,37370,61,63,67,1009,37371,37372],"views":1232,"_links":{"self":[{"href":"https:\/\/www.enerjigazetesi.ist\/en\/wp-json\/wp\/v2\/posts\/73376"}],"collection":[{"href":"https:\/\/www.enerjigazetesi.ist\/en\/wp-json\/wp\/v2\/posts"}],"about":[{"href":"https:\/\/www.enerjigazetesi.ist\/en\/wp-json\/wp\/v2\/types\/post"}],"author":[{"embeddable":true,"href":"https:\/\/www.enerjigazetesi.ist\/en\/wp-json\/wp\/v2\/users\/1"}],"replies":[{"embeddable":true,"href":"https:\/\/www.enerjigazetesi.ist\/en\/wp-json\/wp\/v2\/comments?post=73376"}],"version-history":[{"count":2,"href":"https:\/\/www.enerjigazetesi.ist\/en\/wp-json\/wp\/v2\/posts\/73376\/revisions"}],"predecessor-version":[{"id":73379,"href":"https:\/\/www.enerjigazetesi.ist\/en\/wp-json\/wp\/v2\/posts\/73376\/revisions\/73379"}],"wp:featuredmedia":[{"embeddable":true,"href":"https:\/\/www.enerjigazetesi.ist\/en\/wp-json\/wp\/v2\/media\/73377"}],"wp:attachment":[{"href":"https:\/\/www.enerjigazetesi.ist\/en\/wp-json\/wp\/v2\/media?parent=73376"}],"wp:term":[{"taxonomy":"category","embeddable":true,"href":"https:\/\/www.enerjigazetesi.ist\/en\/wp-json\/wp\/v2\/categories?post=73376"},{"taxonomy":"post_tag","embeddable":true,"href":"https:\/\/www.enerjigazetesi.ist\/en\/wp-json\/wp\/v2\/tags?post=73376"}],"curies":[{"name":"wp","href":"https:\/\/api.w.org\/{rel}","templated":true}]}}