{"id":73311,"date":"2018-04-14T17:34:21","date_gmt":"2018-04-14T14:34:21","guid":{"rendered":"https:\/\/www.enerjigazetesi.ist\/?p=73311"},"modified":"2018-04-14T17:34:21","modified_gmt":"2018-04-14T14:34:21","slug":"yenilenebilir-enerji-gm-dr-oguz-can-solarex-istanbul-2018deydi","status":"publish","type":"post","link":"https:\/\/www.enerjigazetesi.ist\/en\/yenilenebilir-enerji-gm-dr-oguz-can-solarex-istanbul-2018deydi\/","title":{"rendered":"(Turkish) Yenilenebilir Enerji GM Dr. O\u011fuz CAN SOLAREX \u0130stanbul 2018\u2019deydi&#8230;"},"content":{"rendered":"<p class=\"qtranxs-available-languages-message qtranxs-available-languages-message-en\">Sorry, this entry is only available in <a href=\"https:\/\/www.enerjigazetesi.ist\/tr\/wp-json\/wp\/v2\/posts\/73311\" class=\"qtranxs-available-language-link qtranxs-available-language-link-tr\" title=\"Turkish\">Turkish<\/a>. For the sake of viewer convenience, the content is shown below in the alternative language. You may click the link to switch the active language.<\/p><p><strong>Yenilenebilir Enerji Genel M\u00fcd\u00fcr\u00fc Dr. O\u011fuz CAN ve G\u00dcNDER Y\u00f6netim Kurulu Ba\u015fkan\u0131 Kutay KALEL\u0130, SOLAREX \u0130stanbul 2018\u2019de G\u00dcNDER \u00dcyelerini ve fuar kat\u0131l\u0131mc\u0131lar\u0131n\u0131 ziyaret ettiler.<\/strong><\/p>\n<p>Yenilenebilir Enerji\u2019de T\u00fcrkiye \u00f6nemli potansiyele sahip. \u00d6zellikle G\u00fcne\u015f Enerjisindeki potansiyel <img loading=\"lazy\" class=\"alignleft size-medium wp-image-73312\" src=\"https:\/\/www.enerjigazetesi.ist\/wp-content\/uploads\/2018\/04\/yenilenebilir-enerji-gm-dr-oguz-can-solarex-istanbul-2018deydi-300x150.jpg\" alt=\"\" width=\"300\" height=\"150\" srcset=\"https:\/\/www.enerjigazetesi.ist\/wp-content\/uploads\/2018\/04\/yenilenebilir-enerji-gm-dr-oguz-can-solarex-istanbul-2018deydi-300x150.jpg 300w, https:\/\/www.enerjigazetesi.ist\/wp-content\/uploads\/2018\/04\/yenilenebilir-enerji-gm-dr-oguz-can-solarex-istanbul-2018deydi-500x250.jpg 500w, https:\/\/www.enerjigazetesi.ist\/wp-content\/uploads\/2018\/04\/yenilenebilir-enerji-gm-dr-oguz-can-solarex-istanbul-2018deydi-80x40.jpg 80w, https:\/\/www.enerjigazetesi.ist\/wp-content\/uploads\/2018\/04\/yenilenebilir-enerji-gm-dr-oguz-can-solarex-istanbul-2018deydi.jpg 640w\" sizes=\"(max-width: 300px) 100vw, 300px\" \/>Avrupa\u2019daki bir \u00e7ok \u00fclkeden \u00e7ok daha fazla. G\u00fcne\u015f Enerji sekt\u00f6r\u00fcn\u00fcn T\u00fcrkiye\u2019deki en \u00f6nemli bulu\u015fmas\u0131 SOLAREX \u0130stanbul 2018 yerli ve yabanc\u0131 firmalar\u0131n, sekt\u00f6r profesyonellerinin ve ilgililerin ak\u0131n\u0131na u\u011frad\u0131.<\/p>\n<p>Yenilenebilir Enerji Genel M\u00fcd\u00fcr\u00fc Dr. O\u011fuz CAN SOLAREX \u0130stanbul 2018\u2019e gelecek \u00f6nce G\u00dcNDER ve sekt\u00f6r temsilcileri ile bir toplant\u0131 yapt\u0131. Toplant\u0131n\u0131n ard\u0131ndan G\u00dcNDER Y\u00f6netim Kurulu Ba\u015fkan\u0131 Kutay KALEL\u0130 ve yetkililerle birlikte firmalar\u0131 ziyaret eden CAN G\u00fcne\u015f Enerji firmalar\u0131ndan yapt\u0131klar\u0131 \u00e7al\u0131\u015fmalarla ilgili bilgi ald\u0131. Son teknolojileri ve yenilikleri de inceleyen CAN sekt\u00f6r temsilcilerinin sorunlar\u0131n\u0131 dinledi gelecek hedefleri i\u00e7in isti\u015farelerde bulundu.<\/p>\n<p><iframe loading=\"lazy\" src=\"https:\/\/www.youtube.com\/embed\/aQ0Lx1Fhkjc?feature=oembed\" width=\"570\" height=\"433\" frameborder=\"0\" allowfullscreen=\"allowfullscreen\" data-mce-fragment=\"1\"><span data-mce-type=\"bookmark\" style=\"display: inline-block; width: 0px; overflow: hidden; line-height: 0;\" class=\"mce_SELRES_start\">\ufeff<\/span><\/iframe><\/p>\n<p>Voli Fuar\u2019c\u0131l\u0131k taraf\u0131ndan 5-7 Nisan \u0130stanbul Fuar merkezinde ger\u00e7ekle\u015fen G\u00fcne\u015f Enerji &amp; Teknolojileri fuar\u0131na olan ilgi olduk\u00e7a b\u00fcy\u00fckt\u00fc. \u00d6zellikle \u00c7at\u0131\u2019lara G\u00fcne\u015f Enerji teknolojilerinin \u00f6n\u00fcn\u00fcn a\u00e7\u0131lmas\u0131yla yak\u0131n d\u00f6nemde T\u00fcrkiye\u2019nin \u00e7at\u0131lar\u0131nda s\u0131kl\u0131kla G\u00fcne\u015f Enerji Sistemlerinin kurulaca\u011f\u0131 g\u00f6z\u00fck\u00fcyor.<\/p>","protected":false},"excerpt":{"rendered":"<p>Sorry, this entry is only available in Turkish. For the sake of viewer convenience, the content is shown below in the alternative language. You may click the link to switch the active language.Yenilenebilir Enerji Genel M\u00fcd\u00fcr\u00fc Dr. O\u011fuz CAN ve G\u00dcNDER Y\u00f6netim Kurulu Ba\u015fkan\u0131 Kutay KALEL\u0130, SOLAREX \u0130stanbul 2018\u2019de G\u00dcNDER \u00dcyelerini ve fuar kat\u0131l\u0131mc\u0131lar\u0131n\u0131 ziyaret [&hellip;]<\/p>\n","protected":false},"author":1,"featured_media":73312,"comment_status":"open","ping_status":"open","sticky":false,"template":"","format":"standard","meta":[],"categories":[53,49],"tags":[67,1009,1382,23416,23133,23131,35120,33385],"views":1615,"_links":{"self":[{"href":"https:\/\/www.enerjigazetesi.ist\/en\/wp-json\/wp\/v2\/posts\/73311"}],"collection":[{"href":"https:\/\/www.enerjigazetesi.ist\/en\/wp-json\/wp\/v2\/posts"}],"about":[{"href":"https:\/\/www.enerjigazetesi.ist\/en\/wp-json\/wp\/v2\/types\/post"}],"author":[{"embeddable":true,"href":"https:\/\/www.enerjigazetesi.ist\/en\/wp-json\/wp\/v2\/users\/1"}],"replies":[{"embeddable":true,"href":"https:\/\/www.enerjigazetesi.ist\/en\/wp-json\/wp\/v2\/comments?post=73311"}],"version-history":[{"count":1,"href":"https:\/\/www.enerjigazetesi.ist\/en\/wp-json\/wp\/v2\/posts\/73311\/revisions"}],"predecessor-version":[{"id":73313,"href":"https:\/\/www.enerjigazetesi.ist\/en\/wp-json\/wp\/v2\/posts\/73311\/revisions\/73313"}],"wp:featuredmedia":[{"embeddable":true,"href":"https:\/\/www.enerjigazetesi.ist\/en\/wp-json\/wp\/v2\/media\/73312"}],"wp:attachment":[{"href":"https:\/\/www.enerjigazetesi.ist\/en\/wp-json\/wp\/v2\/media?parent=73311"}],"wp:term":[{"taxonomy":"category","embeddable":true,"href":"https:\/\/www.enerjigazetesi.ist\/en\/wp-json\/wp\/v2\/categories?post=73311"},{"taxonomy":"post_tag","embeddable":true,"href":"https:\/\/www.enerjigazetesi.ist\/en\/wp-json\/wp\/v2\/tags?post=73311"}],"curies":[{"name":"wp","href":"https:\/\/api.w.org\/{rel}","templated":true}]}}