{"id":7329,"date":"2013-02-26T10:25:07","date_gmt":"2013-02-26T07:25:07","guid":{"rendered":"https:\/\/www.enerjigazetesi.ist\/?p=7329"},"modified":"2013-02-26T10:39:26","modified_gmt":"2013-02-26T07:39:26","slug":"2-elex-fuari-26-27-eylul-2013te-gerceklesecek","status":"publish","type":"post","link":"https:\/\/www.enerjigazetesi.ist\/en\/2-elex-fuari-26-27-eylul-2013te-gerceklesecek\/","title":{"rendered":"(Turkish) 2.ELEX Fuar\u0131 26-27 Eyl\u00fcl 2013&#8217;te Ger\u00e7ekle\u015fecek&#8230;"},"content":{"rendered":"<p class=\"qtranxs-available-languages-message qtranxs-available-languages-message-en\">Sorry, this entry is only available in <a href=\"https:\/\/www.enerjigazetesi.ist\/tr\/wp-json\/wp\/v2\/posts\/7329\" class=\"qtranxs-available-language-link qtranxs-available-language-link-tr\" title=\"Turkish\">Turkish<\/a>. For the sake of viewer convenience, the content is shown below in the alternative language. You may click the link to switch the active language.<\/p><p><\/p>\n<p style=\"text-align: left;\" align=\"center\"><strong>Marmara Fuarc\u0131l\u0131k, d\u00fczenleyece\u011fi 2.ELEX &#8211; Elektrik \u00c7evrimi, \u0130letimi ve Da\u011f\u0131t\u0131m\u0131 Fuar\u0131 ile elektrik sekt\u00f6r\u00fcn\u00fcn en \u00f6nemli konular\u0131ndan elektri\u011fin \u00e7evrimi, iletimi ve da\u011f\u0131t\u0131m\u0131 kapsam\u0131ndaki t\u00fcm \u00fcr\u00fcn ve hizmetleri sa\u011flayan firmalar\u0131n kat\u0131l\u0131m\u0131yla sekt\u00f6rde \u00f6nemli bir organizasyonu ger\u00e7ekle\u015ftiriyor.<\/strong><\/p>\n<p>ELEX Fuar\u0131n\u0131n amac\u0131, elektrik enerjisinin \u00fcretiminden binalar\u0131m\u0131za gelinceye kadar olan s\u00fcre\u00e7te kullan\u0131lan, en geli\u015fmi\u015f teknoloji ve kalitedeki \u00fcr\u00fcnlerin sergilenmesi ve bu sayede sekt\u00f6r\u00fcn geli\u015fimine ve yurtd\u0131\u015f\u0131ndaki ba\u011flant\u0131lar\u0131n\u0131 g\u00fc\u00e7lendirmesine katk\u0131 sa\u011flamakt\u0131r.<\/p>\n<p><img loading=\"lazy\" class=\"alignleft size-full wp-image-7330\" title=\"elex-elektrik-cevrimi-iletimi-ve-dagitimi-fuari7e0c886623\" src=\"https:\/\/www.enerjigazetesi.ist\/wp-content\/uploads\/2013\/02\/elex-elektrik-cevrimi-iletimi-ve-dagitimi-fuari7e0c886623.jpg\" alt=\"\" width=\"260\" height=\"198\" srcset=\"https:\/\/www.enerjigazetesi.ist\/wp-content\/uploads\/2013\/02\/elex-elektrik-cevrimi-iletimi-ve-dagitimi-fuari7e0c886623.jpg 260w, https:\/\/www.enerjigazetesi.ist\/wp-content\/uploads\/2013\/02\/elex-elektrik-cevrimi-iletimi-ve-dagitimi-fuari7e0c886623-65x50.jpg 65w\" sizes=\"(max-width: 260px) 100vw, 260px\" \/>Elektrik \u00fcretimi ve da\u011f\u0131t\u0131m\u0131n\u0131 yapan firmalar, transformat\u00f6rler, reg\u00fclat\u00f6r, elektrik motorlar\u0131, elektrik panolar\u0131, \u015falterler ve \u015falt malzemeler, paratoner ve topraklama sistemleri, elektrik saya\u00e7lar\u0131, ak\u0131ll\u0131 \u015febekeler, test, \u00f6l\u00e7\u00fc, bak\u0131m, taahh\u00fct firmalar\u0131, havai hat iletkenleri, enerji kablolar\u0131 gibi bir\u00e7ok \u00fcr\u00fcn sergilenerek profesyonel al\u0131c\u0131yla bulu\u015fmas\u0131 hedeflenmektedir.<\/p>\n<p><strong>Elektrik \u00c7evrimi, \u0130letimi ve Da\u011f\u0131t\u0131m\u0131 Sekt\u00f6r\u00fcn\u00fcn Tek \u0130htisas Fuar\u0131!<\/strong><\/p>\n<p>ELEX Fuar\u0131, sekt\u00f6r mensuplar\u0131yla, enerji ve elektrik sekt\u00f6r\u00fcn\u00fcn ilgili kamu kurumlar\u0131n\u0131 bir araya getirerek \u00f6nemli i\u015fbirlikleri olu\u015fmas\u0131na katk\u0131 sa\u011flamakta, ayr\u0131ca, \u00fcniversitelerle yap\u0131lan i\u015fbirlikleri sayesinde sekt\u00f6r\u00fc takip eden gen\u00e7leri bilin\u00e7lendirerek te\u015fvik etmektedir.<\/p>\n<div>\n<p><strong>ELEX 2013 Fuar\u0131ndan sonra EPECS\u201913 Konferans\u0131!<\/strong><\/p>\n<\/div>\n<p>26-29 Eyl\u00fcl 2013 tarihleri aras\u0131nda d\u00fczenlenecek olan ELEX Fuar\u0131 sonras\u0131 \u0130stanbul, 02-04 Ekim 2013 tarihinde Y\u0131ld\u0131z Teknik \u00dcniversitesi\u2019nin d\u00fczenledi\u011fi, <strong>Marmara Fuarc\u0131l\u0131k\u2019in<\/strong> organize etti\u011fi d\u00fcnyan\u0131n \u00f6nemli etkinliklerinden biri olan,<strong> <\/strong>3.EPECS, Uluslararas\u0131 Elektrik ve Enerji D\u00f6n\u00fc\u015f\u00fcm Sistemleri Konferans\u0131\u2019na ev sahipli\u011fi yapacak.<\/p>\n<p>EPECS Konferans\u0131, Birle\u015fik Arap Emrilikleri ve k\u00f6rfez b\u00f6lgesinde elektrik ve enerji alan\u0131nda bilimsel ve profesyonel etkile\u015fimi sa\u011flamak amac\u0131yla, yurtd\u0131\u015f\u0131ndan gelecek olan, akademisyen, m\u00fchendis ve uygulay\u0131c\u0131lar\u0131, g\u00fc\u00e7 sistemlerinin geli\u015fimi ile ilgili olarak bir araya getirecek.<\/p>\n<p>ELEX Fuar\u0131 kat\u0131l\u0131mc\u0131 ve ziyaret\u00e7ileri fuarda ticari ba\u011flant\u0131 kurma \u015fans\u0131na sahip olurken, EPECS Konferans\u0131\u2019na kat\u0131larak sekt\u00f6r\u00fcn geli\u015fimini takip etme, de\u011ferli akademisyenlerle bir arada bulunma \u015fans\u0131n\u0131 da bulacaklar.<\/p>\n<p>Online davetiye ve detayl\u0131 bilgi i\u00e7in i\u00e7in; \u00a0\u00a0<a href=\"http:\/\/www.elexfuari.com\">www.elexfuari.com<\/a><\/p>\n<div>\n<p><strong>MARMARA FUARCILIK HAKKINDA<\/strong><\/p>\n<\/div>\n<p>1999 y\u0131l\u0131nda kurulmu\u015f olan Marmara Tan\u0131t\u0131m Fuarc\u0131l\u0131k, T\u00fcrkiye&#8217;de \u00f6nemli fuarlar d\u00fczenlemektedir. Marmara Fuarc\u0131l\u0131k olarak \u015fu fuarlar\u0131 d\u00fczenlemektedir:<\/p>\n<p>&#8211;\u00a0\u00a0\u00a0\u00a0\u00a0 \u00a0\u00a0\u00a0\u00a0\u00a0\u00a0\u00a0\u00a0ISAF G\u00fcvenlik (19-22 EYL\u00dcL 2013)<\/p>\n<p>&#8211;\u00a0 \u00a0\u00a0\u00a0\u00a0\u00a0\u00a0\u00a0\u00a0\u00a0\u00a0\u00a0\u00a0ISAF Yang\u0131n (19-22 EYL\u00dcL 2013)<\/p>\n<p>&#8211;\u00a0\u00a0\u00a0\u00a0\u00a0\u00a0\u00a0\u00a0\u00a0\u00a0\u00a0\u00a0\u00a0 ISAF \u0130\u015f g\u00fcvenli\u011fi ve Yang\u0131n (19-22 EYL\u00dcL 2013)<\/p>\n<p>&#8211;\u00a0\u00a0\u00a0\u00a0\u00a0\u00a0\u00a0\u00a0\u00a0\u00a0\u00a0\u00a0\u00a0 ISAF Bilgi, Data, Network G\u00fcvenli\u011fi (19-22 EYL\u00dcL 2013)<\/p>\n<p>&#8211;\u00a0\u00a0\u00a0\u00a0\u00a0\u00a0\u00a0\u00a0\u00a0\u00a0\u00a0\u00a0\u00a0 ISAF Ak\u0131ll\u0131 Binalar, Bina Otomasyonu (19-22 EYL\u00dcL 2013)<\/p>\n<p>&#8211;\u00a0\u00a0\u00a0\u00a0\u00a0\u00a0\u00a0\u00a0\u00a0 \u00a0\u00a0\u00a0\u00a0LED&amp;LED LIGHTING (26-29 EYL\u00dcL 2013)<\/p>\n<p>&#8211;\u00a0\u00a0\u00a0\u00a0\u00a0\u00a0\u00a0\u00a0\u00a0\u00a0\u00a0\u00a0\u00a0\u00a0ELEX (Elektrik \u00c7evrimi, \u0130letimi ve Da\u011f\u0131t\u0131m\u0131 Fuar\u0131)(26-29 EYL\u00dcL 2013)<\/p>\n<p>&#8211;\u00a0\u00a0\u00a0\u00a0 \u00a0\u00a0\u00a0\u00a0\u00a0\u00a0\u00a0\u00a0\u00a0ELECTRONIST (26-29 EYL\u00dcL 2013)<\/p>\n<p>Ayr\u0131ca T\u00fcrkiye\u2019nin tek LED ve LED ayd\u0131nlatma dergisi Led&amp;Lighting\u2019i ve yang\u0131n ve g\u00fcvenlik alan\u0131nda lider dergi a&amp;s T\u00fcrkiye\u2019yi yay\u0131nlamaktad\u0131r.<\/p>\n<p><strong>Bilgi i\u00e7in;<\/strong><\/p>\n<p>Organizasyon Departman\u0131<\/p>\n<p>\u00d6zge Dilsiz Dumlu<\/p>\n<p>Organizasyon Sorumlusu<\/p>\n<p>Tel: 0212 503 32 32<\/p>\n<p>E-mail: <a href=\"mailto:ozge.dumlu@marmarafuar.com.tr\">ozge.dumlu@marmarafuar.com.tr<\/a><\/p>\n<p style=\"text-align: left;\" align=\"center\">Kaynak: <a href=\"https:\/\/www.enerjigazetesi.ist\" target=\"_blank\">Enerji Gazetesi<\/a><\/p>\n<p><\/p>","protected":false},"excerpt":{"rendered":"<p>Sorry, this entry is only available in Turkish. For the sake of viewer convenience, the content is shown below in the alternative language. You may click the link to switch the active language. Marmara Fuarc\u0131l\u0131k, d\u00fczenleyece\u011fi 2.ELEX &#8211; Elektrik \u00c7evrimi, \u0130letimi ve Da\u011f\u0131t\u0131m\u0131 Fuar\u0131 ile elektrik sekt\u00f6r\u00fcn\u00fcn en \u00f6nemli konular\u0131ndan elektri\u011fin \u00e7evrimi, iletimi ve da\u011f\u0131t\u0131m\u0131 [&hellip;]<\/p>\n","protected":false},"author":1,"featured_media":7330,"comment_status":"open","ping_status":"open","sticky":false,"template":"","format":"standard","meta":[],"categories":[51,53],"tags":[2897,2896,170,2479,2895,67],"views":839,"_links":{"self":[{"href":"https:\/\/www.enerjigazetesi.ist\/en\/wp-json\/wp\/v2\/posts\/7329"}],"collection":[{"href":"https:\/\/www.enerjigazetesi.ist\/en\/wp-json\/wp\/v2\/posts"}],"about":[{"href":"https:\/\/www.enerjigazetesi.ist\/en\/wp-json\/wp\/v2\/types\/post"}],"author":[{"embeddable":true,"href":"https:\/\/www.enerjigazetesi.ist\/en\/wp-json\/wp\/v2\/users\/1"}],"replies":[{"embeddable":true,"href":"https:\/\/www.enerjigazetesi.ist\/en\/wp-json\/wp\/v2\/comments?post=7329"}],"version-history":[{"count":3,"href":"https:\/\/www.enerjigazetesi.ist\/en\/wp-json\/wp\/v2\/posts\/7329\/revisions"}],"predecessor-version":[{"id":7338,"href":"https:\/\/www.enerjigazetesi.ist\/en\/wp-json\/wp\/v2\/posts\/7329\/revisions\/7338"}],"wp:featuredmedia":[{"embeddable":true,"href":"https:\/\/www.enerjigazetesi.ist\/en\/wp-json\/wp\/v2\/media\/7330"}],"wp:attachment":[{"href":"https:\/\/www.enerjigazetesi.ist\/en\/wp-json\/wp\/v2\/media?parent=7329"}],"wp:term":[{"taxonomy":"category","embeddable":true,"href":"https:\/\/www.enerjigazetesi.ist\/en\/wp-json\/wp\/v2\/categories?post=7329"},{"taxonomy":"post_tag","embeddable":true,"href":"https:\/\/www.enerjigazetesi.ist\/en\/wp-json\/wp\/v2\/tags?post=7329"}],"curies":[{"name":"wp","href":"https:\/\/api.w.org\/{rel}","templated":true}]}}