{"id":73246,"date":"2018-04-12T11:53:06","date_gmt":"2018-04-12T08:53:06","guid":{"rendered":"https:\/\/www.enerjigazetesi.ist\/?p=73246"},"modified":"2018-04-12T11:53:27","modified_gmt":"2018-04-12T08:53:27","slug":"termik-santral-rehabilitasyon-calismasi-bereket-enerjiye-odul-kazandirdi","status":"publish","type":"post","link":"https:\/\/www.enerjigazetesi.ist\/en\/termik-santral-rehabilitasyon-calismasi-bereket-enerjiye-odul-kazandirdi\/","title":{"rendered":"(Turkish) Termik Santral Rehabilitasyon \u00c7al\u0131\u015fmas\u0131 Bereket&#8217;e \u00d6d\u00fcl Kazand\u0131rd\u0131"},"content":{"rendered":"<p class=\"qtranxs-available-languages-message qtranxs-available-languages-message-en\">Sorry, this entry is only available in <a href=\"https:\/\/www.enerjigazetesi.ist\/tr\/wp-json\/wp\/v2\/posts\/73246\" class=\"qtranxs-available-language-link qtranxs-available-language-link-tr\" title=\"Turkish\">Turkish<\/a>. For the sake of viewer convenience, the content is shown below in the alternative language. You may click the link to switch the active language.<\/p><p><strong>\u00dcnl\u00fc \u015eair Orhan Veli Kan\u0131k\u2019\u0131n \u201cY\u00fcz karas\u0131 de\u011fil, k\u00f6m\u00fcr karas\u0131\u201d isimli \u015fiirinde dizelere d\u00f6kt\u00fc\u011f\u00fc; \u201cSiyah akar Zongulda\u011f\u0131n deresi\/ Y\u00fcz karas\u0131 de\u011fil, k\u00f6m\u00fcr karas\u0131\/ B\u00f6yle kazan\u0131l\u0131r ekmek paras\u0131?\u201d s\u00f6zleri art\u0131k Yata\u011fan ve \u00c7atala\u011fz\u0131\u2019n\u0131n kaderi ve al\u0131nyaz\u0131s\u0131 olmaktan \u00e7\u0131kt\u0131\u2026<\/strong><\/p>\n<p><span id=\"more-99296\"><\/span>Mu\u011fla\u2019daki Yata\u011fan ve Zonguldak\u2019taki \u00c7atala\u011fz\u0131 termik santrallerini b\u00fcnyesinde bar\u0131nd\u0131ran Denizlili Bereket Enerji Grubu, son 3-4 y\u0131lda ger\u00e7ekle\u015ftirdi\u011fi ve teknolojinin \u00f6n planda oldu\u011fu rehabilitasyon <img loading=\"lazy\" class=\"alignleft size-medium wp-image-73247\" src=\"https:\/\/www.enerjigazetesi.ist\/wp-content\/uploads\/2018\/04\/termik-santral-rehabilitasyon-calismasi-bereket-enerjiye-odul-kazandirdi-300x163.jpg\" alt=\"\" width=\"300\" height=\"163\" srcset=\"https:\/\/www.enerjigazetesi.ist\/wp-content\/uploads\/2018\/04\/termik-santral-rehabilitasyon-calismasi-bereket-enerjiye-odul-kazandirdi-300x163.jpg 300w, https:\/\/www.enerjigazetesi.ist\/wp-content\/uploads\/2018\/04\/termik-santral-rehabilitasyon-calismasi-bereket-enerjiye-odul-kazandirdi-500x271.jpg 500w, https:\/\/www.enerjigazetesi.ist\/wp-content\/uploads\/2018\/04\/termik-santral-rehabilitasyon-calismasi-bereket-enerjiye-odul-kazandirdi-80x43.jpg 80w, https:\/\/www.enerjigazetesi.ist\/wp-content\/uploads\/2018\/04\/termik-santral-rehabilitasyon-calismasi-bereket-enerjiye-odul-kazandirdi.jpg 696w\" sizes=\"(max-width: 300px) 100vw, 300px\" \/>\u00e7al\u0131\u015fmalar\u0131 nedeniyle bu iki il\u00e7eyi kirlilikten ar\u0131nm\u0131\u015f bir hale getirdi. Enerji Bakanl\u0131\u011f\u0131\u2019n\u0131n ana destek\u00e7i oldu\u011fu K\u00f6m\u00fcr \u00dcreticileri Derne\u011fi taraf\u0131ndan d\u00fczenlenen 2. T\u00fcrkiye K\u00f6m\u00fcr Zirvesi\u2019nde, Yata\u011fan ve \u00c7atala\u011fz\u0131 termik santrallar\u0131ndaki rehabilitasyon \u00e7al\u0131\u015fmalar\u0131 nedeniyle Bereket Enerji Grubuna \u2018\u2019Yat\u0131r\u0131m \u00d6d\u00fcl\u00fc\u2019\u2019 verildi.<\/p>\n<p>Milli Enerji vurgusunun yap\u0131ld\u0131\u011f\u0131 ve yerli k\u00f6m\u00fcr ile yerli teknolojilerin ele al\u0131nd\u0131\u011f\u0131 zirve \u0130stanbul\u2019da ba\u015flad\u0131. Zirvede, T\u00fcrkiye\u2019nin cari a\u00e7\u0131\u011f\u0131n\u0131n \u00f6nemli b\u00f6l\u00fcm\u00fcn\u00fcn enerjiden kaynakland\u0131\u011f\u0131 belirtilerek, yerli kaynaklar\u0131n mutlaka de\u011ferlendirilmesi gerekti\u011fi belirtildi. Enerji Bakanl\u0131\u011f\u0131 yetkilileri, T\u00fcrkiye K\u00f6m\u00fcr \u0130\u015fletmecileri y\u00f6neticileri, k\u00f6m\u00fcr \u00fcreticileri, t\u00fcketicileri ve teknoloji tedarik\u00e7ilerini bulu\u015fturan zirvede Bereket Enerji g\u00f6rsellerde \u2018\u2019Temiz bir k\u00f6m\u00fcr enerjisi m\u00fcmk\u00fcn\u2019\u2019 mesaj\u0131n\u0131n yer ald\u0131\u011f\u0131 pankartlar\u0131 asarak fark\u0131ndal\u0131k yaratt\u0131. Zirvede, Bereket Enerji\u2019nin termik santral b\u00f6lgelerinde \u00f6zelle\u015ftirmeden sonra 3 y\u0131l i\u00e7inde 632 hektar alanda 1 milyon 252 bin adet a\u011fa\u00e7 fidan\u0131 dikimini ger\u00e7ekle\u015ftirilmesi \u00e7evre duyarl\u0131l\u0131\u011f\u0131 a\u00e7\u0131s\u0131ndan takdirle kar\u015f\u0131land\u0131.<\/p>\n<p>T\u00fcrkiye K\u00f6m\u00fcr Zirvesinde, 2014 y\u0131l\u0131 sonunda \u00f6zelle\u015fen Mu\u011fla\u2019daki Yata\u011fan ve Zonguldak\u2019taki \u00c7atala\u011fz\u0131 termik santrallar\u0131n\u0131 b\u00fcnyesine katan Bereket Enerji Grubu, teknolojinin \u00f6n planda oldu\u011fu rehabilitasyon \u00e7al\u0131\u015fmalar\u0131 nedeniyle \u2018\u2019Yat\u0131r\u0131m \u00d6d\u00fcl\u00fc\u2019\u2019 ne lay\u0131k g\u00f6r\u00fcld\u00fc. Bereket Enerji\u2019ye \u00f6d\u00fcl\u00fcn\u00fc T\u00fcrkiye K\u00f6m\u00fcr \u0130\u015fletmeleri Genel M\u00fcd\u00fcr\u00fc \u00d6mer Bayrak, \u00c7atala\u011fz\u0131 Termik Santral Direkt\u00f6r\u00fc Harun Sar\u0131\u2019ya t\u00f6renle verdi.<\/p>","protected":false},"excerpt":{"rendered":"<p>Sorry, this entry is only available in Turkish. For the sake of viewer convenience, the content is shown below in the alternative language. You may click the link to switch the active language.\u00dcnl\u00fc \u015eair Orhan Veli Kan\u0131k\u2019\u0131n \u201cY\u00fcz karas\u0131 de\u011fil, k\u00f6m\u00fcr karas\u0131\u201d isimli \u015fiirinde dizelere d\u00f6kt\u00fc\u011f\u00fc; \u201cSiyah akar Zongulda\u011f\u0131n deresi\/ Y\u00fcz karas\u0131 de\u011fil, k\u00f6m\u00fcr karas\u0131\/ [&hellip;]<\/p>\n","protected":false},"author":1,"featured_media":73247,"comment_status":"open","ping_status":"open","sticky":false,"template":"","format":"standard","meta":[],"categories":[53,24649],"tags":[4720,67,1009,1675,37336,438,37337],"views":981,"_links":{"self":[{"href":"https:\/\/www.enerjigazetesi.ist\/en\/wp-json\/wp\/v2\/posts\/73246"}],"collection":[{"href":"https:\/\/www.enerjigazetesi.ist\/en\/wp-json\/wp\/v2\/posts"}],"about":[{"href":"https:\/\/www.enerjigazetesi.ist\/en\/wp-json\/wp\/v2\/types\/post"}],"author":[{"embeddable":true,"href":"https:\/\/www.enerjigazetesi.ist\/en\/wp-json\/wp\/v2\/users\/1"}],"replies":[{"embeddable":true,"href":"https:\/\/www.enerjigazetesi.ist\/en\/wp-json\/wp\/v2\/comments?post=73246"}],"version-history":[{"count":2,"href":"https:\/\/www.enerjigazetesi.ist\/en\/wp-json\/wp\/v2\/posts\/73246\/revisions"}],"predecessor-version":[{"id":73249,"href":"https:\/\/www.enerjigazetesi.ist\/en\/wp-json\/wp\/v2\/posts\/73246\/revisions\/73249"}],"wp:featuredmedia":[{"embeddable":true,"href":"https:\/\/www.enerjigazetesi.ist\/en\/wp-json\/wp\/v2\/media\/73247"}],"wp:attachment":[{"href":"https:\/\/www.enerjigazetesi.ist\/en\/wp-json\/wp\/v2\/media?parent=73246"}],"wp:term":[{"taxonomy":"category","embeddable":true,"href":"https:\/\/www.enerjigazetesi.ist\/en\/wp-json\/wp\/v2\/categories?post=73246"},{"taxonomy":"post_tag","embeddable":true,"href":"https:\/\/www.enerjigazetesi.ist\/en\/wp-json\/wp\/v2\/tags?post=73246"}],"curies":[{"name":"wp","href":"https:\/\/api.w.org\/{rel}","templated":true}]}}