{"id":73239,"date":"2018-04-12T08:57:38","date_gmt":"2018-04-12T05:57:38","guid":{"rendered":"https:\/\/www.enerjigazetesi.ist\/?p=73239"},"modified":"2018-04-12T08:58:31","modified_gmt":"2018-04-12T05:58:31","slug":"solarcati-yeni-cati-mevzuatiyla-ges-yatirimcisinin-ihtiyaclarini-degerlendirdi","status":"publish","type":"post","link":"https:\/\/www.enerjigazetesi.ist\/en\/solarcati-yeni-cati-mevzuatiyla-ges-yatirimcisinin-ihtiyaclarini-degerlendirdi\/","title":{"rendered":"(Turkish) Solar\u00e7at\u0131, GES Yat\u0131r\u0131mc\u0131s\u0131n\u0131n \u0130htiya\u00e7lar\u0131n\u0131 De\u011ferlendirdi"},"content":{"rendered":"<p class=\"qtranxs-available-languages-message qtranxs-available-languages-message-en\">Sorry, this entry is only available in <a href=\"https:\/\/www.enerjigazetesi.ist\/tr\/wp-json\/wp\/v2\/posts\/73239\" class=\"qtranxs-available-language-link qtranxs-available-language-link-tr\" title=\"Turkish\">Turkish<\/a>. For the sake of viewer convenience, the content is shown below in the alternative language. You may click the link to switch the active language.<\/p><p><\/p>\n<h3>T\u00fcrkiye\u2019nin ilk g\u00fcne\u015f enerjisi start-up\u2019lar\u0131ndan Solar\u00e7at\u0131, Solarex 2018\u2019de ziyaret\u00e7ilerini gelece\u011fin enerjisini \u015fekillendirmeye davet etti. Ayr\u0131ca Solar\u00e7at\u0131, \u201c1-10 kW yeni \u00e7at\u0131 mevzuat\u0131 ve Almanya kar\u015f\u0131la\u015ft\u0131rmas\u0131\u201d ba\u015fl\u0131kl\u0131 konferansta ziyaret\u00e7ilerinin sorular\u0131n\u0131 yan\u0131tlad\u0131.<\/h3>\n<p>R\u00fczgar ve g\u00fcne\u015f enerjisi sekt\u00f6r\u00fcnde faaliyet g\u00f6steren proje geli\u015ftirme y\u00f6netimi \u015firketi RKT Enerji\u2019nin giri\u015fimi\u00a0<strong>Solar\u00e7at\u0131<\/strong>, bu y\u0131l 5 \u2013 7 Nisan 2018 tarihleri aras\u0131nda \u0130stanbul Fuar Merkezi\u2019nde 11\u2019inci kez <img loading=\"lazy\" class=\"alignleft size-medium wp-image-73240\" src=\"https:\/\/www.enerjigazetesi.ist\/wp-content\/uploads\/2018\/04\/solarcati-yeni-cati-mevzuati-ile-ges-yatirimcisinin-ihtiyaclarini-degerlendirdi-300x200.jpg\" alt=\"\" width=\"300\" height=\"200\" srcset=\"https:\/\/www.enerjigazetesi.ist\/wp-content\/uploads\/2018\/04\/solarcati-yeni-cati-mevzuati-ile-ges-yatirimcisinin-ihtiyaclarini-degerlendirdi-300x200.jpg 300w, https:\/\/www.enerjigazetesi.ist\/wp-content\/uploads\/2018\/04\/solarcati-yeni-cati-mevzuati-ile-ges-yatirimcisinin-ihtiyaclarini-degerlendirdi-768x512.jpg 768w, https:\/\/www.enerjigazetesi.ist\/wp-content\/uploads\/2018\/04\/solarcati-yeni-cati-mevzuati-ile-ges-yatirimcisinin-ihtiyaclarini-degerlendirdi-1024x683.jpg 1024w, https:\/\/www.enerjigazetesi.ist\/wp-content\/uploads\/2018\/04\/solarcati-yeni-cati-mevzuati-ile-ges-yatirimcisinin-ihtiyaclarini-degerlendirdi-500x333.jpg 500w, https:\/\/www.enerjigazetesi.ist\/wp-content\/uploads\/2018\/04\/solarcati-yeni-cati-mevzuati-ile-ges-yatirimcisinin-ihtiyaclarini-degerlendirdi-75x50.jpg 75w, https:\/\/www.enerjigazetesi.ist\/wp-content\/uploads\/2018\/04\/solarcati-yeni-cati-mevzuati-ile-ges-yatirimcisinin-ihtiyaclarini-degerlendirdi.jpg 1368w\" sizes=\"(max-width: 300px) 100vw, 300px\" \/>d\u00fczenlenen Solarex 2018 \u2013Uluslararas\u0131 G\u00fcne\u015f Enerjisi ve Teknolojileri Fuar\u0131\u2019nda ziyaret\u00e7ileriyle bulu\u015ftu.3 g\u00fcn s\u00fcren fuarda, Solar\u00e7at\u0131\u2019n\u0131n ev kurumlar\u0131na y\u00f6nelik \u00e7\u00f6z\u00fcmleri yo\u011fun ilgi ile kar\u015f\u0131la\u015ft\u0131.<\/p>\n<p>RKT Enerji\u2019nin r\u00fczgar ve g\u00fcne\u015f enerjisi proje geli\u015ftirme deneyimi ile son kullan\u0131c\u0131n\u0131n \u00e7at\u0131 \u00fcst\u00fc panel kurulumu taleplerine dair 360 derece dan\u0131\u015fmanl\u0131k ve kurulum hizmeti vermek \u00fczere 2017\u2019nin son \u00e7eyre\u011finde yola \u00e7\u0131kan T\u00fcrkiye\u2019nin ilk g\u00fcne\u015f enerjisi giri\u015fimlerinden biri olan\u00a0<strong>Solar\u00e7at\u0131<\/strong>, villa \u2013 m\u00fcstakil ev, apartman, ticari binalar ile \u015febeke ba\u011flant\u0131s\u0131 olmayan yayla ve ba\u011f evlerine g\u00fcne\u015ften elektrik \u00fcretme imkan\u0131 sunan rehberlik, projelendirme, finansman ve kurulum hizmetlerini tek platformda sunuyor.<\/p>\n<p><strong>Mevzuata y\u00f6n veren giri\u015fimcilik<i>: \u201c1 MW\u2019l\u0131k GES yat\u0131r\u0131mc\u0131s\u0131 ile 3 kW\u2019l\u0131k GES yat\u0131r\u0131mc\u0131s\u0131n\u0131n ihtiya\u00e7lar\u0131 ve almas\u0131 gereken hizmet ayn\u0131.\u201d<\/i><\/strong><\/p>\n<p>Solar\u00e7at\u0131, Solarex 2018\u2019de T\u00fcrkiye\u2019deki \u00e7at\u0131 \u00fcst\u00fc panel kurulum s\u00fcre\u00e7leri ile g\u00fcne\u015f enerjisinden elektrik \u00fcretme konusunda uzmanla\u015fm\u0131\u015f \u00fclkelerden biri olan Almanya\u2019daki \u00e7at\u0131 \u00fcst\u00fc g\u00fcne\u015f enerjisi santrali kurulum s\u00fcre\u00e7lerini k\u0131yaslad\u0131\u011f\u0131 \u201c<strong>1-10 kW Yeni \u00c7at\u0131 Mevzuat\u0131 ve Almanya Kar\u015f\u0131la\u015ft\u0131rmas\u0131<\/strong>\u201d isimli konferans\u0131nda, mevzuata y\u00f6n veren uzmanl\u0131\u011f\u0131 ile kat\u0131l\u0131mc\u0131lar\u0131n\u0131n teknik prosed\u00fcr ve ak\u0131\u015f ile ilgili sorular\u0131n\u0131 yan\u0131tlad\u0131.\u00a0<strong>Solar\u00e7at\u0131 Kurucusu Utku Korkmaz<\/strong>, \u201c<strong><i>1 MW\u2019l\u0131k GES yat\u0131r\u0131mc\u0131s\u0131 ile 3 kW\u2019l\u0131k GES yat\u0131r\u0131mc\u0131s\u0131n\u0131n ihtiyaclar\u0131 ve almas\u0131 gereken hizmet ayn\u0131d\u0131r. 1 MW l\u0131k bir santral yat\u0131r\u0131mc\u0131s\u0131 1 milyon dolarl\u0131k bir g\u00fcne\u015f santrali yat\u0131r\u0131m\u0131 yaparken, proje geli\u015ftirme, ba\u011f\u0131ms\u0131z dan\u0131\u015fman, i\u015fveren m\u00fchendisi ve kurulum firmalar\u0131 ile \u00e7al\u0131\u015fmakta olup, bu \u015fekilde yat\u0131r\u0131mlar\u0131n\u0131 g\u00fcvence alt\u0131na al\u0131p ve en iyi \u015fekilde yapmay\u0131 hedeflemektedir. Solar\u00e7at\u0131 ile ayn\u0131 deneyimi k\u00fc\u00e7\u00fck konut ve i\u015f yerlerine de sunmak istiyoruz. Amac\u0131m\u0131z m\u00fc\u015fterilerimizin, b\u00fcy\u00fck kurulum yapan \u015firketlerle ayn\u0131 kalitede hizmet almalar\u0131 ve t\u00fcm s\u00fcre\u00e7lerini tek bir portaldan uluslararas\u0131 standartlarda ger\u00e7ekle\u015ftirebilmeleri<\/i><\/strong>\u201d dedi. Ayr\u0131ca konferanstan \u00f6ne \u00e7\u0131kan \u00fc\u00e7 maddeyi \u00f6rnek \u00fczerinden anlatan Korkmaz s\u00f6zlerini \u015f\u00f6yle \u00f6zetledi:\u00a0<strong><i>\u201c\u00d6rne\u011fin, Bodrum\u2019daki 3 kW\u2019l\u0131k kurulum i\u00e7in Bodrum, Mu\u011fla ve Denizli\u2019yi ziyaret eden rota tek bir yerde halledilebilir. S\u00fcre\u00e7 Bodrum\u2019da bitebilir. \u00c7a\u011fr\u0131 mektubu ba\u015fvuru, tebli\u011f, proje onay, ba\u011flant\u0131 anla\u015fmas\u0131, kurulum, \u00f6n kabul, ge\u00e7ici kabul, sistem kullan\u0131m anla\u015fmas\u0131 s\u00fcreci yerini \u2018ba\u015fvur-kur-devreye al\u2019 form\u00fcl\u00fcne b\u0131rakabilir. Mevcut d\u00fczende yakla\u015f\u0131k 6 ila 9 ay aras\u0131nda tamamlan\u0131rken, toplamda 1 aya indirebilir<\/i><\/strong>.\u201d<\/p>","protected":false},"excerpt":{"rendered":"<p>Sorry, this entry is only available in Turkish. For the sake of viewer convenience, the content is shown below in the alternative language. You may click the link to switch the active language. T\u00fcrkiye\u2019nin ilk g\u00fcne\u015f enerjisi start-up\u2019lar\u0131ndan Solar\u00e7at\u0131, Solarex 2018\u2019de ziyaret\u00e7ilerini gelece\u011fin enerjisini \u015fekillendirmeye davet etti. Ayr\u0131ca Solar\u00e7at\u0131, \u201c1-10 kW yeni \u00e7at\u0131 mevzuat\u0131 ve [&hellip;]<\/p>\n","protected":false},"author":1,"featured_media":73240,"comment_status":"open","ping_status":"open","sticky":false,"template":"","format":"standard","meta":[],"categories":[53,49],"tags":[67,1009,2326,23416,1876,23131,37057,37334,37114],"views":1050,"_links":{"self":[{"href":"https:\/\/www.enerjigazetesi.ist\/en\/wp-json\/wp\/v2\/posts\/73239"}],"collection":[{"href":"https:\/\/www.enerjigazetesi.ist\/en\/wp-json\/wp\/v2\/posts"}],"about":[{"href":"https:\/\/www.enerjigazetesi.ist\/en\/wp-json\/wp\/v2\/types\/post"}],"author":[{"embeddable":true,"href":"https:\/\/www.enerjigazetesi.ist\/en\/wp-json\/wp\/v2\/users\/1"}],"replies":[{"embeddable":true,"href":"https:\/\/www.enerjigazetesi.ist\/en\/wp-json\/wp\/v2\/comments?post=73239"}],"version-history":[{"count":2,"href":"https:\/\/www.enerjigazetesi.ist\/en\/wp-json\/wp\/v2\/posts\/73239\/revisions"}],"predecessor-version":[{"id":73242,"href":"https:\/\/www.enerjigazetesi.ist\/en\/wp-json\/wp\/v2\/posts\/73239\/revisions\/73242"}],"wp:featuredmedia":[{"embeddable":true,"href":"https:\/\/www.enerjigazetesi.ist\/en\/wp-json\/wp\/v2\/media\/73240"}],"wp:attachment":[{"href":"https:\/\/www.enerjigazetesi.ist\/en\/wp-json\/wp\/v2\/media?parent=73239"}],"wp:term":[{"taxonomy":"category","embeddable":true,"href":"https:\/\/www.enerjigazetesi.ist\/en\/wp-json\/wp\/v2\/categories?post=73239"},{"taxonomy":"post_tag","embeddable":true,"href":"https:\/\/www.enerjigazetesi.ist\/en\/wp-json\/wp\/v2\/tags?post=73239"}],"curies":[{"name":"wp","href":"https:\/\/api.w.org\/{rel}","templated":true}]}}