{"id":73207,"date":"2018-04-11T11:45:29","date_gmt":"2018-04-11T08:45:29","guid":{"rendered":"https:\/\/www.enerjigazetesi.ist\/?p=73207"},"modified":"2018-04-11T11:45:29","modified_gmt":"2018-04-11T08:45:29","slug":"basaksehir-belediyesinden-buyuk-parklara-elektrikli-arac-sarj-istasyonu","status":"publish","type":"post","link":"https:\/\/www.enerjigazetesi.ist\/en\/basaksehir-belediyesinden-buyuk-parklara-elektrikli-arac-sarj-istasyonu\/","title":{"rendered":"(Turkish) Ba\u015fak\u015fehir Belediyesi&#8217;nden B\u00fcy\u00fck Parklara Elektrikli Ara\u00e7 \u015earj \u0130stasyonu"},"content":{"rendered":"<p class=\"qtranxs-available-languages-message qtranxs-available-languages-message-en\">Sorry, this entry is only available in <a href=\"https:\/\/www.enerjigazetesi.ist\/tr\/wp-json\/wp\/v2\/posts\/73207\" class=\"qtranxs-available-language-link qtranxs-available-language-link-tr\" title=\"Turkish\">Turkish<\/a>. For the sake of viewer convenience, the content is shown below in the alternative language. You may click the link to switch the active language.<\/p><p><strong>Ba\u015fak\u015fehir Belediyesi taraf\u0131ndan \u00e7evre dostu elektrikli ara\u00e7lar i\u00e7in ba\u015flatt\u0131\u011f\u0131 fizibilite ve altyap\u0131 \u00e7al\u0131\u015fmalar\u0131 s\u00fcr\u00fcyor. \u00c7al\u0131\u015fmalar kapsam\u0131nda il\u00e7edeki ilk elektrikli ara\u00e7 \u015farj \u00fcniteleri Hayatpark\u2019a kuruldu.<\/strong><\/p>\n<p><img loading=\"lazy\" class=\"alignleft size-medium wp-image-70869\" src=\"https:\/\/www.enerjigazetesi.ist\/wp-content\/uploads\/2018\/01\/yorum-elektrikli-araclar-ve-yenilenebilir-enerji-300x138.jpg\" alt=\"\" width=\"300\" height=\"138\" srcset=\"https:\/\/www.enerjigazetesi.ist\/wp-content\/uploads\/2018\/01\/yorum-elektrikli-araclar-ve-yenilenebilir-enerji-300x138.jpg 300w, https:\/\/www.enerjigazetesi.ist\/wp-content\/uploads\/2018\/01\/yorum-elektrikli-araclar-ve-yenilenebilir-enerji-500x229.jpg 500w, https:\/\/www.enerjigazetesi.ist\/wp-content\/uploads\/2018\/01\/yorum-elektrikli-araclar-ve-yenilenebilir-enerji-80x37.jpg 80w, https:\/\/www.enerjigazetesi.ist\/wp-content\/uploads\/2018\/01\/yorum-elektrikli-araclar-ve-yenilenebilir-enerji.jpg 696w\" sizes=\"(max-width: 300px) 100vw, 300px\" \/>Bah\u00e7e\u015fehir 2. K\u0131s\u0131m Mahallesi\u2019nde modern konutlar\u0131n y\u00fckseldi\u011fi Ho\u015fdere mevkiinde in\u015fa edilen ve yak\u0131n zamanda hizmete a\u00e7\u0131lmas\u0131 hedeflenen Hayatpark\u2019a 4 adet elektrikli ara\u00e7 \u015farj \u00fcnitesi yerle\u015ftirildi. Kendi elektri\u011fini \u00fcretiyor. \u00c7evre dostu \u015farj \u00fcniteleri, ayn\u0131 zamanda g\u00fcne\u015f enerji panelleri ile destekleniyor. Elektrikli ara\u00e7lar i\u00e7in gerekli enerjinin \u00f6nemli bir k\u0131sm\u0131n\u0131 g\u00fcne\u015f \u0131\u015f\u0131\u011f\u0131ndan \u00fcretecek \u015farj \u00fcniteleri, b\u00f6lge sakinleri ba\u015fta olmak \u00fczere Hayatpark\u2019\u0131 ziyaret edecek hibrit ara\u00e7 sahiplerinin ihtiyac\u0131na yan\u0131t verecek.<\/p>\n<p>Elektrikli ara\u00e7lar\u0131n yayg\u0131nla\u015fmaya ba\u015flad\u0131\u011f\u0131 g\u00fcn\u00fcm\u00fczde sadece bug\u00fcn\u00fcn de\u011fil yar\u0131n\u0131n ihtiya\u00e7lar\u0131 do\u011frultusunda yat\u0131r\u0131mlar yapt\u0131klar\u0131n\u0131 belirten Ba\u015fak\u015fehir Belediye Ba\u015fkan\u0131 Yasin Karto\u011flu, \u201d\u0130stanbul\u2019un ki\u015fi ba\u015f\u0131na d\u00fc\u015fen en y\u00fcksek (20,7 m2) il\u00e7esi olarak \u00e7evre dostu uygulamalar\u0131m\u0131zda \u00f6zellikle g\u00fcne\u015f enerjisi gibi alternatif enerji kaynaklar\u0131n\u0131 kullanmaya gayret g\u00f6steriyoruz.&#8221; dedi.<\/p>","protected":false},"excerpt":{"rendered":"<p>Sorry, this entry is only available in Turkish. For the sake of viewer convenience, the content is shown below in the alternative language. You may click the link to switch the active language.Ba\u015fak\u015fehir Belediyesi taraf\u0131ndan \u00e7evre dostu elektrikli ara\u00e7lar i\u00e7in ba\u015flatt\u0131\u011f\u0131 fizibilite ve altyap\u0131 \u00e7al\u0131\u015fmalar\u0131 s\u00fcr\u00fcyor. \u00c7al\u0131\u015fmalar kapsam\u0131nda il\u00e7edeki ilk elektrikli ara\u00e7 \u015farj \u00fcniteleri Hayatpark\u2019a [&hellip;]<\/p>\n","protected":false},"author":1,"featured_media":70869,"comment_status":"open","ping_status":"open","sticky":false,"template":"","format":"standard","meta":[],"categories":[51,53],"tags":[14551,215,67,1009,1426,1273],"views":2062,"_links":{"self":[{"href":"https:\/\/www.enerjigazetesi.ist\/en\/wp-json\/wp\/v2\/posts\/73207"}],"collection":[{"href":"https:\/\/www.enerjigazetesi.ist\/en\/wp-json\/wp\/v2\/posts"}],"about":[{"href":"https:\/\/www.enerjigazetesi.ist\/en\/wp-json\/wp\/v2\/types\/post"}],"author":[{"embeddable":true,"href":"https:\/\/www.enerjigazetesi.ist\/en\/wp-json\/wp\/v2\/users\/1"}],"replies":[{"embeddable":true,"href":"https:\/\/www.enerjigazetesi.ist\/en\/wp-json\/wp\/v2\/comments?post=73207"}],"version-history":[{"count":1,"href":"https:\/\/www.enerjigazetesi.ist\/en\/wp-json\/wp\/v2\/posts\/73207\/revisions"}],"predecessor-version":[{"id":73208,"href":"https:\/\/www.enerjigazetesi.ist\/en\/wp-json\/wp\/v2\/posts\/73207\/revisions\/73208"}],"wp:featuredmedia":[{"embeddable":true,"href":"https:\/\/www.enerjigazetesi.ist\/en\/wp-json\/wp\/v2\/media\/70869"}],"wp:attachment":[{"href":"https:\/\/www.enerjigazetesi.ist\/en\/wp-json\/wp\/v2\/media?parent=73207"}],"wp:term":[{"taxonomy":"category","embeddable":true,"href":"https:\/\/www.enerjigazetesi.ist\/en\/wp-json\/wp\/v2\/categories?post=73207"},{"taxonomy":"post_tag","embeddable":true,"href":"https:\/\/www.enerjigazetesi.ist\/en\/wp-json\/wp\/v2\/tags?post=73207"}],"curies":[{"name":"wp","href":"https:\/\/api.w.org\/{rel}","templated":true}]}}