{"id":73190,"date":"2018-04-10T11:15:34","date_gmt":"2018-04-10T08:15:34","guid":{"rendered":"https:\/\/www.enerjigazetesi.ist\/?p=73190"},"modified":"2018-04-10T11:26:48","modified_gmt":"2018-04-10T08:26:48","slug":"bu-yilda-cw-enerji-solarex-istanbul-fuarina-katilim-sagladi","status":"publish","type":"post","link":"https:\/\/www.enerjigazetesi.ist\/en\/bu-yilda-cw-enerji-solarex-istanbul-fuarina-katilim-sagladi\/","title":{"rendered":"(Turkish) Bu Y\u0131lda CW Enerji Solarex \u0130stanbul Fuar\u0131na Kat\u0131l\u0131m Sa\u011flad\u0131"},"content":{"rendered":"<p class=\"qtranxs-available-languages-message qtranxs-available-languages-message-en\">Sorry, this entry is only available in <a href=\"https:\/\/www.enerjigazetesi.ist\/tr\/wp-json\/wp\/v2\/posts\/73190\" class=\"qtranxs-available-language-link qtranxs-available-language-link-tr\" title=\"Turkish\">Turkish<\/a>. For the sake of viewer convenience, the content is shown below in the alternative language. You may click the link to switch the active language.<\/p><p><strong>T\u00fcrkiye; h\u0131zla artan n\u00fcfusu, avantajl\u0131 co\u011frafyas\u0131, avantajl\u0131 co\u011frafyan\u0131n ihracata katk\u0131lar\u0131 ile d\u00fcnya \u00e7ap\u0131ndaki geli\u015fimini s\u00fcrd\u00fcr\u00fcyor. \u00dclkemizde harekete ge\u00e7en en \u00f6nemli sekt\u00f6rlerden biri de hi\u00e7 ku\u015fkusuz, g\u00fcne\u015f enerjisi sekt\u00f6r\u00fc. Son y\u0131llarda g\u00fcne\u015f enerjisi sekt\u00f6r\u00fcnde ya\u015fanan geli\u015fmeler, yenilikler ve sekt\u00f6r\u00fcn \u00f6rnek dayan\u0131\u015fmas\u0131, g\u00fcne\u015f enerjisi sekt\u00f6r\u00fcn\u00fc olumlu y\u00f6nde etkileyen di\u011fer fakt\u00f6rler oldu.<\/strong><\/p>\n<p>\u00dcreticiler, t\u00fcketiciler, sat\u0131n almac\u0131lar, uygulamac\u0131lar, yurti\u00e7i ve yurt d\u0131\u015f\u0131 temsilcileri olmak \u00fczere <img loading=\"lazy\" class=\"alignright size-medium wp-image-73191\" src=\"https:\/\/www.enerjigazetesi.ist\/wp-content\/uploads\/2018\/04\/bu-yilda-cw-enerji-solarex-istanbul-fuarina-katilim-sagladi-300x200.jpg\" alt=\"\" width=\"300\" height=\"200\" srcset=\"https:\/\/www.enerjigazetesi.ist\/wp-content\/uploads\/2018\/04\/bu-yilda-cw-enerji-solarex-istanbul-fuarina-katilim-sagladi-300x200.jpg 300w, https:\/\/www.enerjigazetesi.ist\/wp-content\/uploads\/2018\/04\/bu-yilda-cw-enerji-solarex-istanbul-fuarina-katilim-sagladi-500x334.jpg 500w, https:\/\/www.enerjigazetesi.ist\/wp-content\/uploads\/2018\/04\/bu-yilda-cw-enerji-solarex-istanbul-fuarina-katilim-sagladi-75x50.jpg 75w, https:\/\/www.enerjigazetesi.ist\/wp-content\/uploads\/2018\/04\/bu-yilda-cw-enerji-solarex-istanbul-fuarina-katilim-sagladi.jpg 550w\" sizes=\"(max-width: 300px) 100vw, 300px\" \/>sekt\u00f6r\u00fcn t\u00fcm mensuplar\u0131, 5-7 Nisan 2018 tarihlerinde \u0130stanbul Fuar Merkezinde yap\u0131lan 11. Uluslararas\u0131 G\u00fcne\u015f Enerjisi ve Teknolojileri Fuar\u0131 Solarex \u0130stanbul\u2019da yeniden bir araya geldi. 12 bin metrekarelik bir alanda yenilik\u00e7i ve verimli g\u00fcne\u015f enerjisi \u00fcretim modelleri ve teknolojileri sergilendi.<\/p>\n<p>CW Enerji olarak bu etkinliklerde Hall10\u2019da bize ayr\u0131lan 156 m\u00b2\u2019lik stand alan\u0131nda firmam\u0131z\u0131n tan\u0131t\u0131mlar\u0131n\u0131 ger\u00e7ekle\u015ftirdik ve ba\u015fta CEO\u2019lar, politakac\u0131lar, m\u00fchendisler, proje geli\u015ftirme uzmanlar\u0131, teknik m\u00fchendisler ve ara\u015ft\u0131rma geli\u015ftirme uzmanlar\u0131 olmak \u00fczere \u00e7ok say\u0131da yabanc\u0131 firma temsilcisi ile bir\u00e7ok uluslararas\u0131 ziyaret\u00e7iyi stand alan\u0131m\u0131zda a\u011f\u0131rlad\u0131k. \u00dc\u00e7 g\u00fcnl\u00fck yo\u011fun faaliyetimizde ortalama 2 bin konu\u011fu kendi stand alan\u0131m\u0131zda a\u011f\u0131rlarken, fiyat teklifleri ve tekrar ileti\u015fim kurmak i\u00e7in 600\u2019\u00fcn \u00fczerinde m\u00fc\u015fteri talep formlar\u0131 olu\u015fturduk. Ayr\u0131ca bizimle ileti\u015fime ge\u00e7mek isteyen \u00f6zellikle Almanya, Hollanda, Makedonya, \u00c7in, Ermenistan, Nijerya, M\u0131s\u0131r, Tunus vb. \u00e7e\u015fitli \u00fclkelerden 250\u2019yi a\u015fk\u0131n yabanc\u0131 firman\u0131n adres ve ileti\u015fim bilgilerini kay\u0131t alt\u0131na ald\u0131k. . D\u00fcnya \u00fclkelerinde olu\u015fturdu\u011fumuz g\u00fc\u00e7l\u00fc partnerler ve bayi a\u011flar\u0131m\u0131zla bu fuarda bulu\u015fup hatta a\u011f\u0131m\u0131za yeni bayiler ekleme f\u0131rsat\u0131 yakalad\u0131k.<\/p>\n<p>Ge\u00e7mi\u015f y\u0131llara g\u00f6re \u00e7ok daha yo\u011fun ge\u00e7en fuarda T\u00fcrkiye\u2019nin her taraf\u0131ndan k\u00fc\u00e7\u00fck ve b\u00fcy\u00fck \u00e7apl\u0131 \u00e7at\u0131 ve arazi tipi lisanss\u0131z fotovoltaik GES projesi, fotovoltaik GES sulama projeleri konusunda de\u011ferlendirmelerde bulunuldu ve projeleri konusunda \u00f6n bilgilendirmeler yap\u0131larak, fuar sonras\u0131 g\u00f6r\u00fc\u015fme randevular\u0131 al\u0131nd\u0131. \u00d6zellikle g\u00fcne\u015fin yo\u011fun oldu\u011fu illerden gelen ziyaret\u00e7ilerimiz \u00e7ok say\u0131da Lisanss\u0131z Elektrik \u00dcretim y\u00f6netmeli\u011fi kapsam\u0131nda ba\u011flant\u0131 g\u00f6r\u00fc\u015fleri ya da bitmi\u015f projeleriyle EPC hizmeti i\u00e7in taraf\u0131m\u0131za ba\u015fvuruda bulundu.<\/p>\n<p>Bu y\u0131lki fuarda T\u00fcrkiye\u2019nin d\u00f6rt bir k\u00f6\u015fesinde tamamlam\u0131\u015f oldu\u011fumuz k\u00fc\u00e7\u00fck ve b\u00fcy\u00fck \u00e7apl\u0131 \u00e7at\u0131 ve arazi tipi fotovoltaik, fotovoltaik sulama projeleri, \u201cpower pack off-grid\u201dsistem projelerini ziyaret\u00e7ilerimize anlatt\u0131k. Ayr\u0131ca firmam\u0131z\u0131n Alman teknolojisi ve T\u00fcrk m\u00fchendisli\u011fi ile kendi \u00fcretimi olan power pack, ak\u0131ll\u0131 kutu kompakt ( invert\u00f6r, ak\u00fc, \u015farj kontrol cihaz\u0131n\u0131 bir arada bar\u0131ndan tak kullan cihaz), kendi m\u00fchendislerimiz taraf\u0131ndan geli\u015ftirilen y\u00fczy\u0131l\u0131n kiremidi (\u00e7at\u0131ya uygun s\u0131zd\u0131rmaz g\u00fcne\u015f paneli, \u00f6zel kau\u00e7uklu, \u00e7at\u0131ya uygun, su-hava-nem-s\u0131cakl\u0131k ge\u00e7irmeyen, t\u00fcm hava ko\u015fullar\u0131na dayan\u0131kl\u0131 bir sistem) diye adland\u0131rd\u0131\u011f\u0131m\u0131z \u00e7at\u0131 kiremitlerimizi, BIPV cam cam renkli h\u00fccreli d\u0131\u015f cephe kaplama panellerimizi, PERC h\u00fccreli panellerimizi ve solar panellerimizi hem yerli ve hem de yabanc\u0131 ziyaret\u00e7ilerimiz ile bulu\u015fturduk. Yenilenen teknolojiye ayak uyduran ve her ge\u00e7en g\u00fcn teknolojiye uygun bir \u015fekilde \u00fcretim hatt\u0131m\u0131z\u0131 yenileyen, \u00fcr\u00fcn \u00e7e\u015fitlili\u011fini artt\u0131ran bir firma olarak, \u00fcr\u00fcnlerimizin sertifikasyon ve garanti s\u00fcre\u00e7lerini ziyaret\u00e7ilerimize aktard\u0131k.<\/p>\n<p>Geli\u015fen T\u00fcrkiye G\u00fcne\u015f Enerjisi pazar\u0131nda \u00f6nemli ad\u0131mlar at\u0131lmaktad\u0131r ve biz bu pazarda CW Enerji markas\u0131 olarak, \u201cyerelde liderlik, ulusalda liderlik\u201d felsefesiyle, geli\u015ftirdi\u011fimiz bayilik ve sat\u0131\u015f temsilcili\u011fi stratejimiz, T\u00fcrkiye piyasas\u0131n\u0131n en ucuz ve en kaliteli sistemlerini sunma garantimiz ile 11. Uluslararas\u0131 G\u00fcne\u015f Enerjisi Ve Teknolojileri Solarex \u0130stanbul Fuar\u0131ndan gayet tatmin edici sonu\u00e7larla d\u00f6nmenin hakl\u0131 gururunu ta\u015f\u0131yoruz. G\u00fcne\u015fin oldu\u011fu her yerde biz var\u0131z, CW Enerji var.<\/p>","protected":false},"excerpt":{"rendered":"<p>Sorry, this entry is only available in Turkish. For the sake of viewer convenience, the content is shown below in the alternative language. You may click the link to switch the active language.T\u00fcrkiye; h\u0131zla artan n\u00fcfusu, avantajl\u0131 co\u011frafyas\u0131, avantajl\u0131 co\u011frafyan\u0131n ihracata katk\u0131lar\u0131 ile d\u00fcnya \u00e7ap\u0131ndaki geli\u015fimini s\u00fcrd\u00fcr\u00fcyor. \u00dclkemizde harekete ge\u00e7en en \u00f6nemli sekt\u00f6rlerden biri de [&hellip;]<\/p>\n","protected":false},"author":1,"featured_media":73191,"comment_status":"open","ping_status":"open","sticky":false,"template":"","format":"standard","meta":[],"categories":[53,49],"tags":[34868,67,1009,23416,23131,37323],"views":1073,"_links":{"self":[{"href":"https:\/\/www.enerjigazetesi.ist\/en\/wp-json\/wp\/v2\/posts\/73190"}],"collection":[{"href":"https:\/\/www.enerjigazetesi.ist\/en\/wp-json\/wp\/v2\/posts"}],"about":[{"href":"https:\/\/www.enerjigazetesi.ist\/en\/wp-json\/wp\/v2\/types\/post"}],"author":[{"embeddable":true,"href":"https:\/\/www.enerjigazetesi.ist\/en\/wp-json\/wp\/v2\/users\/1"}],"replies":[{"embeddable":true,"href":"https:\/\/www.enerjigazetesi.ist\/en\/wp-json\/wp\/v2\/comments?post=73190"}],"version-history":[{"count":2,"href":"https:\/\/www.enerjigazetesi.ist\/en\/wp-json\/wp\/v2\/posts\/73190\/revisions"}],"predecessor-version":[{"id":73196,"href":"https:\/\/www.enerjigazetesi.ist\/en\/wp-json\/wp\/v2\/posts\/73190\/revisions\/73196"}],"wp:featuredmedia":[{"embeddable":true,"href":"https:\/\/www.enerjigazetesi.ist\/en\/wp-json\/wp\/v2\/media\/73191"}],"wp:attachment":[{"href":"https:\/\/www.enerjigazetesi.ist\/en\/wp-json\/wp\/v2\/media?parent=73190"}],"wp:term":[{"taxonomy":"category","embeddable":true,"href":"https:\/\/www.enerjigazetesi.ist\/en\/wp-json\/wp\/v2\/categories?post=73190"},{"taxonomy":"post_tag","embeddable":true,"href":"https:\/\/www.enerjigazetesi.ist\/en\/wp-json\/wp\/v2\/tags?post=73190"}],"curies":[{"name":"wp","href":"https:\/\/api.w.org\/{rel}","templated":true}]}}