{"id":73180,"date":"2018-04-10T10:58:01","date_gmt":"2018-04-10T07:58:01","guid":{"rendered":"https:\/\/www.enerjigazetesi.ist\/?p=73180"},"modified":"2018-04-10T10:58:24","modified_gmt":"2018-04-10T07:58:24","slug":"suoz-enerjiden-gunes-enerjisine-400-milyonluk-dev-yatirim","status":"publish","type":"post","link":"https:\/\/www.enerjigazetesi.ist\/en\/suoz-enerjiden-gunes-enerjisine-400-milyonluk-dev-yatirim\/","title":{"rendered":"(Turkish) Suoz Enerji&#8217;den G\u00fcne\u015f Enerjisine 400 Milyonluk Dev Yat\u0131r\u0131m"},"content":{"rendered":"<p class=\"qtranxs-available-languages-message qtranxs-available-languages-message-en\">Sorry, this entry is only available in <a href=\"https:\/\/www.enerjigazetesi.ist\/tr\/wp-json\/wp\/v2\/posts\/73180\" class=\"qtranxs-available-language-link qtranxs-available-language-link-tr\" title=\"Turkish\">Turkish<\/a>. For the sake of viewer convenience, the content is shown below in the alternative language. You may click the link to switch the active language.<\/p><p><strong>A\u011fabeyi Mert U\u00e7uran \u00c7iller ile 5 y\u0131l \u00f6nce g\u00fcne\u015f enerjisi i\u015fine girmeye karar verdiklerini ve ge\u00e7en y\u0131l Suoz Enerji Grup \u015firketini kurduklar\u0131n\u0131 aktaran \u00c7iller, yenilenebilir enerji yat\u0131r\u0131mlar\u0131n\u0131n enerjide d\u0131\u015fa ba\u011f\u0131ml\u0131l\u0131\u011f\u0131 azaltarak cari a\u00e7\u0131\u011f\u0131 kapatmada b\u00fcy\u00fck rol oynad\u0131\u011f\u0131n\u0131 dile getirdi.<\/strong><\/p>\n<p>\u00c7iller, T\u00fcrkiye\u2019nin b\u00fcy\u00fcmesinin anahtar\u0131n\u0131 g\u00fcne\u015f enerjisinde g\u00f6rd\u00fcklerini ve bu vizyon \u00e7er\u00e7evesinde sekt\u00f6r\u00fcn \u00f6nc\u00fcs\u00fc olmay\u0131 hedeflediklerini ifade ederek, \u201cBug\u00fcn y\u0131ll\u0131k 1 milyon adet g\u00fcne\u015f paneli <img loading=\"lazy\" class=\"alignleft size-medium wp-image-73181\" src=\"https:\/\/www.enerjigazetesi.ist\/wp-content\/uploads\/2018\/04\/suoz-enerjiden-gunes-enerjisine-400-milyonluk-dev-yatirim-300x150.jpg\" alt=\"\" width=\"300\" height=\"150\" srcset=\"https:\/\/www.enerjigazetesi.ist\/wp-content\/uploads\/2018\/04\/suoz-enerjiden-gunes-enerjisine-400-milyonluk-dev-yatirim-300x150.jpg 300w, https:\/\/www.enerjigazetesi.ist\/wp-content\/uploads\/2018\/04\/suoz-enerjiden-gunes-enerjisine-400-milyonluk-dev-yatirim-500x250.jpg 500w, https:\/\/www.enerjigazetesi.ist\/wp-content\/uploads\/2018\/04\/suoz-enerjiden-gunes-enerjisine-400-milyonluk-dev-yatirim-80x40.jpg 80w, https:\/\/www.enerjigazetesi.ist\/wp-content\/uploads\/2018\/04\/suoz-enerjiden-gunes-enerjisine-400-milyonluk-dev-yatirim.jpg 640w\" sizes=\"(max-width: 300px) 100vw, 300px\" \/>\u00fcretiyoruz, kapasitemiz 320 megavat. Yurt d\u0131\u015f\u0131ndaki i\u015ftiraklerimizle birlikte \u00f6n\u00fcm\u00fczdeki 10 y\u0131lda 400 milyon dolarl\u0131k yat\u0131r\u0131m ve g\u00fcne\u015f paneli \u00fcretiminde y\u0131ll\u0131k 800-1000 megavat \u00fcretim kapasitesine ula\u015fmay\u0131 hedefliyoruz.\u201d dedi.<\/p>\n<p>Ger\u00e7ekle\u015ftirecekleri kapasite art\u0131\u015f\u0131yla pahal\u0131 panel fiyatlar\u0131n\u0131 da d\u00fc\u015f\u00fcreceklerini belirten \u00c7iller, ayn\u0131 zamanda Do\u011fu Avrupa, Kuzey Afrika, Ortado\u011fu\u2019ya panel ihracat\u0131n\u0131 art\u0131racaklar\u0131n\u0131 ve gelecek d\u00f6nemde Ortado\u011fu ve Kuzey Afrika b\u00f6lgesi i\u00e7in 250 megavatl\u0131k ihracat hedefi koyduklar\u0131n\u0131 s\u00f6yledi.<\/p>\n<h2><strong>Yunanistan\u2019dan Kocaeli\u2019ye fabrika<\/strong><\/h2>\n<p>Suoz Enerji Grup Operasyon Koordinat\u00f6r\u00fc Muzaffer Erdal K\u0131l\u0131\u00e7 da\u00a0\u201cYunanistan\u2019da 8 y\u0131l \u00f6nce tamamen Alman teknolojisiyle kurulan g\u00fcne\u015f paneli ve h\u00fccre \u00fcretim fabrikas\u0131n\u0131 sat\u0131n ald\u0131k. Bu fabrikan\u0131n bir k\u0131sm\u0131n\u0131 Kocaeli\u2019ye getirmeyi planl\u0131yoruz. K\u0131sa vadedeki hedefimiz, Yunanistan\u2019daki g\u00fcne\u015f paneli ve h\u00fccre \u00fcretim hatt\u0131n\u0131 Kocaeli fabrikam\u0131za ta\u015f\u0131yarak T\u00fcrkiye\u2019nin bu alandaki ilk fabrikas\u0131n\u0131n kurulumunu ger\u00e7ekle\u015ftirmektir.&#8221; dedi.<\/p>\n<p>Haberin <a href=\"http:\/\/solar.ist\/suoz-enerji-gunes-enerjisi-icin-400-milyonluk-yatirimi-yapacak\/\" rel=\"nofollow\">Devam\u0131 \u0130\u00e7in TIKLAYINIZ&gt;&gt;&gt;<\/a><\/p>","protected":false},"excerpt":{"rendered":"<p>Sorry, this entry is only available in Turkish. For the sake of viewer convenience, the content is shown below in the alternative language. You may click the link to switch the active language.A\u011fabeyi Mert U\u00e7uran \u00c7iller ile 5 y\u0131l \u00f6nce g\u00fcne\u015f enerjisi i\u015fine girmeye karar verdiklerini ve ge\u00e7en y\u0131l Suoz Enerji Grup \u015firketini kurduklar\u0131n\u0131 aktaran [&hellip;]<\/p>\n","protected":false},"author":1,"featured_media":73181,"comment_status":"open","ping_status":"open","sticky":false,"template":"","format":"standard","meta":[],"categories":[53,49],"tags":[67,1009,23416,8255,23131,37256,105],"views":705,"_links":{"self":[{"href":"https:\/\/www.enerjigazetesi.ist\/en\/wp-json\/wp\/v2\/posts\/73180"}],"collection":[{"href":"https:\/\/www.enerjigazetesi.ist\/en\/wp-json\/wp\/v2\/posts"}],"about":[{"href":"https:\/\/www.enerjigazetesi.ist\/en\/wp-json\/wp\/v2\/types\/post"}],"author":[{"embeddable":true,"href":"https:\/\/www.enerjigazetesi.ist\/en\/wp-json\/wp\/v2\/users\/1"}],"replies":[{"embeddable":true,"href":"https:\/\/www.enerjigazetesi.ist\/en\/wp-json\/wp\/v2\/comments?post=73180"}],"version-history":[{"count":2,"href":"https:\/\/www.enerjigazetesi.ist\/en\/wp-json\/wp\/v2\/posts\/73180\/revisions"}],"predecessor-version":[{"id":73183,"href":"https:\/\/www.enerjigazetesi.ist\/en\/wp-json\/wp\/v2\/posts\/73180\/revisions\/73183"}],"wp:featuredmedia":[{"embeddable":true,"href":"https:\/\/www.enerjigazetesi.ist\/en\/wp-json\/wp\/v2\/media\/73181"}],"wp:attachment":[{"href":"https:\/\/www.enerjigazetesi.ist\/en\/wp-json\/wp\/v2\/media?parent=73180"}],"wp:term":[{"taxonomy":"category","embeddable":true,"href":"https:\/\/www.enerjigazetesi.ist\/en\/wp-json\/wp\/v2\/categories?post=73180"},{"taxonomy":"post_tag","embeddable":true,"href":"https:\/\/www.enerjigazetesi.ist\/en\/wp-json\/wp\/v2\/tags?post=73180"}],"curies":[{"name":"wp","href":"https:\/\/api.w.org\/{rel}","templated":true}]}}