{"id":73152,"date":"2018-04-09T19:05:09","date_gmt":"2018-04-09T16:05:09","guid":{"rendered":"https:\/\/www.enerjigazetesi.ist\/?p=73152"},"modified":"2018-04-09T19:05:09","modified_gmt":"2018-04-09T16:05:09","slug":"smart-energyden-turkiyenin-ve-avrupanin-en-buyuk-cati-ustu-gesi","status":"publish","type":"post","link":"https:\/\/www.enerjigazetesi.ist\/en\/smart-energyden-turkiyenin-ve-avrupanin-en-buyuk-cati-ustu-gesi\/","title":{"rendered":"(Turkish) Smart Energy&#8217;den T\u00fcrkiye\u2019nin ve Avrupa\u2019n\u0131n En B\u00fcy\u00fck \u00c7at\u0131 \u00dcst\u00fc GES\u2019i"},"content":{"rendered":"<p class=\"qtranxs-available-languages-message qtranxs-available-languages-message-en\">Sorry, this entry is only available in <a href=\"https:\/\/www.enerjigazetesi.ist\/tr\/wp-json\/wp\/v2\/posts\/73152\" class=\"qtranxs-available-language-link qtranxs-available-language-link-tr\" title=\"Turkish\">Turkish<\/a>. For the sake of viewer convenience, the content is shown below in the alternative language. You may click the link to switch the active language.<\/p><p><\/p>\n<p style=\"text-align: justify;\"><strong>Avrupa\u2019da ve T\u00fcrkiye\u2019de kurdu\u011fu santrallerinin yan\u0131 s\u0131ra panel \u00fcreticisi olarak da g\u00fcne\u015f enerjisi sekt\u00f6r\u00fcn\u00fcn en b\u00fcy\u00fck yat\u0131r\u0131mc\u0131lar\u0131ndan biri olan Smart Energy taraf\u0131ndan Osmaniye Organize Sanayi B\u00f6lgesi\u2019nde (OSB) yer alan Tos\u00e7elik ERW Boru \u00dcretim Tesisleri\u2019nin \u00e7at\u0131s\u0131nda hayata ge\u00e7irilen g\u00fcne\u015f enerji santralinin kurulumu ger\u00e7ekle\u015ftirildi.<\/strong><\/p>\n<p style=\"text-align: justify;\">Tos\u00e7elik \u00dcretim Tesisi\u2019nin 200 bin m2\u2019lik alana sahip \u00e7at\u0131s\u0131na kurulan GES\u2019e \u00f6zg\u00fcn bir proje geli\u015ftiren Smart Energy, g\u00fcne\u015f panellerini \u00f6zel olarak tasarlanan aparatlar ile y\u00fckselterek, r\u00fczgar ve kar y\u00fcklerine <img loading=\"lazy\" class=\"alignright size-medium wp-image-73153\" src=\"https:\/\/www.enerjigazetesi.ist\/wp-content\/uploads\/2018\/04\/smart-energyden-turkiyenin-ve-avrupanin-en-buyuk-cati-ustu-gesi-300x188.jpg\" alt=\"\" width=\"300\" height=\"188\" srcset=\"https:\/\/www.enerjigazetesi.ist\/wp-content\/uploads\/2018\/04\/smart-energyden-turkiyenin-ve-avrupanin-en-buyuk-cati-ustu-gesi-300x188.jpg 300w, https:\/\/www.enerjigazetesi.ist\/wp-content\/uploads\/2018\/04\/smart-energyden-turkiyenin-ve-avrupanin-en-buyuk-cati-ustu-gesi-768x480.jpg 768w, https:\/\/www.enerjigazetesi.ist\/wp-content\/uploads\/2018\/04\/smart-energyden-turkiyenin-ve-avrupanin-en-buyuk-cati-ustu-gesi-500x313.jpg 500w, https:\/\/www.enerjigazetesi.ist\/wp-content\/uploads\/2018\/04\/smart-energyden-turkiyenin-ve-avrupanin-en-buyuk-cati-ustu-gesi-80x50.jpg 80w, https:\/\/www.enerjigazetesi.ist\/wp-content\/uploads\/2018\/04\/smart-energyden-turkiyenin-ve-avrupanin-en-buyuk-cati-ustu-gesi.jpg 800w\" sizes=\"(max-width: 300px) 100vw, 300px\" \/>dayanacak \u015fekilde monte etti. B\u00f6ylece \u00e7at\u0131 g\u00f6lgede b\u0131rak\u0131larak izole edilirken, panellerin hava sirk\u00fclasyonu ile daha kolay so\u011fumas\u0131 hedeflendi. Smart Energy\u2019ninTos\u00e7elik\u2019e \u00f6zel geli\u015ftirdi\u011fi proje sayesinde tesisin y\u0131l boyunca en verimli \u015fekilde elektrik \u00fcretmesi ama\u00e7lan\u0131rken, 10 MW kapasiteli \u00e7at\u0131 tipi GES sayesindekarbon ayak izi d\u00fc\u015fecek ve 10 bin ton karbondioksitin atmosfere sal\u0131n\u0131m\u0131 engellenmi\u015f olacak.<\/p>\n<p style=\"text-align: justify;\">Smart Energy Y\u00f6netim Kurulu Ba\u015fkan\u0131 Halil Demirda\u011f, T\u00fcrkiye\u2019nin ve Avrupa\u2019n\u0131n en b\u00fcy\u00fck g\u00fcne\u015f enerji santrali olan bu projenin g\u00fcne\u015f enerjisinin sanayide kullan\u0131m\u0131n\u0131n en g\u00fczel \u00f6rneklerinden biri oldu\u011funa dikkat \u00e7ekti. Sanayi kurulu\u015flar\u0131n\u0131n tesis \u00e7at\u0131lar\u0131n\u0131 birer GES\u2019e d\u00f6n\u00fc\u015ft\u00fcrerek ye\u015fil ekonomiye katk\u0131 sa\u011flayabileceklerini vurgulayan Halil Demirda\u011f, Tosyal\u0131 Holding ile ger\u00e7ekle\u015ftirilen i\u015fbirli\u011fi ile ilgili \u015funlar\u0131 s\u00f6yledi: \u201cB\u00f6yle bir projede yer almaktan b\u00fcy\u00fck mutluluk duyuyoruz. \u00c7\u00fcnk\u00fc hem T\u00fcrkiye hem de d\u00fcnya genelinde \u00e7ok \u00f6zel ve de\u011ferli bir proje oldu. Bu sayede tesis hem kendi elektri\u011fini \u00fcreterek ekonomiye katk\u0131 sa\u011flayacak, hem de do\u011fal kaynaklara sahip \u00e7\u0131kacak. Devlet b\u00fcy\u00fcklerimiz ve Tosyal\u0131 Holding Y\u00f6netim Kurulu Ba\u015fkan\u0131 Fuat Tosyal\u0131 ba\u015fta olmak \u00fczere, bu projenin hayata ge\u00e7mesinde eme\u011fi ge\u00e7en herkese te\u015fekk\u00fcr\u00fc bir bor\u00e7 biliriz.\u201d dedi.<\/p>\n<p><\/p>","protected":false},"excerpt":{"rendered":"<p>Sorry, this entry is only available in Turkish. For the sake of viewer convenience, the content is shown below in the alternative language. You may click the link to switch the active language. Avrupa\u2019da ve T\u00fcrkiye\u2019de kurdu\u011fu santrallerinin yan\u0131 s\u0131ra panel \u00fcreticisi olarak da g\u00fcne\u015f enerjisi sekt\u00f6r\u00fcn\u00fcn en b\u00fcy\u00fck yat\u0131r\u0131mc\u0131lar\u0131ndan biri olan Smart Energy taraf\u0131ndan [&hellip;]<\/p>\n","protected":false},"author":1,"featured_media":73153,"comment_status":"open","ping_status":"open","sticky":false,"template":"","format":"standard","meta":[],"categories":[53,49],"tags":[23416,23133,23131,1331,26385],"views":1334,"_links":{"self":[{"href":"https:\/\/www.enerjigazetesi.ist\/en\/wp-json\/wp\/v2\/posts\/73152"}],"collection":[{"href":"https:\/\/www.enerjigazetesi.ist\/en\/wp-json\/wp\/v2\/posts"}],"about":[{"href":"https:\/\/www.enerjigazetesi.ist\/en\/wp-json\/wp\/v2\/types\/post"}],"author":[{"embeddable":true,"href":"https:\/\/www.enerjigazetesi.ist\/en\/wp-json\/wp\/v2\/users\/1"}],"replies":[{"embeddable":true,"href":"https:\/\/www.enerjigazetesi.ist\/en\/wp-json\/wp\/v2\/comments?post=73152"}],"version-history":[{"count":1,"href":"https:\/\/www.enerjigazetesi.ist\/en\/wp-json\/wp\/v2\/posts\/73152\/revisions"}],"predecessor-version":[{"id":73154,"href":"https:\/\/www.enerjigazetesi.ist\/en\/wp-json\/wp\/v2\/posts\/73152\/revisions\/73154"}],"wp:featuredmedia":[{"embeddable":true,"href":"https:\/\/www.enerjigazetesi.ist\/en\/wp-json\/wp\/v2\/media\/73153"}],"wp:attachment":[{"href":"https:\/\/www.enerjigazetesi.ist\/en\/wp-json\/wp\/v2\/media?parent=73152"}],"wp:term":[{"taxonomy":"category","embeddable":true,"href":"https:\/\/www.enerjigazetesi.ist\/en\/wp-json\/wp\/v2\/categories?post=73152"},{"taxonomy":"post_tag","embeddable":true,"href":"https:\/\/www.enerjigazetesi.ist\/en\/wp-json\/wp\/v2\/tags?post=73152"}],"curies":[{"name":"wp","href":"https:\/\/api.w.org\/{rel}","templated":true}]}}