{"id":73127,"date":"2018-04-08T21:50:18","date_gmt":"2018-04-08T18:50:18","guid":{"rendered":"https:\/\/www.enerjigazetesi.ist\/?p=73127"},"modified":"2018-04-08T21:50:18","modified_gmt":"2018-04-08T18:50:18","slug":"telemcioglu-catilardaki-gunes-elektrigi-komsuya-satilabilmeli","status":"publish","type":"post","link":"https:\/\/www.enerjigazetesi.ist\/en\/telemcioglu-catilardaki-gunes-elektrigi-komsuya-satilabilmeli\/","title":{"rendered":"(Turkish) Telemcio\u011flu: \u00c7at\u0131lardaki G\u00fcne\u015f Elektri\u011fi Kom\u015fuya Sat\u0131labilmeli"},"content":{"rendered":"<p class=\"qtranxs-available-languages-message qtranxs-available-languages-message-en\">Sorry, this entry is only available in <a href=\"https:\/\/www.enerjigazetesi.ist\/tr\/wp-json\/wp\/v2\/posts\/73127\" class=\"qtranxs-available-language-link qtranxs-available-language-link-tr\" title=\"Turkish\">Turkish<\/a>. For the sake of viewer convenience, the content is shown below in the alternative language. You may click the link to switch the active language.<\/p><p><strong>G\u00dcNDER\u00a0Genel Sekreteri Faruk Telemcio\u011flu taraf\u0131ndan Solarex kapsam\u0131nda ger\u00e7ekle\u015ftirilen \u2018\u00c7at\u0131 \u00dczeri G\u00fcne\u015f Enerjisi ve Orman K\u00f6yleri GES Projesi\u2019 ba\u015fl\u0131kl\u0131 oturumda G\u00dcNDER olarak \u00e7al\u0131\u015fmalar\u0131nda yer ald\u0131klar\u0131 D\u00fcnya Bankas\u0131\u2019n\u0131n T\u00fcrkiye i\u00e7in<img loading=\"lazy\" class=\"alignright size-medium wp-image-73128\" src=\"https:\/\/www.enerjigazetesi.ist\/wp-content\/uploads\/2018\/04\/telemcioglu-catilardaki-gunes-elektrigi-komsuya-satilabilmeli-300x200.jpg\" alt=\"\" width=\"300\" height=\"200\" srcset=\"https:\/\/www.enerjigazetesi.ist\/wp-content\/uploads\/2018\/04\/telemcioglu-catilardaki-gunes-elektrigi-komsuya-satilabilmeli.jpg 300w, https:\/\/www.enerjigazetesi.ist\/wp-content\/uploads\/2018\/04\/telemcioglu-catilardaki-gunes-elektrigi-komsuya-satilabilmeli-75x50.jpg 75w\" sizes=\"(max-width: 300px) 100vw, 300px\" \/> yapt\u0131\u011f\u0131 \u2018G\u00fcne\u015f Enerjisi \u00c7at\u0131 Raporu\u2019ndaki \u00f6neriler a\u00e7\u0131kland\u0131.<\/strong><\/p>\n<p>G\u00fcne\u015f enerjisinde \u00e7at\u0131 uygulamalar\u0131 s\u00fcreci hakk\u0131nda bilgi veren Telemcio\u011flu, \u00e7at\u0131 g\u00fcne\u015f enerjisi uygulamalar\u0131yla ilgili baz\u0131 \u00f6nemli ad\u0131mlar\u0131n at\u0131ld\u0131\u011f\u0131n\u0131 ancak baz\u0131 iyile\u015ftirmelerin daha yap\u0131lmas\u0131 gerekti\u011fini ifade etti. Telemcio\u011flu, konutlarda ve ticari binalarda \u00fcretilen\u00a0\u00e7at\u0131 elektri\u011finin kom\u015fuya sat\u0131labilmesi ve kiralanabilmesi gerekti\u011fini belirtti.<\/p>\n<p><strong>\u00c7ATIYA Y\u00d6NEL\u0130K \u00d6ZEL DESTEKLER OLU\u015eTURULMALI<\/strong><\/p>\n<p>\u00c7at\u0131 i\u00e7in \u00f6zel desteklerin olmas\u0131 gerekti\u011fini ifade eden Telemcio\u011flu, \u201cMesela \u0130lk bin eve \u00fccretsiz fizibilite hizmeti verilebilir, ilk bin eve vergilerden muaf kredi sa\u011flanabilir. Buna benzer \u00f6zel te\u015fvikler verilebilir\u201d ifadelerini kulland\u0131.<\/p>\n<p>&nbsp;<\/p>","protected":false},"excerpt":{"rendered":"<p>Sorry, this entry is only available in Turkish. For the sake of viewer convenience, the content is shown below in the alternative language. You may click the link to switch the active language.G\u00dcNDER\u00a0Genel Sekreteri Faruk Telemcio\u011flu taraf\u0131ndan Solarex kapsam\u0131nda ger\u00e7ekle\u015ftirilen \u2018\u00c7at\u0131 \u00dczeri G\u00fcne\u015f Enerjisi ve Orman K\u00f6yleri GES Projesi\u2019 ba\u015fl\u0131kl\u0131 oturumda G\u00dcNDER olarak \u00e7al\u0131\u015fmalar\u0131nda yer [&hellip;]<\/p>\n","protected":false},"author":1,"featured_media":73128,"comment_status":"open","ping_status":"open","sticky":false,"template":"","format":"standard","meta":[],"categories":[53,49],"tags":[3126,6966,68,67,1009,24182,1382,227,846],"views":724,"_links":{"self":[{"href":"https:\/\/www.enerjigazetesi.ist\/en\/wp-json\/wp\/v2\/posts\/73127"}],"collection":[{"href":"https:\/\/www.enerjigazetesi.ist\/en\/wp-json\/wp\/v2\/posts"}],"about":[{"href":"https:\/\/www.enerjigazetesi.ist\/en\/wp-json\/wp\/v2\/types\/post"}],"author":[{"embeddable":true,"href":"https:\/\/www.enerjigazetesi.ist\/en\/wp-json\/wp\/v2\/users\/1"}],"replies":[{"embeddable":true,"href":"https:\/\/www.enerjigazetesi.ist\/en\/wp-json\/wp\/v2\/comments?post=73127"}],"version-history":[{"count":1,"href":"https:\/\/www.enerjigazetesi.ist\/en\/wp-json\/wp\/v2\/posts\/73127\/revisions"}],"predecessor-version":[{"id":73129,"href":"https:\/\/www.enerjigazetesi.ist\/en\/wp-json\/wp\/v2\/posts\/73127\/revisions\/73129"}],"wp:featuredmedia":[{"embeddable":true,"href":"https:\/\/www.enerjigazetesi.ist\/en\/wp-json\/wp\/v2\/media\/73128"}],"wp:attachment":[{"href":"https:\/\/www.enerjigazetesi.ist\/en\/wp-json\/wp\/v2\/media?parent=73127"}],"wp:term":[{"taxonomy":"category","embeddable":true,"href":"https:\/\/www.enerjigazetesi.ist\/en\/wp-json\/wp\/v2\/categories?post=73127"},{"taxonomy":"post_tag","embeddable":true,"href":"https:\/\/www.enerjigazetesi.ist\/en\/wp-json\/wp\/v2\/tags?post=73127"}],"curies":[{"name":"wp","href":"https:\/\/api.w.org\/{rel}","templated":true}]}}