{"id":73080,"date":"2018-04-06T12:29:18","date_gmt":"2018-04-06T09:29:18","guid":{"rendered":"https:\/\/www.enerjigazetesi.ist\/?p=73080"},"modified":"2018-04-06T12:29:18","modified_gmt":"2018-04-06T09:29:18","slug":"portekiz-mart-ayinda-aylik-tuketiminden-fazla-yenilenebilir-enerji-uretti","status":"publish","type":"post","link":"https:\/\/www.enerjigazetesi.ist\/en\/portekiz-mart-ayinda-aylik-tuketiminden-fazla-yenilenebilir-enerji-uretti\/","title":{"rendered":"(Turkish) Portekiz, Mart Ay\u0131nda Ayl\u0131k T\u00fcketiminden Fazla Yenilenebilir Enerji \u00dcretti"},"content":{"rendered":"<p class=\"qtranxs-available-languages-message qtranxs-available-languages-message-en\">Sorry, this entry is only available in <a href=\"https:\/\/www.enerjigazetesi.ist\/tr\/wp-json\/wp\/v2\/posts\/73080\" class=\"qtranxs-available-language-link qtranxs-available-language-link-tr\" title=\"Turkish\">Turkish<\/a>. For the sake of viewer convenience, the content is shown below in the alternative language. You may click the link to switch the active language.<\/p><p><strong>Portekiz elektrik da\u011f\u0131t\u0131m operat\u00f6r\u00fc REN, mart ay\u0131nda \u00fclkede \u00fcretilen yenilenebilir temiz elektrik enerjisinin \u00fclkenin ayl\u0131k enerji ihtiyac\u0131n\u0131n \u00fczerine \u00e7\u0131kt\u0131\u011f\u0131n\u0131 duyurdu. Kurum, \u00fcretilen temiz enerjinin toplam t\u00fcketimden y\u00fczde 3 oran\u0131nda daha fazla oldu\u011funu belirtti. \u00dclke 2014 y\u0131l\u0131nda t\u00fcketimin y\u00fczde 99,2\u2019si kadar yenilenebilir elektrik enerjisi <img loading=\"lazy\" class=\"alignleft wp-image-62049 size-medium\" src=\"https:\/\/www.enerjigazetesi.ist\/wp-content\/uploads\/2017\/02\/balabanli-res-ile-60-bin-hanenin-yillik-elektrik-ihtiyaci-karsilanacak-300x215.jpg\" alt=\"portekiz-mart-ayinda-aylik-tuketiminden-fazla-yenilenebilir-enerji-uretti\" width=\"300\" height=\"215\" srcset=\"https:\/\/www.enerjigazetesi.ist\/wp-content\/uploads\/2017\/02\/balabanli-res-ile-60-bin-hanenin-yillik-elektrik-ihtiyaci-karsilanacak-300x215.jpg 300w, https:\/\/www.enerjigazetesi.ist\/wp-content\/uploads\/2017\/02\/balabanli-res-ile-60-bin-hanenin-yillik-elektrik-ihtiyaci-karsilanacak-500x359.jpg 500w, https:\/\/www.enerjigazetesi.ist\/wp-content\/uploads\/2017\/02\/balabanli-res-ile-60-bin-hanenin-yillik-elektrik-ihtiyaci-karsilanacak-69x50.jpg 69w, https:\/\/www.enerjigazetesi.ist\/wp-content\/uploads\/2017\/02\/balabanli-res-ile-60-bin-hanenin-yillik-elektrik-ihtiyaci-karsilanacak.jpg 600w\" sizes=\"(max-width: 300px) 100vw, 300px\" \/>\u00fcretmi\u015f ve sonras\u0131nda y\u00fczde 100 oran\u0131na ula\u015fma hedefi belirlemi\u015fti.<\/strong><\/p>\n<p>Temiz enerji \u00fcretiminde kendi rekorunu egale eden Portekiz, 2040 y\u0131l\u0131na gelindi\u011finde t\u00fcm \u00fclkenin elektrik ihtiyac\u0131n\u0131n yenilenebilir enerjiyle kar\u015f\u0131lanmas\u0131n\u0131 \u00f6ng\u00f6r\u00fcyor. Bu sayede geleneksel elektrik \u00fcretimi y\u00f6ntemlerinden ortaya \u00e7\u0131kan gaz emisyonu ortadan kald\u0131r\u0131lm\u0131\u015f olacak.<\/p>\n<p>\u00dclke g\u00fcn\u00fcm\u00fczde fosil yak\u0131tlardan \u00fcretilen ve ithal edilen elektrik enerjisine dayan\u0131yor. Ge\u00e7ti\u011fimiz ay\u0131n rekor yenilebilir enerji \u00fcretimi ise \u00e7o\u011funlukla r\u00fczgardan ve sudan elde edildi. Ancak bu kaynaklar do\u011fa \u015fartlar\u0131na g\u00f6re de\u011fi\u015fkenlik g\u00f6sterdi\u011finden, Portekiz\u2019in 2040 planlar\u0131na ula\u015fmak i\u00e7in alternatif yenilenebilir enerji kaynaklar\u0131n\u0131 da portf\u00f6y\u00fcne eklemesi gerekiyor.<\/p>","protected":false},"excerpt":{"rendered":"<p>Sorry, this entry is only available in Turkish. For the sake of viewer convenience, the content is shown below in the alternative language. You may click the link to switch the active language.Portekiz elektrik da\u011f\u0131t\u0131m operat\u00f6r\u00fc REN, mart ay\u0131nda \u00fclkede \u00fcretilen yenilenebilir temiz elektrik enerjisinin \u00fclkenin ayl\u0131k enerji ihtiyac\u0131n\u0131n \u00fczerine \u00e7\u0131kt\u0131\u011f\u0131n\u0131 duyurdu. Kurum, \u00fcretilen temiz [&hellip;]<\/p>\n","protected":false},"author":1,"featured_media":62049,"comment_status":"open","ping_status":"open","sticky":false,"template":"","format":"standard","meta":[],"categories":[53,50],"tags":[61,67,1009,516,4722,4723,105],"views":704,"_links":{"self":[{"href":"https:\/\/www.enerjigazetesi.ist\/en\/wp-json\/wp\/v2\/posts\/73080"}],"collection":[{"href":"https:\/\/www.enerjigazetesi.ist\/en\/wp-json\/wp\/v2\/posts"}],"about":[{"href":"https:\/\/www.enerjigazetesi.ist\/en\/wp-json\/wp\/v2\/types\/post"}],"author":[{"embeddable":true,"href":"https:\/\/www.enerjigazetesi.ist\/en\/wp-json\/wp\/v2\/users\/1"}],"replies":[{"embeddable":true,"href":"https:\/\/www.enerjigazetesi.ist\/en\/wp-json\/wp\/v2\/comments?post=73080"}],"version-history":[{"count":1,"href":"https:\/\/www.enerjigazetesi.ist\/en\/wp-json\/wp\/v2\/posts\/73080\/revisions"}],"predecessor-version":[{"id":73081,"href":"https:\/\/www.enerjigazetesi.ist\/en\/wp-json\/wp\/v2\/posts\/73080\/revisions\/73081"}],"wp:featuredmedia":[{"embeddable":true,"href":"https:\/\/www.enerjigazetesi.ist\/en\/wp-json\/wp\/v2\/media\/62049"}],"wp:attachment":[{"href":"https:\/\/www.enerjigazetesi.ist\/en\/wp-json\/wp\/v2\/media?parent=73080"}],"wp:term":[{"taxonomy":"category","embeddable":true,"href":"https:\/\/www.enerjigazetesi.ist\/en\/wp-json\/wp\/v2\/categories?post=73080"},{"taxonomy":"post_tag","embeddable":true,"href":"https:\/\/www.enerjigazetesi.ist\/en\/wp-json\/wp\/v2\/tags?post=73080"}],"curies":[{"name":"wp","href":"https:\/\/api.w.org\/{rel}","templated":true}]}}