{"id":73065,"date":"2018-04-06T01:54:08","date_gmt":"2018-04-05T22:54:08","guid":{"rendered":"https:\/\/www.enerjigazetesi.ist\/?p=73065"},"modified":"2018-04-06T01:54:08","modified_gmt":"2018-04-05T22:54:08","slug":"akkuyu-ngsde-500-bin-ton-celik-kullanilacak","status":"publish","type":"post","link":"https:\/\/www.enerjigazetesi.ist\/en\/akkuyu-ngsde-500-bin-ton-celik-kullanilacak\/","title":{"rendered":"(Turkish) Akkuyu NGS&#8217;de 500 Bin Ton \u00c7elik Kullan\u0131lacak"},"content":{"rendered":"<p class=\"qtranxs-available-languages-message qtranxs-available-languages-message-en\">Sorry, this entry is only available in <a href=\"https:\/\/www.enerjigazetesi.ist\/tr\/wp-json\/wp\/v2\/posts\/73065\" class=\"qtranxs-available-language-link qtranxs-available-language-link-tr\" title=\"Turkish\">Turkish<\/a>. For the sake of viewer convenience, the content is shown below in the alternative language. You may click the link to switch the active language.<\/p><p><strong>Cumhurba\u015fkan\u0131 Tayyip Erdo\u011fan ve Rusya Devlet Ba\u015fkan\u0131 Vladimir Putin taraf\u0131ndan \u00f6nceki g\u00fcn temeli at\u0131lan Akkuyu N\u00fckleer Santrali i\u00e7in yerli \u00e7elik kullan\u0131lacak.<\/strong><\/p>\n<p><img loading=\"lazy\" class=\"alignleft size-medium wp-image-73066\" src=\"https:\/\/www.enerjigazetesi.ist\/wp-content\/uploads\/2018\/04\/akkuyu-ngsde-500-bin-ton-celik-kullanilacak-300x132.png\" alt=\"\" width=\"300\" height=\"132\" srcset=\"https:\/\/www.enerjigazetesi.ist\/wp-content\/uploads\/2018\/04\/akkuyu-ngsde-500-bin-ton-celik-kullanilacak-300x132.png 300w, https:\/\/www.enerjigazetesi.ist\/wp-content\/uploads\/2018\/04\/akkuyu-ngsde-500-bin-ton-celik-kullanilacak-500x221.png 500w, https:\/\/www.enerjigazetesi.ist\/wp-content\/uploads\/2018\/04\/akkuyu-ngsde-500-bin-ton-celik-kullanilacak-80x35.png 80w, https:\/\/www.enerjigazetesi.ist\/wp-content\/uploads\/2018\/04\/akkuyu-ngsde-500-bin-ton-celik-kullanilacak.png 696w\" sizes=\"(max-width: 300px) 100vw, 300px\" \/>N\u00fckleer santral standart\u0131nda \u00e7elik \u00fcretmek i\u00e7in T\u00fcrk Standardlar\u0131 Enstit\u00fcs\u00fc (TSE) ile birlikte \u00e7al\u0131\u015facak olan sanayiciler, bu \u015fekilde ABD\u2019nin \u00e7elik ambargosunun etkisinden de kurtulmay\u0131 hedefliyor.<\/p>\n<p>Edinilen bilgiye g\u00f6re, \u00e7elik \u00fcreticilerinin bir s\u00fcre \u00f6nce Bilim, Sanayi ve Teknoloji Bakan\u0131 Faruk \u00d6zl\u00fc ile yapt\u0131klar\u0131 toplant\u0131da konu g\u00fcndeme geldi. T\u00fcrkiye\u2019de \u00fcretilen \u00e7eli\u011fin n\u00fckleer santral i\u00e7in gerekli standartlar\u0131 ta\u015f\u0131mad\u0131\u011f\u0131n\u0131n anla\u015f\u0131lmas\u0131 \u00fczerine \u00d6zl\u00fc, TSE\u2019yi g\u00f6revlendirdi.<\/p>","protected":false},"excerpt":{"rendered":"<p>Sorry, this entry is only available in Turkish. For the sake of viewer convenience, the content is shown below in the alternative language. You may click the link to switch the active language.Cumhurba\u015fkan\u0131 Tayyip Erdo\u011fan ve Rusya Devlet Ba\u015fkan\u0131 Vladimir Putin taraf\u0131ndan \u00f6nceki g\u00fcn temeli at\u0131lan Akkuyu N\u00fckleer Santrali i\u00e7in yerli \u00e7elik kullan\u0131lacak. N\u00fckleer santral [&hellip;]<\/p>\n","protected":false},"author":1,"featured_media":73066,"comment_status":"open","ping_status":"open","sticky":false,"template":"","format":"standard","meta":[],"categories":[53,43],"tags":[3019,23724,67,1009,21,23134,25480,7147,34930,4162],"views":775,"_links":{"self":[{"href":"https:\/\/www.enerjigazetesi.ist\/en\/wp-json\/wp\/v2\/posts\/73065"}],"collection":[{"href":"https:\/\/www.enerjigazetesi.ist\/en\/wp-json\/wp\/v2\/posts"}],"about":[{"href":"https:\/\/www.enerjigazetesi.ist\/en\/wp-json\/wp\/v2\/types\/post"}],"author":[{"embeddable":true,"href":"https:\/\/www.enerjigazetesi.ist\/en\/wp-json\/wp\/v2\/users\/1"}],"replies":[{"embeddable":true,"href":"https:\/\/www.enerjigazetesi.ist\/en\/wp-json\/wp\/v2\/comments?post=73065"}],"version-history":[{"count":1,"href":"https:\/\/www.enerjigazetesi.ist\/en\/wp-json\/wp\/v2\/posts\/73065\/revisions"}],"predecessor-version":[{"id":73067,"href":"https:\/\/www.enerjigazetesi.ist\/en\/wp-json\/wp\/v2\/posts\/73065\/revisions\/73067"}],"wp:featuredmedia":[{"embeddable":true,"href":"https:\/\/www.enerjigazetesi.ist\/en\/wp-json\/wp\/v2\/media\/73066"}],"wp:attachment":[{"href":"https:\/\/www.enerjigazetesi.ist\/en\/wp-json\/wp\/v2\/media?parent=73065"}],"wp:term":[{"taxonomy":"category","embeddable":true,"href":"https:\/\/www.enerjigazetesi.ist\/en\/wp-json\/wp\/v2\/categories?post=73065"},{"taxonomy":"post_tag","embeddable":true,"href":"https:\/\/www.enerjigazetesi.ist\/en\/wp-json\/wp\/v2\/tags?post=73065"}],"curies":[{"name":"wp","href":"https:\/\/api.w.org\/{rel}","templated":true}]}}