{"id":73031,"date":"2018-04-04T10:54:26","date_gmt":"2018-04-04T07:54:26","guid":{"rendered":"https:\/\/www.enerjigazetesi.ist\/?p=73031"},"modified":"2018-04-04T10:54:26","modified_gmt":"2018-04-04T07:54:26","slug":"palandoken-elektrik-zamlari-esnafi-ve-vatandasi-vuracak","status":"publish","type":"post","link":"https:\/\/www.enerjigazetesi.ist\/en\/palandoken-elektrik-zamlari-esnafi-ve-vatandasi-vuracak\/","title":{"rendered":"(Turkish) Paland\u00f6ken: \u201cElektrik Zamlar\u0131 Esnaf\u0131 ve Vatanda\u015f\u0131 Vuracak\u201d"},"content":{"rendered":"<p class=\"qtranxs-available-languages-message qtranxs-available-languages-message-en\">Sorry, this entry is only available in <a href=\"https:\/\/www.enerjigazetesi.ist\/tr\/wp-json\/wp\/v2\/posts\/73031\" class=\"qtranxs-available-language-link qtranxs-available-language-link-tr\" title=\"Turkish\">Turkish<\/a>. For the sake of viewer convenience, the content is shown below in the alternative language. You may click the link to switch the active language.<\/p><p><strong>T\u00fcrkiye Esnaf ve Sanatk\u00e2rlar Konfederasyonu (TESK) Genel Ba\u015fkan\u0131 Bendevi Paland\u00f6ken, hem esnaf\u0131, hem de vatanda\u015f\u0131 zorlayan faturalardaki kesintilere dikkati \u00e7ekerek,<span id=\"more-99145\"><\/span>\u00a0<\/strong><\/p>\n<p>\u201cElektrik faturalar\u0131nda enerji fonu, TRT pay\u0131, t\u00fcketim vergileri, KDV, da\u011f\u0131t\u0131m bedeli, yuvarlama fark\u0131 olmak \u00fczere t\u00fcketim bedeli hari\u00e7 6 ayr\u0131 kalemden, su faturalar\u0131nda at\u0131k su bedeli, \u015fube yolu bak\u0131m bedeli <img loading=\"lazy\" class=\"alignleft size-medium wp-image-51353\" src=\"https:\/\/www.enerjigazetesi.ist\/wp-content\/uploads\/2016\/03\/yorum-elektrik-faturaniz-hakkinda-bilmeniz-gerekenler-300x165.jpg\" alt=\"\" width=\"300\" height=\"165\" srcset=\"https:\/\/www.enerjigazetesi.ist\/wp-content\/uploads\/2016\/03\/yorum-elektrik-faturaniz-hakkinda-bilmeniz-gerekenler-300x165.jpg 300w, https:\/\/www.enerjigazetesi.ist\/wp-content\/uploads\/2016\/03\/yorum-elektrik-faturaniz-hakkinda-bilmeniz-gerekenler-500x276.jpg 500w, https:\/\/www.enerjigazetesi.ist\/wp-content\/uploads\/2016\/03\/yorum-elektrik-faturaniz-hakkinda-bilmeniz-gerekenler-80x44.jpg 80w, https:\/\/www.enerjigazetesi.ist\/wp-content\/uploads\/2016\/03\/yorum-elektrik-faturaniz-hakkinda-bilmeniz-gerekenler.jpg 696w\" sizes=\"(max-width: 300px) 100vw, 300px\" \/>yani da\u011f\u0131t\u0131m bedeli, KDV, \u00e7evre temizlik vergisi olmak \u00fczere t\u00fcketim hari\u00e7 4 ayr\u0131 kalemden ek \u00fccret yans\u0131t\u0131l\u0131yor. Bu yans\u0131t\u0131lan \u00fccretler elektrik faturas\u0131n\u0131n toplam y\u00fczde 49\u2019u, su faturas\u0131n\u0131n toplam y\u00fczde 59\u2019una tekab\u00fcl ediyor. Yani elektrik faturas\u0131nda t\u00fcketilen miktar, gelen faturan\u0131n yar\u0131s\u0131, suda ise yar\u0131dan da daha az miktar\u0131. \u00d6zellikle da\u011f\u0131t\u0131m bedeli ve saya\u00e7 okuma bedeli kald\u0131r\u0131lmal\u0131. Eskiden su faturalar\u0131 elektri\u011fin \u00fc\u00e7te biri kadar gelirdi, \u015fimdi su elektri\u011fi sollad\u0131\u201d ifadelerini kulland\u0131.<\/p>\n<p>\u0130ndirim beklerken zam yap\u0131lmas\u0131n\u0131n \u015fa\u015f\u0131rt\u0131c\u0131 oldu\u011funu dile getiren Paland\u00f6ken, \u201cElektri\u011fe Ocak\u2019ta y\u00fczde 8.08, Nisan\u2019da y\u00fczde 2.89 olmak \u00fczere ilk 3 ayda 2 kez zam yap\u0131lm\u0131\u015f oldu. Biz indirim beklerken bu zam \u015fa\u015f\u0131rtt\u0131. Elektrik zamlar\u0131 esnaf\u0131n \u0131\u015f\u0131\u011f\u0131n\u0131 s\u00f6nd\u00fcr\u00fcr.\u201d dedi.<\/p>","protected":false},"excerpt":{"rendered":"<p>Sorry, this entry is only available in Turkish. For the sake of viewer convenience, the content is shown below in the alternative language. You may click the link to switch the active language.T\u00fcrkiye Esnaf ve Sanatk\u00e2rlar Konfederasyonu (TESK) Genel Ba\u015fkan\u0131 Bendevi Paland\u00f6ken, hem esnaf\u0131, hem de vatanda\u015f\u0131 zorlayan faturalardaki kesintilere dikkati \u00e7ekerek,\u00a0 \u201cElektrik faturalar\u0131nda enerji [&hellip;]<\/p>\n","protected":false},"author":1,"featured_media":51353,"comment_status":"open","ping_status":"open","sticky":false,"template":"","format":"standard","meta":[],"categories":[51,53],"tags":[656,1229,657,67,1009,32014],"views":733,"_links":{"self":[{"href":"https:\/\/www.enerjigazetesi.ist\/en\/wp-json\/wp\/v2\/posts\/73031"}],"collection":[{"href":"https:\/\/www.enerjigazetesi.ist\/en\/wp-json\/wp\/v2\/posts"}],"about":[{"href":"https:\/\/www.enerjigazetesi.ist\/en\/wp-json\/wp\/v2\/types\/post"}],"author":[{"embeddable":true,"href":"https:\/\/www.enerjigazetesi.ist\/en\/wp-json\/wp\/v2\/users\/1"}],"replies":[{"embeddable":true,"href":"https:\/\/www.enerjigazetesi.ist\/en\/wp-json\/wp\/v2\/comments?post=73031"}],"version-history":[{"count":1,"href":"https:\/\/www.enerjigazetesi.ist\/en\/wp-json\/wp\/v2\/posts\/73031\/revisions"}],"predecessor-version":[{"id":73032,"href":"https:\/\/www.enerjigazetesi.ist\/en\/wp-json\/wp\/v2\/posts\/73031\/revisions\/73032"}],"wp:featuredmedia":[{"embeddable":true,"href":"https:\/\/www.enerjigazetesi.ist\/en\/wp-json\/wp\/v2\/media\/51353"}],"wp:attachment":[{"href":"https:\/\/www.enerjigazetesi.ist\/en\/wp-json\/wp\/v2\/media?parent=73031"}],"wp:term":[{"taxonomy":"category","embeddable":true,"href":"https:\/\/www.enerjigazetesi.ist\/en\/wp-json\/wp\/v2\/categories?post=73031"},{"taxonomy":"post_tag","embeddable":true,"href":"https:\/\/www.enerjigazetesi.ist\/en\/wp-json\/wp\/v2\/tags?post=73031"}],"curies":[{"name":"wp","href":"https:\/\/api.w.org\/{rel}","templated":true}]}}