{"id":73024,"date":"2018-04-04T09:50:27","date_gmt":"2018-04-04T06:50:27","guid":{"rendered":"https:\/\/www.enerjigazetesi.ist\/?p=73024"},"modified":"2018-04-04T09:50:27","modified_gmt":"2018-04-04T06:50:27","slug":"albayrak-nukleer-enerji-turkiyenin-60-yillik-ruyasi","status":"publish","type":"post","link":"https:\/\/www.enerjigazetesi.ist\/en\/albayrak-nukleer-enerji-turkiyenin-60-yillik-ruyasi\/","title":{"rendered":"(Turkish) Albayrak: \u201cN\u00fckleer Enerji T\u00fcrkiye\u2019nin 60 Y\u0131ll\u0131k R\u00fcyas\u0131\u201d"},"content":{"rendered":"<p class=\"qtranxs-available-languages-message qtranxs-available-languages-message-en\">Sorry, this entry is only available in <a href=\"https:\/\/www.enerjigazetesi.ist\/tr\/wp-json\/wp\/v2\/posts\/73024\" class=\"qtranxs-available-language-link qtranxs-available-language-link-tr\" title=\"Turkish\">Turkish<\/a>. For the sake of viewer convenience, the content is shown below in the alternative language. You may click the link to switch the active language.<\/p><p><strong>Bakan Albayrak taraf\u0131ndan Akkuyu N\u00fckleer Santrali\u2019nin sal\u0131 g\u00fcn\u00fc temelinin at\u0131lmas\u0131yla T\u00fcrkiye\u2019nin enerji alan\u0131nda \u00fcst lige \u00e7\u0131kaca\u011f\u0131 s\u00f6ylendi.<\/strong><\/p>\n<p><img loading=\"lazy\" class=\"alignleft size-medium wp-image-46864\" src=\"https:\/\/www.enerjigazetesi.ist\/wp-content\/uploads\/2015\/11\/akkuyu-ngs-238778923-696x385-300x165.jpg\" alt=\"\" width=\"300\" height=\"165\" srcset=\"https:\/\/www.enerjigazetesi.ist\/wp-content\/uploads\/2015\/11\/akkuyu-ngs-238778923-696x385-300x165.jpg 300w, https:\/\/www.enerjigazetesi.ist\/wp-content\/uploads\/2015\/11\/akkuyu-ngs-238778923-696x385-500x276.jpg 500w, https:\/\/www.enerjigazetesi.ist\/wp-content\/uploads\/2015\/11\/akkuyu-ngs-238778923-696x385-80x44.jpg 80w, https:\/\/www.enerjigazetesi.ist\/wp-content\/uploads\/2015\/11\/akkuyu-ngs-238778923-696x385.jpg 696w\" sizes=\"(max-width: 300px) 100vw, 300px\" \/>Albayrak, \u201c\u0130n\u015fallah say\u0131n Cumhurba\u015fkan\u0131m\u0131z ve Rusya Devlet Ba\u015fkan\u0131 say\u0131n Putin\u2019in de kat\u0131l\u0131m\u0131yla 60 y\u0131ll\u0131k n\u00fckleer r\u00fcyam\u0131z\u0131n en \u00f6nemli ad\u0131m\u0131n\u0131, sal\u0131 g\u00fcn\u00fc temelini atarak hayata ge\u00e7irece\u011fiz. \u015eimdi, d\u00fcnyada 450\u2019den fazla, in\u015faat halinde 55\u2019ten fazla n\u00fckleer santral mevcut.<\/p>\n<p>\u0130n\u015fallah T\u00fcrkiye bu temel atma t\u00f6reniyle \u2018B\u00fcy\u00fck ve G\u00fc\u00e7l\u00fc T\u00fcrkiye\u2019 hedefine ula\u015fmak i\u00e7in n\u00fckleer g\u00fcce sahip olarak, ba\u011f\u0131ms\u0131z, kesintisiz enerji, teknolojik anlamda kaynak \u00e7e\u015fitlili\u011fiyle birlikte ba\u015fka bir lige \u00e7\u0131kman\u0131n en \u00f6nemli ad\u0131mlar\u0131ndan birini atacak\u201d dedi.<\/p>","protected":false},"excerpt":{"rendered":"<p>Sorry, this entry is only available in Turkish. For the sake of viewer convenience, the content is shown below in the alternative language. You may click the link to switch the active language.Bakan Albayrak taraf\u0131ndan Akkuyu N\u00fckleer Santrali\u2019nin sal\u0131 g\u00fcn\u00fc temelinin at\u0131lmas\u0131yla T\u00fcrkiye\u2019nin enerji alan\u0131nda \u00fcst lige \u00e7\u0131kaca\u011f\u0131 s\u00f6ylendi. Albayrak, \u201c\u0130n\u015fallah say\u0131n Cumhurba\u015fkan\u0131m\u0131z ve Rusya [&hellip;]<\/p>\n","protected":false},"author":1,"featured_media":46864,"comment_status":"open","ping_status":"open","sticky":false,"template":"","format":"standard","meta":[],"categories":[53,43],"tags":[3019,63,67,1009,27251,21,23134,34930],"views":628,"_links":{"self":[{"href":"https:\/\/www.enerjigazetesi.ist\/en\/wp-json\/wp\/v2\/posts\/73024"}],"collection":[{"href":"https:\/\/www.enerjigazetesi.ist\/en\/wp-json\/wp\/v2\/posts"}],"about":[{"href":"https:\/\/www.enerjigazetesi.ist\/en\/wp-json\/wp\/v2\/types\/post"}],"author":[{"embeddable":true,"href":"https:\/\/www.enerjigazetesi.ist\/en\/wp-json\/wp\/v2\/users\/1"}],"replies":[{"embeddable":true,"href":"https:\/\/www.enerjigazetesi.ist\/en\/wp-json\/wp\/v2\/comments?post=73024"}],"version-history":[{"count":1,"href":"https:\/\/www.enerjigazetesi.ist\/en\/wp-json\/wp\/v2\/posts\/73024\/revisions"}],"predecessor-version":[{"id":73025,"href":"https:\/\/www.enerjigazetesi.ist\/en\/wp-json\/wp\/v2\/posts\/73024\/revisions\/73025"}],"wp:featuredmedia":[{"embeddable":true,"href":"https:\/\/www.enerjigazetesi.ist\/en\/wp-json\/wp\/v2\/media\/46864"}],"wp:attachment":[{"href":"https:\/\/www.enerjigazetesi.ist\/en\/wp-json\/wp\/v2\/media?parent=73024"}],"wp:term":[{"taxonomy":"category","embeddable":true,"href":"https:\/\/www.enerjigazetesi.ist\/en\/wp-json\/wp\/v2\/categories?post=73024"},{"taxonomy":"post_tag","embeddable":true,"href":"https:\/\/www.enerjigazetesi.ist\/en\/wp-json\/wp\/v2\/tags?post=73024"}],"curies":[{"name":"wp","href":"https:\/\/api.w.org\/{rel}","templated":true}]}}