{"id":7301,"date":"2013-02-25T15:58:40","date_gmt":"2013-02-25T12:58:40","guid":{"rendered":"https:\/\/www.enerjigazetesi.ist\/?p=7301"},"modified":"2013-02-25T15:58:40","modified_gmt":"2013-02-25T12:58:40","slug":"bakan-yildiz-mamak-kati-atik-alani-ve-enerji-uretimi-tesislerini-gezdi","status":"publish","type":"post","link":"https:\/\/www.enerjigazetesi.ist\/en\/bakan-yildiz-mamak-kati-atik-alani-ve-enerji-uretimi-tesislerini-gezdi\/","title":{"rendered":"(Turkish) Bakan Y\u0131ld\u0131z, Mamak Kat\u0131 At\u0131k Alan\u0131 Ve Enerji \u00dcretimi Tesisleri\u2019ni Gezdi"},"content":{"rendered":"<p class=\"qtranxs-available-languages-message qtranxs-available-languages-message-en\">Sorry, this entry is only available in <a href=\"https:\/\/www.enerjigazetesi.ist\/tr\/wp-json\/wp\/v2\/posts\/7301\" class=\"qtranxs-available-language-link qtranxs-available-language-link-tr\" title=\"Turkish\">Turkish<\/a>. For the sake of viewer convenience, the content is shown below in the alternative language. You may click the link to switch the active language.<\/p><p><strong>Enerji ve Tabii Kaynaklar Bakan\u0131 Taner Y\u0131ld\u0131z, T\u00fcrkiye&#8217;nin bir\u00e7ok enerji kayna\u011f\u0131 oldu\u011funu belirterek, &#8220;Hakk\u0131nda protesto yap\u0131lmayan tek enerji kayna\u011f\u0131 asl\u0131nda \u00e7\u00f6pten elektrik \u00fcretmeyle alakal\u0131 tesislerdir&#8221; dedi.<\/strong><\/p>\n<p>Enerji ve Tabii Kaynaklar Bakan\u0131 Taner Y\u0131ld\u0131z, ITC firmas\u0131 taraf\u0131ndan kurulan Mamak Kat\u0131 At\u0131k Alan\u0131 ve Enerji \u00dcretimi Tesisleri&#8217;ni gezerek, ITC Entegre Kat\u0131 At\u0131k Y\u00f6netimSistemleri Y\u00f6netim Kurulu Ba\u015fkan\u0131 Ali Kantur&#8217;dan bilgiler ald\u0131. Y\u0131ld\u0131z, burada yapt\u0131\u011f\u0131 konu\u015fmada, T\u00fcrkiye&#8217;nin n\u00fcfusunun artt\u0131\u011f\u0131n\u0131 ve ekonomisinin b\u00fcy\u00fcd\u00fc\u011f\u00fcn\u00fc belirterek, T\u00fcrkiye&#8217;de g\u00fcnl\u00fck 50 bin ton civar\u0131nda \u00e7\u00f6p \u00e7\u0131kt\u0131\u011f\u0131n\u0131 s\u00f6yledi. &#8220;\u00c7\u00f6p bir tehdittir&#8221; diyen Y\u0131ld\u0131z, bunlar\u0131n f\u0131rsata d\u00f6n\u00fc\u015ft\u00fcr\u00fclmesi gerekti\u011fini ifade etti.<\/p>\n<p><img loading=\"lazy\" class=\"alignright size-medium wp-image-7302\" title=\"mamak-kati-atik-tesisi-copten-elektrik-uretimi\" src=\"https:\/\/www.enerjigazetesi.ist\/wp-content\/uploads\/2013\/02\/mamak-kati-atik-tesisi-copten-elektrik-uretimi-300x187.jpg\" alt=\"\" width=\"300\" height=\"187\" srcset=\"https:\/\/www.enerjigazetesi.ist\/wp-content\/uploads\/2013\/02\/mamak-kati-atik-tesisi-copten-elektrik-uretimi-300x187.jpg 300w, https:\/\/www.enerjigazetesi.ist\/wp-content\/uploads\/2013\/02\/mamak-kati-atik-tesisi-copten-elektrik-uretimi-500x313.jpg 500w, https:\/\/www.enerjigazetesi.ist\/wp-content\/uploads\/2013\/02\/mamak-kati-atik-tesisi-copten-elektrik-uretimi-80x50.jpg 80w, https:\/\/www.enerjigazetesi.ist\/wp-content\/uploads\/2013\/02\/mamak-kati-atik-tesisi-copten-elektrik-uretimi.jpg 514w\" sizes=\"(max-width: 300px) 100vw, 300px\" \/>Mamak Kat\u0131 At\u0131k Alan\u0131 ve Enerji \u00dcretim Tesisi&#8217;nin enerjinin \u00e7evreyle i\u00e7 i\u00e7e oldu\u011fu tesislerden bir tanesi oldu\u011funu s\u00f6yleyenY\u0131ld\u0131z, T\u00fcrkiye&#8217;nin d\u00f6rt bir yan\u0131na var\u0131ncaya kadar bu tesislerin kurulmas\u0131 gerekti\u011fine dikkat \u00e7ekti. T\u00fcrkiye&#8217;nin bir\u00e7ok enerji kayna\u011f\u0131 oldu\u011funu belirten Y\u0131ld\u0131z, &#8220;N\u00fckleer g\u00fc\u00e7 santralleri, hidroelektrik, k\u00f6m\u00fcr, do\u011falgaz santralleri gibi. Hakk\u0131nda protesto yap\u0131lmayan tek enerji kayna\u011f\u0131 asl\u0131nda \u00e7\u00f6pten elektrik \u00fcretmeyle alakal\u0131 tesislerdir. Bunu \u00e7ok \u00f6nemsiyoruz. \u015eu anda EPDK&#8217;dan 39 tane al\u0131nm\u0131\u015f lisans ve bununla alakal\u0131 kurulum sistemleri artacak&#8221; \u015feklinde konu\u015ftu.<\/p>\n<p>Y\u0131ld\u0131z, \u00e7\u00f6pten elektrik \u00fcretimiyle alakal\u0131 santrallerin devreye girmesiyle beraber 500 bine yak\u0131n evin elektrik ihtiyac\u0131n\u0131nda kar\u015f\u0131lanm\u0131\u015f olaca\u011f\u0131n\u0131 s\u00f6yledi. Gazetecilerin \u00e7\u00f6p kokusundan rahats\u0131z oldu\u011funu ve etraftaki s\u0131\u011f\u0131rc\u0131k ku\u015flar\u0131n\u0131 g\u00f6ren Y\u0131ld\u0131z, &#8220;Ben \u00e7ok rahats\u0131z olmad\u0131m, sonu\u00e7ta iyi bir \u015fey elde edilecek. Bu kadar \u00e7\u00f6p\u00fcn i\u00e7erisinde bu kadar ku\u015f sesinin olmas\u0131 her \u015feyin birdende i\u00e7inde oldu\u011funu g\u00f6steriyor. Burada iyi bir \u015fey elde edilecek ,ondan dolay\u0131 rahats\u0131z olmuyorum&#8221; dedi.<\/p>\n<p><strong>YILDIZ, SERALARDA \u00dcRET\u0130LEN DOMATESLER\u0130N TADINA BAKTI<\/strong><\/p>\n<p>BakanY\u0131ld\u0131z, \u00e7\u00f6pl\u00fckten elde edilen \u0131s\u0131n\u0131n de\u011ferlendirilerek organik tar\u0131m\u0131n yap\u0131ld\u0131\u011f\u0131 \u00e7ilek, domates ve orkide seralar\u0131n\u0131 gezerek, gazetecilere seralarda \u00fcretilen \u00fcr\u00fcnlerden verdi. Seralar hakk\u0131nda de\u011ferlendirmede bulunan Y\u0131ld\u0131z, &#8220;Is\u0131s\u0131ndan, plasti\u011finden, ka\u011f\u0131d\u0131ndan, enerjisinden, ta\u015f\u0131ndan, topra\u011f\u0131ndan her \u015feyinden faydalan\u0131yoruz. Sonu\u00e7ta tar\u0131ma ve her birimizin sofralar\u0131na gelebilecek temiz \u00fcr\u00fcnler haline gelebiliyor&#8221; dedi.<\/p>\n<p>Seralarda \u00fcretilen domateslerin tad\u0131na bakanY\u0131ld\u0131z, \u00e7\u00f6p kokusundan da rahats\u0131z olmad\u0131\u011f\u0131n\u0131 ve sonu\u00e7ta bunun bir de\u011fere d\u00f6n\u00fc\u015ft\u00fc\u011f\u00fcn\u00fc ifade etti.<\/p>\n<p>Kaynak: <a href=\"http:\/\/www.haberciniz.biz\/bakan-yildiz-mamak-kati-atik-alani-ve-enerji-uretimi-tesislerini-gezdi-1893931h.htm\" target=\"_blank\">Haberciniz<\/a><\/p>","protected":false},"excerpt":{"rendered":"<p>Sorry, this entry is only available in Turkish. For the sake of viewer convenience, the content is shown below in the alternative language. You may click the link to switch the active language.Enerji ve Tabii Kaynaklar Bakan\u0131 Taner Y\u0131ld\u0131z, T\u00fcrkiye&#8217;nin bir\u00e7ok enerji kayna\u011f\u0131 oldu\u011funu belirterek, &#8220;Hakk\u0131nda protesto yap\u0131lmayan tek enerji kayna\u011f\u0131 asl\u0131nda \u00e7\u00f6pten elektrik \u00fcretmeyle [&hellip;]<\/p>\n","protected":false},"author":1,"featured_media":7302,"comment_status":"open","ping_status":"open","sticky":false,"template":"","format":"standard","meta":[],"categories":[51,53],"tags":[710,2880,67,1714,18,2882,2881,667],"views":1316,"_links":{"self":[{"href":"https:\/\/www.enerjigazetesi.ist\/en\/wp-json\/wp\/v2\/posts\/7301"}],"collection":[{"href":"https:\/\/www.enerjigazetesi.ist\/en\/wp-json\/wp\/v2\/posts"}],"about":[{"href":"https:\/\/www.enerjigazetesi.ist\/en\/wp-json\/wp\/v2\/types\/post"}],"author":[{"embeddable":true,"href":"https:\/\/www.enerjigazetesi.ist\/en\/wp-json\/wp\/v2\/users\/1"}],"replies":[{"embeddable":true,"href":"https:\/\/www.enerjigazetesi.ist\/en\/wp-json\/wp\/v2\/comments?post=7301"}],"version-history":[{"count":2,"href":"https:\/\/www.enerjigazetesi.ist\/en\/wp-json\/wp\/v2\/posts\/7301\/revisions"}],"predecessor-version":[{"id":7304,"href":"https:\/\/www.enerjigazetesi.ist\/en\/wp-json\/wp\/v2\/posts\/7301\/revisions\/7304"}],"wp:featuredmedia":[{"embeddable":true,"href":"https:\/\/www.enerjigazetesi.ist\/en\/wp-json\/wp\/v2\/media\/7302"}],"wp:attachment":[{"href":"https:\/\/www.enerjigazetesi.ist\/en\/wp-json\/wp\/v2\/media?parent=7301"}],"wp:term":[{"taxonomy":"category","embeddable":true,"href":"https:\/\/www.enerjigazetesi.ist\/en\/wp-json\/wp\/v2\/categories?post=7301"},{"taxonomy":"post_tag","embeddable":true,"href":"https:\/\/www.enerjigazetesi.ist\/en\/wp-json\/wp\/v2\/tags?post=7301"}],"curies":[{"name":"wp","href":"https:\/\/api.w.org\/{rel}","templated":true}]}}